{"id":101,"date":"2022-11-23T20:34:09","date_gmt":"2022-11-23T19:34:09","guid":{"rendered":"https:\/\/tynavesvedsku.wordpress.com\/?p=101"},"modified":"2022-12-05T18:54:54","modified_gmt":"2022-12-05T18:54:54","slug":"evropsky-parlament","status":"publish","type":"post","link":"https:\/\/tynavesvedsku.com\/index.php\/2022\/11\/23\/evropsky-parlament\/","title":{"rendered":"Evropsk\u00fd parlament I: Prvn\u00ed d\u00edl"},"content":{"rendered":"\n<p>Ka\u017ed\u00fd student hled\u00e1 b\u011bhem \u0161koly st\u00e1\u017e v&nbsp;oboru. Co kdy\u017e se ale po\u0161t\u011bst\u00ed dostat se na st\u00e1\u017e p\u0159\u00edmo do Evropsk\u00e9ho parlamentu? Sledujte, jak si Krist\u00fdna vede na jednom z&nbsp;Gener\u00e1ln\u00edch sekretari\u00e1t\u016f.<\/p>\n\n\n\n<!--more-->\n\n\n\n<p>Rozhodla&nbsp; jsem se, \u017ee se s&nbsp;v\u00e1mi pod\u011bl\u00edm o sv\u016fj pr\u00e1v\u011b se p\u00ed\u0161\u00edc\u00ed evropsk\u00fd p\u0159\u00edb\u011bh. Nevyzpytateln\u00fdm \u0159\u00edzen\u00edm osudu jsem m\u011bla to \u0161t\u011bst\u00ed a pro\u0161la jsem velik\u00fdm s\u00edtem uchaze\u010d\u016f o st\u00e1\u017e do Evropsk\u00e9ho parlamentu. To nejmen\u0161\u00ed, co mohu ud\u011blat, je pod\u011blit se o sv\u00e9 post\u0159ehy s&nbsp;ostatn\u00edmi. Proto\u017ee podobn\u00e9 st\u00e1\u017ee jsou velmi popul\u00e1rn\u00ed a jak n\u00e1m v&nbsp;Parlamentu st\u00e1le opakuj\u00ed: tato zku\u0161enost je pro absolventy jedine\u010dn\u00e1 a mnohdy otv\u00edr\u00e1 dve\u0159e s n\u011bkolika z\u00e1pady.<\/p>\n\n\n\n<p>Nejd\u0159\u00edve si ujasn\u011bme, na jak\u00e9 st\u00e1\u017ei vlastn\u011b jsem. Evropsk\u00e9 instituce toti\u017e nab\u00edz\u00ed spoustu st\u00e1\u017e\u00ed. Nejen v&nbsp;Bruselu. A nejen v&nbsp;Parlamentu. Na st\u00e1\u017e se tak\u00e9 m\u016f\u017eete p\u0159ihl\u00e1sit do V\u00fdboru region\u016f, do Evropsk\u00e9 komise, na St\u00e1l\u00e9 zastoupen\u00ed zem\u011b p\u0159i EU, do Eurojustu, Europolu\u2026 I v&nbsp;Parlamentu m\u016f\u017eete vykon\u00e1vat r\u016fzn\u00e9 druhy st\u00e1\u017e\u00ed, kter\u00e9 se li\u0161\u00ed n\u00e1pln\u00ed i postupem, jak se k&nbsp;nim d\u00e1 dostat \u2013 nab\u00edz\u00ed se st\u00e1\u017ee &nbsp;placen\u00e9, neplacen\u00e9, novin\u00e1\u0159sk\u00e9, p\u0159ekladatelsk\u00e9, poslaneck\u00e9, na Sekretari\u00e1tu. My budeme mluvit p\u0159ev\u00e1\u017en\u011b o Sekretari\u00e1tu, kter\u00fdch je v&nbsp;Europarlamentu cel\u00e1 \u0159ada. Vzhledem k&nbsp;z\u00e1vazku ml\u010denlivosti budou v\u0161ak n\u011bkter\u00e9 aspekty a detaily st\u00e1\u017ee taktn\u011b zaml\u010deny.<\/p>\n\n\n\n<p><strong>P\u0159ehled <em>n\u011bkter\u00fdch<\/em> euroinstituc\u00ed, kter\u00e9 nab\u00edzej\u00ed st\u00e1\u017ee:<\/strong><\/p>\n\n\n\n<ul class=\"wp-block-list\">\n<li><a href=\"http:\/\/www.europarl.europa.eu\/atyourservice\/en\/20150201PVL00047\/Traineeships\" target=\"_blank\" rel=\"noreferrer noopener\">Evropsk\u00fd parlament<\/a><\/li>\n\n\n\n<li><a href=\"http:\/\/ec.europa.eu\/stages\/\" target=\"_blank\" rel=\"noreferrer noopener\">Evropsk\u00e1 komise<\/a><\/li>\n\n\n\n<li><a href=\"http:\/\/cor.europa.eu\/en\/about\/traineeships\/Pages\/cor-traineeship.aspx\" target=\"_blank\" rel=\"noreferrer noopener\">V\u00fdbor region\u016f<\/a><\/li>\n\n\n\n<li><a href=\"http:\/\/www.eesc.europa.eu\/?i=portal.en.traineeships\" target=\"_blank\" rel=\"noreferrer noopener\">Hospod\u00e1\u0159sk\u00fd a soci\u00e1ln\u00ed v\u00fdbor<\/a><\/li>\n\n\n\n<li><a href=\"http:\/\/europa.eu\/about-eu\/working-eu-institutions\/traineeships\/index_en.htm\" target=\"_blank\" rel=\"noreferrer noopener\">dal\u0161\u00ed<\/a><\/li>\n<\/ul>\n\n\n\n<p>Prvn\u00ed v\u00fdzvou, kter\u00e9 mnoho z\u00e1jemc\u016f o st\u00e1\u017e \u010del\u00ed, je p\u0159ihl\u00e1\u0161ka samotn\u00e1. M\u00edt trp\u011blivost s&nbsp;vypln\u011bn\u00edm p\u0159ihl\u00e1\u0161ky je kruci\u00e1ln\u00ed. Jak se lze na st\u00e1\u017e p\u0159ihl\u00e1sit? Obecn\u011b se ke st\u00e1\u017e\u00edm p\u0159ihla\u0161uje n\u011bkolikr\u00e1t ro\u010dn\u011b v&nbsp;pravideln\u00fdch term\u00ednech. Deadline za v\u00e1s pohl\u00edd\u00e1 t\u0159eba <a href=\"https:\/\/eurodesk.eu\/programmes\/search\" target=\"_blank\" rel=\"noreferrer noopener\">Eurodesk deadline reminder<\/a>.<\/p>\n\n\n\n<p>Pro proces vypl\u0148ov\u00e1n\u00ed si p\u0159ipravte velmi siln\u00e9 nervy a dokumenty typu ob\u010dansk\u00fd pr\u016fkaz nebo vysoko\u0161kolsk\u00fd diplom. Pohodln\u011b se usa\u010fte a ud\u011blejte si minim\u00e1ln\u011b na hodinu volno. B\u011bhem procesu se toti\u017e vypl\u0148uje spousta odd\u00edl\u016f o v\u0161ech va\u0161ich nav\u0161t\u011bvovan\u00fdch \u0161kol\u00e1ch, aktivit\u00e1ch, \u00fasp\u011b\u0161\u00edch, jazykov\u00fdch schopnostech, motivaci\u2026 Podle toho, do jak\u00e9 instituce se hl\u00e1s\u00edte, je p\u0159ihla\u0161ovac\u00ed proces modifikovan\u00fd. Motiva\u010dn\u00ed dopis v\u0161ak \u010dekejte v\u017edy, proto je dobr\u00e9 se p\u0159ipravit p\u0159edem. N\u011bkdy m\u00e1te na vypln\u011bn\u00ed formul\u00e1\u0159e jen omezen\u00fd \u010das a ten kdy\u017e vypr\u0161\u00ed, mus\u00edte za\u010d\u00edt cel\u00fd proces znovu.<\/p>\n\n\n\n<p>Cel\u00e1 va\u0161e budouc\u00ed kari\u00e9ra st\u00e1\u017eisty z\u00e1vis\u00ed jen na t\u00e9to p\u0159ihl\u00e1\u0161ce. Hl\u00e1s\u00ed se v\u0161ak tis\u00edce uchaze\u010d\u016f. Jak ud\u011blat zrovna va\u0161i p\u0159ihl\u00e1\u0161ku atraktivn\u00ed? Toto se diskutuje na v\u0161ech internetov\u00fdch f\u00f3rech. Pr\u016fm\u011brn\u00fd st\u00e1\u017eista pr\u00fd ve 26 letech um\u00ed 4 jazyky a m\u00e1 dva vysoko\u0161kolsk\u00e9 diplomy. Podle ofici\u00e1ln\u00edch str\u00e1nek je po\u010det z\u00e1jemc\u016f do v\u0161ech instituc\u00ed okolo 25&nbsp;000 a vybran\u00fdch jich b\u00fdv\u00e1 pouze 600. Mezi odm\u00edtnut\u00fdmi je spousta velice chytr\u00fdch a kvalifikovan\u00fdch lid\u00ed. Jak jsou lid\u00e9 vyb\u00edr\u00e1ni, to nikdo nev\u00ed. N\u011bkte\u0159\u00ed tvrd\u00ed, \u017ee je proces netransparentn\u00ed, jin\u00ed, \u017ee hraje roli n\u00e1hoda. Ne. Ur\u010dit\u00fd d\u00edl neovlivnitelnosti je p\u0159esto v\u0161ak p\u0159\u00edtomen \u2013 roli hraje ur\u010dit\u011b spousta faktor\u016f, kter\u00e9 nejsou na v\u00e1s: jac\u00ed jsou lid\u00e9, kte\u0159\u00ed v\u00e1s vyb\u00edraj\u00ed a jak se zrovna vy hod\u00edte k&nbsp;\u00fakol\u016fm, kter\u00fdmi je t\u0159eba se zab\u00fdvat.<\/p>\n\n\n<div class=\"wp-block-image\">\n<figure class=\"aligncenter\"><a href=\"http:\/\/www.mladiinfo.cz\/wp-content\/uploads\/2016\/03\/12806198_1183806758299114_4836191122748796012_n1.jpg\"><img decoding=\"async\" src=\"http:\/\/www.mladiinfo.cz\/wp-content\/uploads\/2016\/03\/12806198_1183806758299114_4836191122748796012_n1-300x199.jpg\" alt=\"M\u00fdch 172 bruselsk\u00fdch koleg\u016f z Parlamentu a p\u00e1r des\u00edtek \u010di stovek z ostatn\u00edch instituc\u00ed.\" class=\"wp-image-13908\"\/><\/a><figcaption class=\"wp-element-caption\"><em>M\u00fdch 172 bruselsk\u00fdch koleg\u016f z Parlamentu a p\u00e1r des\u00edtek \u010di stovek z ostatn\u00edch instituc\u00ed.<\/em><\/figcaption><\/figure>\n<\/div>\n\n\n<p>Podle m\u00e9ho m\u00edn\u011bn\u00ed nen\u00ed na \u0161kodu, jestli\u017ee se v\u00e1m poda\u0159\u00ed v&nbsp;p\u0159ihl\u00e1\u0161ce prodat v\u0161echny sv\u00e9 dosavadn\u00ed dovednosti z\u00edskan\u00e9 a\u0165 z&nbsp;form\u00e1ln\u00edch \u010di neform\u00e1ln\u00edch aktivit. Ur\u010dit\u011b je dobr\u00e9 uv\u00e9st i zku\u0161enosti z\u00edskan\u00e9 b\u011bhem r\u016fzn\u00fdch st\u00e1\u017e\u00ed, dobrovolnick\u00fdch projekt\u016f, \u010dlenstv\u00ed v&nbsp;organizac\u00edch\u2026 Neu\u0161kod\u00ed d\u00e1vka zdrav\u00e9ho sebev\u011bdom\u00ed a co je d\u016fle\u017eit\u00e9 \u2013 vyjevte va\u0161e evropanstv\u00ed. Posoud\u00edm\u2013li profily ostatn\u00edch \u00fasp\u011b\u0161n\u00fdch uchaze\u010d\u016f, tak krom\u011b toho, \u017ee jsou to mlad\u00ed a neuv\u011b\u0159iteln\u011b chyt\u0159\u00ed lid\u00e9, maj\u00ed jedno spole\u010dn\u00e9: ko\u0148skou d\u00e1vku z\u00e1jmu o d\u011bn\u00ed v&nbsp;Evropsk\u00e9 unii &nbsp;ve studijn\u00edm i osobn\u00edm \u017eivot\u011b.<\/p>\n\n\n\n<p><strong>Souhrnn\u00e9 tipy, kter\u00e9 v\u00e1m ur\u010dit\u011b pomohou:<\/strong><\/p>\n\n\n\n<ul class=\"wp-block-list\">\n<li>pravdiv\u00e9 uveden\u00ed ve\u0161ker\u00fdch skute\u010dnost\u00ed, zejm\u00e9na jazykov\u00fdch schopnost\u00ed, kter\u00e9 mohou b\u00fdt prov\u011b\u0159eny Skype pohovorem jakou sou\u010d\u00e1sti v\u00fdb\u011brov\u00e9ho \u0159\u00edzen\u00ed<\/li>\n\n\n\n<li>uveden\u00ed v\u0161ech zku\u0161enost\u00ed, kter\u00e9 \u010dlov\u011bk m\u00e1 \u2013 od st\u00e1\u017eisty se neo\u010dek\u00e1v\u00e1 oslniv\u00e1 kari\u00e9ra, ale sp\u00ed\u0161e zku\u0161enosti jako p\u0159ede\u0161l\u00e9 st\u00e1\u017ee, \u010dlenstv\u00ed v&nbsp;z\u00e1jmov\u00fdch, studentsk\u00fdch organizac\u00edch atd.<\/li>\n\n\n\n<li>co nejp\u0159esn\u011bj\u0161\u00ed vymezen\u00ed p\u0159edstav o budoucnosti, oblast profesn\u00edho z\u00e1jmu a oblasti, ve kter\u00fdch se chcete v&nbsp;budoucnu pohybovat<\/li>\n\n\n\n<li>v\u00e1\u0161e\u0148 a zap\u00e1len\u00ed do va\u0161eho oboru<\/li>\n\n\n\n<li>pe\u010dliv\u00fd v\u00fdb\u011br a se\u0159azen\u00ed n\u011bkolika&nbsp;<a href=\"http:\/\/www.europarl.europa.eu\/the-secretary-general\/en\/organisation.html\" target=\"_blank\" rel=\"noreferrer noopener\">Sekretari\u00e1t\u016f<\/a>, ve kter\u00fdch si p\u0159ejete b\u00fdt um\u00edst\u011bni (p\u0159ihl\u00e1\u0161ky se p\u0159epos\u00edlaj\u00ed pr\u00e1v\u011b na konkr\u00e9tn\u00ed direktor\u00e1ty, kter\u00e9 je hodnot\u00ed samostatn\u011b). Ka\u017ed\u00e9 &#8222;DG&#8220; ( Sekretari\u00e1t) je jinak velik\u00fd, d\u016fle\u017eit\u00fd a st\u00e1\u017eisty obl\u00edben\u00fd, tud\u00ed\u017e dost\u00e1v\u00e1 jin\u00e9 mno\u017estv\u00ed p\u0159ihl\u00e1\u0161ek<\/li>\n<\/ul>\n\n\n\n<p>Mluv\u00edme\u2013li o Evropsk\u00e9m parlamentu, po vypln\u011bn\u00ed p\u0159ihl\u00e1\u0161ky v\u00e1m p\u0159ijde e-mail a do n\u011bkolika m\u011bs\u00edc\u016f m\u016f\u017eete \u010dekat rozhodnut\u00ed. Z\u00e1vod pro v\u00e1s kon\u010d\u00ed ve chv\u00edli, kdy dostanete e-mail, \u017ee jste nebyli p\u0159edvybr\u00e1n\u00ed (&#8222;shortlisted&#8220;). V&nbsp;t\u00e9 chv\u00edli v\u00e1m nezb\u00fdv\u00e1 nic jin\u00e9ho ne\u017e <strong>zkusit p\u0159ihl\u00e1\u0161ku znovu<\/strong>. Lep\u0161\u00ed zpr\u00e1vou, a\u010d ve valn\u00e9 v\u011bt\u0161in\u011b p\u0159\u00edpadnou takt\u00e9\u017e kone\u010dnou, je rezervn\u00ed list. Ji\u017e jednou jsem se ocitla v&nbsp;rezervn\u00edm list\u011b, nicm\u00e9n\u011b na tyto jedince dojde a\u017e ve chv\u00edli, kdy odm\u00edtnou vybran\u00ed uchaze\u010d, tud\u00ed\u017e v\u011bc je dost nejist\u00e1\u2026<\/p>\n\n\n\n<p>Nejlep\u0161\u00ed zpr\u00e1vou, kterou m\u016f\u017eete obdr\u017eet je, <strong>\u017ee jste byli pre-selected<\/strong>. Ve v\u011bt\u0161in\u011b p\u0159\u00edpad\u016f to znamen\u00e1, \u017ee je vyhr\u00e1no. Pot\u00e9, co v\u00e1m p\u0159ijde tento radostn\u00fd e-mail, jste vyzv\u00e1n\u00ed, abyste odeslali podepsanou p\u0159ihl\u00e1\u0161ku, identifika\u010dn\u00ed doklad a vysoko\u0161kolsk\u00fd diplom. Je mo\u017en\u00e9, \u017ee v&nbsp;n\u011bkter\u00fdch p\u0159\u00edpadech budete vyzv\u00e1ni o dal\u0161\u00ed dopl\u0148uj\u00edc\u00ed informace jako je potvrzen\u00ed \u00farovn\u011b jazyka, absolvov\u00e1n\u00ed Skype pohovoru.<\/p>\n\n\n\n<p>Kr\u00e1tce odbo\u010d\u00edm k&nbsp;Evropsk\u00e9 komisi. Zde je syst\u00e9m pro v\u00fdb\u011br st\u00e1\u017eist\u016f rozd\u00edln\u00fd. Nejprve se mus\u00edte dostat do &#8222;bluebook&#8220;. V&nbsp;t\u00e9to chv\u00edli jste tak\u00e9 p\u0159edvybr\u00e1ni, nicm\u00e9n\u011b na va\u0161e m\u00edsto p\u0159ipad\u00e1 je\u0161t\u011b n\u011bkolik jin\u00fdch st\u00e1\u017eist\u016f. Vr\u00e1t\u00edm\u2013li se zp\u00e1tky k&nbsp;EP, ve chv\u00edli, kdy ode\u0161lete dokumenty, m\u016f\u017eete zhruba do dvou t\u00fddn\u016f \u010dekat, zda byly v&nbsp;Bruselu pap\u00edry uzn\u00e1ny za uspokojuj\u00edc\u00ed. V&nbsp;t\u00e9 chv\u00edli obdr\u017e\u00edte e-mail, \u017ee va\u0161e slo\u017eka je kompletn\u00ed a vy\u010dk\u00e1te dal\u0161\u00edch n\u011bkolik t\u00fddn\u016f na Admission letter. Mezi t\u011bmito momenty doch\u00e1z\u00ed asi k&nbsp;nejv\u011bt\u0161\u00edmu nap\u011bt\u00ed. Admission letter toti\u017e doraz\u00ed tak 2-3 t\u00fddny po tom, co v\u00e1m nap\u00ed\u0161ou, \u017ee je va\u0161e slo\u017eka kompletn\u00ed. <strong>Dopis doraz\u00ed.<\/strong> V&nbsp;t\u00e9 chv\u00edli dr\u017e\u00edte prvn\u00ed <strong>ofici\u00e1ln\u011bj\u0161\u00ed doklad toho, \u017ee opravdu jedete.<\/strong><\/p>\n\n\n\n<p>V&nbsp;moment\u011b p\u0159ijet\u00ed za\u010d\u00ednaj\u00ed trable s&nbsp;hled\u00e1n\u00edm vhodn\u00e9ho bydlen\u00ed. Evropsk\u00fd parlament v\u00e1s pojist\u00ed a proplat\u00ed v\u00e1m dokonce i cestu do Bruselu, ale ubytov\u00e1n\u00ed si mus\u00edte naj\u00edt sami. Hled\u00e1n\u00ed ubytov\u00e1n\u00ed se m\u016f\u017ee zd\u00e1t jako o\u0159\u00ed\u0161ek, ale je dobr\u00e9 se \u0159\u00eddit p\u00e1r tipy a brzy se po\u0161t\u011bst\u00ed:<\/p>\n\n\n\n<ol class=\"wp-block-list\">\n<li>Jako prvn\u00ed by m\u011bly va\u0161e kroky v\u00e9st na server <a href=\"https:\/\/www.google.be\/url?sa=t&amp;rct=j&amp;q=&amp;esrc=s&amp;source=web&amp;cd=1&amp;cad=rja&amp;uact=8&amp;ved=0ahUKEwjs9q7bi7fLAhUCIJoKHaaxBLYQFggcMAA&amp;url=http%3A%2F%2Fwww.ceslobe.org%2F&amp;usg=AFQjCNEUydxCpdWeVo5X5Y_w77hyyYsgRg\" target=\"_blank\" rel=\"noreferrer noopener\">ceslobe.org<\/a>.&nbsp;Jde o sty\u010dn\u00fd bod \u010cech\u016f a Slov\u00e1k\u016f v&nbsp;Belgii a m\u016f\u017eete zde naj\u00edt spoustu inzer\u00e1t\u016f. Velice \u010dasto pronaj\u00edmaj\u00ed pokoje st\u00e1\u017eist\u016fm \u010desk\u00e9 rodinky.<\/li>\n\n\n\n<li>A\u010d je l\u00e1kav\u00e9 bydlet s&nbsp;ostatn\u00edmi st\u00e1\u017eisty, vytvo\u0159it tzv. &#8222;coloc&#8220; je t\u011b\u017e\u0161\u00ed, ne\u017e se k&nbsp;n\u011bjak\u00e9mu p\u0159ipojit. Bydlen\u00ed se st\u00e1\u017eisty nab\u00eddne n\u011bkter\u00e9 z&nbsp;ubytovac\u00edch za\u0159\u00edzen\u00ed pro studenty ve stylu koleje.<\/li>\n\n\n\n<li>D\u016fkladn\u011b se p\u0159eptejte, v&nbsp;jak\u00e9 \u010dtvrti v\u00e1m ostatn\u00ed doporu\u010duj\u00ed bydlen\u00ed. Ne v\u0161echny \u010d\u00e1sti Bruselu jsou malebn\u00e9 a bezpe\u010dn\u00e9.<\/li>\n\n\n\n<li>Doprava je celkem drah\u00e1 v&nbsp;Bruselu \u2013 bydlen\u00ed pobl\u00ed\u017e se hod\u00ed. V\u011bt\u0161ina st\u00e1\u017eist\u016f bydl\u00ed v&nbsp;European Quartier okolo instituc\u00ed EU, nebo v&nbsp;Ixelles, dobr\u00e9 \u010dtvrti, z&nbsp;kter\u00e9\u017eto n\u011bkdy m\u016f\u017eete chodit do pr\u00e1ce i p\u011b\u0161ky<\/li>\n\n\n\n<li>Nepla\u0165te zbyte\u010dn\u011b moc! Bydlen\u00ed lze sehnat ji\u017e od 300 Euro m\u011bs\u00ed\u010dn\u011b a nen\u00ed t\u0159eba platit v\u00edce ne\u017e 550-600 Euro.<\/li>\n\n\n\n<li>Najd\u011bte si na FB skupiny t\u00fdkaj\u00edc\u00ed se bydlen\u00ed v Bruselu.<\/li>\n\n\n\n<li>Nechte se inspirovat weby, na kter\u00e9 dostanete doporu\u010den\u00ed spolu s admission letter.<\/li>\n\n\n\n<li>Kdy\u017e bydlen\u00ed nenajdete, po\u0159\u00e1d m\u016f\u017eete z\u016fstat v hostelu prvn\u00ed dny a hledat na m\u00edst\u011b, nebo p\u0159ijmout nab\u00edzenou pomoc od pracovn\u00edk\u016f helpdesku pro st\u00e1\u017eisty.<\/li>\n<\/ol>\n\n\n\n<p>V&nbsp;dob\u011b, ne\u017e opravdu odjedete, u\u017e moc dal\u0161\u00edch informac\u00ed nedostane, ale jedn\u00e1 se o individu\u00e1ln\u00ed z\u00e1le\u017eitost \u2013 m\u00edra komunikace z\u00e1le\u017e\u00ed na va\u0161em supervizorovi. M\u016f\u017eete do kancel\u00e1\u0159e poslat e-mail a p\u0159eptat se, zda je t\u0159eba si n\u011bjak\u00e1 t\u00e9mata nastudovat p\u0159edem a co vlastn\u011b budete d\u011blat. \u010cek\u00e1 v\u00e1s st\u00e1le dokola kontrolovat, zda opravdu cht\u011bj\u00ed tak m\u00e1lo k&nbsp;vypln\u011bn\u00ed a zda jste na nic nezapomn\u011bli. Nezapomn\u011bli \u2013 opravdu s&nbsp;sebou sta\u010d\u00ed p\u0159iv\u00e9st to, o co v\u00e1s ve stru\u010dn\u00fdch e-mailech \u017e\u00e1daj\u00ed a smlouva o st\u00e1\u017ei je podepisov\u00e1na a\u017e na m\u00edst\u011b. P\u0159ed odjezdem se m\u016f\u017eete pod\u00edvat na Facebook, v\u011bt\u0161inou n\u011bkoho napadne zalo\u017eit skupinu pro st\u00e1\u017eisty. Co\u017e m\u016f\u017ee b\u00fdt celkem v\u00fdhodn\u00e9, pokud se chcete sezn\u00e1mit s&nbsp;nov\u00fdmi lidmi je\u0161t\u011b ne\u017e odjedete, nebo zjistit, kdo s&nbsp;v\u00e1mi bude pracovat.<\/p>\n\n\n\n<p>Autorka se pr\u00e1v\u011b nach\u00e1z\u00ed v&nbsp;prvn\u00edch dnech sv\u00e9ho p\u016fsoben\u00ed v&nbsp;Bruselu. Jak\u00e9 jsou jej\u00ed dojmy z&nbsp;m\u011bsta a z&nbsp;toho, jak to na Rue Wiertz funguje? Sledujte seri\u00e1l o Evropsk\u00e9m parlamentu \u2013 novinky ze \u017eivota st\u00e1\u017eist\u016f se dozv\u00edte &nbsp;v&nbsp;jeho p\u0159\u00ed\u0161t\u00edm d\u00edle!<\/p>\n\n\n\n<p><\/p>\n","protected":false},"excerpt":{"rendered":"<p>Ka\u017ed\u00fd student hled\u00e1 b\u011bhem \u0161koly st\u00e1\u017e v&nbsp;oboru. Co kdy\u017e se ale po\u0161t\u011bst\u00ed dostat se na [&hellip;]<\/p>\n","protected":false},"author":1,"featured_media":165,"comment_status":"open","ping_status":"open","sticky":false,"template":"","format":"standard","meta":{"_monsterinsights_skip_tracking":false,"_monsterinsights_sitenote_active":false,"_monsterinsights_sitenote_note":"","_monsterinsights_sitenote_category":0,"_jetpack_memberships_contains_paid_content":false,"footnotes":"","jetpack_publicize_message":"","jetpack_publicize_feature_enabled":true,"jetpack_social_post_already_shared":true,"jetpack_social_options":{"image_generator_settings":{"template":"highway","default_image_id":0,"font":"","enabled":false},"version":2}},"categories":[4,16],"tags":[19,15],"class_list":["post-101","post","type-post","status-publish","format-standard","has-post-thumbnail","hentry","category-co-bylo-predtim","category-kariera","tag-evropsky-parlament","tag-kariera"],"yoast_head":"<!-- This site is optimized with the Yoast SEO plugin v27.5 - https:\/\/yoast.com\/product\/yoast-seo-wordpress\/ -->\n<title>Evropsk\u00fd parlament I: Prvn\u00ed d\u00edl - M\u016fj \u017eivot ve \u0160v\u00e9dsku<\/title>\n<meta name=\"robots\" content=\"index, follow, max-snippet:-1, max-image-preview:large, max-video-preview:-1\" \/>\n<link rel=\"canonical\" href=\"https:\/\/tynavesvedsku.com\/index.php\/2022\/11\/23\/evropsky-parlament\/\" \/>\n<meta property=\"og:locale\" content=\"cs_CZ\" \/>\n<meta property=\"og:type\" content=\"article\" \/>\n<meta property=\"og:title\" content=\"Evropsk\u00fd parlament I: Prvn\u00ed d\u00edl - M\u016fj \u017eivot ve \u0160v\u00e9dsku\" \/>\n<meta property=\"og:description\" content=\"Ka\u017ed\u00fd student hled\u00e1 b\u011bhem \u0161koly st\u00e1\u017e v&nbsp;oboru. Co kdy\u017e se ale po\u0161t\u011bst\u00ed dostat se na [&hellip;]\" \/>\n<meta property=\"og:url\" content=\"https:\/\/tynavesvedsku.com\/index.php\/2022\/11\/23\/evropsky-parlament\/\" \/>\n<meta property=\"og:site_name\" content=\"M\u016fj \u017eivot ve \u0160v\u00e9dsku\" \/>\n<meta property=\"article:published_time\" content=\"2022-11-23T19:34:09+00:00\" \/>\n<meta property=\"article:modified_time\" content=\"2022-12-05T18:54:54+00:00\" \/>\n<meta property=\"og:image\" content=\"https:\/\/tynavesvedsku.com\/wp-content\/uploads\/2022\/11\/2020-09-16-2.jpg\" \/>\n\t<meta property=\"og:image:width\" content=\"2048\" \/>\n\t<meta property=\"og:image:height\" content=\"1536\" \/>\n\t<meta property=\"og:image:type\" content=\"image\/jpeg\" \/>\n<meta name=\"author\" content=\"tyna\" \/>\n<meta name=\"twitter:card\" content=\"summary_large_image\" \/>\n<meta name=\"twitter:label1\" content=\"Napsal(a)\" \/>\n\t<meta name=\"twitter:data1\" content=\"tyna\" \/>\n\t<meta name=\"twitter:label2\" content=\"Odhadovan\u00e1 doba \u010dten\u00ed\" \/>\n\t<meta name=\"twitter:data2\" content=\"6 minut\" \/>\n<script type=\"application\/ld+json\" class=\"yoast-schema-graph\">{\"@context\":\"https:\\\/\\\/schema.org\",\"@graph\":[{\"@type\":\"Article\",\"@id\":\"https:\\\/\\\/tynavesvedsku.com\\\/index.php\\\/2022\\\/11\\\/23\\\/evropsky-parlament\\\/#article\",\"isPartOf\":{\"@id\":\"https:\\\/\\\/tynavesvedsku.com\\\/index.php\\\/2022\\\/11\\\/23\\\/evropsky-parlament\\\/\"},\"author\":{\"name\":\"tyna\",\"@id\":\"https:\\\/\\\/tynavesvedsku.com\\\/#\\\/schema\\\/person\\\/911bb2cdceaf0b9d4c7d56be12f730ec\"},\"headline\":\"Evropsk\u00fd parlament I: Prvn\u00ed d\u00edl\",\"datePublished\":\"2022-11-23T19:34:09+00:00\",\"dateModified\":\"2022-12-05T18:54:54+00:00\",\"mainEntityOfPage\":{\"@id\":\"https:\\\/\\\/tynavesvedsku.com\\\/index.php\\\/2022\\\/11\\\/23\\\/evropsky-parlament\\\/\"},\"wordCount\":1901,\"commentCount\":0,\"image\":{\"@id\":\"https:\\\/\\\/tynavesvedsku.com\\\/index.php\\\/2022\\\/11\\\/23\\\/evropsky-parlament\\\/#primaryimage\"},\"thumbnailUrl\":\"https:\\\/\\\/tynavesvedsku.com\\\/wp-content\\\/uploads\\\/2022\\\/11\\\/2020-09-16-2.jpg\",\"keywords\":[\"Evropsk\u00fd parlament\",\"Kari\u00e9ra\"],\"articleSection\":[\"Co bylo p\u0159edt\u00edm\",\"Pr\u00e1ce\"],\"inLanguage\":\"cs\",\"potentialAction\":[{\"@type\":\"CommentAction\",\"name\":\"Comment\",\"target\":[\"https:\\\/\\\/tynavesvedsku.com\\\/index.php\\\/2022\\\/11\\\/23\\\/evropsky-parlament\\\/#respond\"]}]},{\"@type\":\"WebPage\",\"@id\":\"https:\\\/\\\/tynavesvedsku.com\\\/index.php\\\/2022\\\/11\\\/23\\\/evropsky-parlament\\\/\",\"url\":\"https:\\\/\\\/tynavesvedsku.com\\\/index.php\\\/2022\\\/11\\\/23\\\/evropsky-parlament\\\/\",\"name\":\"Evropsk\u00fd parlament I: Prvn\u00ed d\u00edl - M\u016fj \u017eivot ve \u0160v\u00e9dsku\",\"isPartOf\":{\"@id\":\"https:\\\/\\\/tynavesvedsku.com\\\/#website\"},\"primaryImageOfPage\":{\"@id\":\"https:\\\/\\\/tynavesvedsku.com\\\/index.php\\\/2022\\\/11\\\/23\\\/evropsky-parlament\\\/#primaryimage\"},\"image\":{\"@id\":\"https:\\\/\\\/tynavesvedsku.com\\\/index.php\\\/2022\\\/11\\\/23\\\/evropsky-parlament\\\/#primaryimage\"},\"thumbnailUrl\":\"https:\\\/\\\/tynavesvedsku.com\\\/wp-content\\\/uploads\\\/2022\\\/11\\\/2020-09-16-2.jpg\",\"datePublished\":\"2022-11-23T19:34:09+00:00\",\"dateModified\":\"2022-12-05T18:54:54+00:00\",\"author\":{\"@id\":\"https:\\\/\\\/tynavesvedsku.com\\\/#\\\/schema\\\/person\\\/911bb2cdceaf0b9d4c7d56be12f730ec\"},\"breadcrumb\":{\"@id\":\"https:\\\/\\\/tynavesvedsku.com\\\/index.php\\\/2022\\\/11\\\/23\\\/evropsky-parlament\\\/#breadcrumb\"},\"inLanguage\":\"cs\",\"potentialAction\":[{\"@type\":\"ReadAction\",\"target\":[\"https:\\\/\\\/tynavesvedsku.com\\\/index.php\\\/2022\\\/11\\\/23\\\/evropsky-parlament\\\/\"]}]},{\"@type\":\"ImageObject\",\"inLanguage\":\"cs\",\"@id\":\"https:\\\/\\\/tynavesvedsku.com\\\/index.php\\\/2022\\\/11\\\/23\\\/evropsky-parlament\\\/#primaryimage\",\"url\":\"https:\\\/\\\/tynavesvedsku.com\\\/wp-content\\\/uploads\\\/2022\\\/11\\\/2020-09-16-2.jpg\",\"contentUrl\":\"https:\\\/\\\/tynavesvedsku.com\\\/wp-content\\\/uploads\\\/2022\\\/11\\\/2020-09-16-2.jpg\",\"width\":2048,\"height\":1536},{\"@type\":\"BreadcrumbList\",\"@id\":\"https:\\\/\\\/tynavesvedsku.com\\\/index.php\\\/2022\\\/11\\\/23\\\/evropsky-parlament\\\/#breadcrumb\",\"itemListElement\":[{\"@type\":\"ListItem\",\"position\":1,\"name\":\"Home\",\"item\":\"https:\\\/\\\/tynavesvedsku.com\\\/\"},{\"@type\":\"ListItem\",\"position\":2,\"name\":\"Evropsk\u00fd parlament I: Prvn\u00ed d\u00edl\"}]},{\"@type\":\"WebSite\",\"@id\":\"https:\\\/\\\/tynavesvedsku.com\\\/#website\",\"url\":\"https:\\\/\\\/tynavesvedsku.com\\\/\",\"name\":\"M\u016fj \u017eivot ve \u0160v\u00e9dsku\",\"description\":\"Blog o \u0161v\u00e9d\u0161tin\u011b, cestov\u00e1n\u00ed a \u017eivot\u011b ve \u0160v\u00e9dsku\",\"potentialAction\":[{\"@type\":\"SearchAction\",\"target\":{\"@type\":\"EntryPoint\",\"urlTemplate\":\"https:\\\/\\\/tynavesvedsku.com\\\/?s={search_term_string}\"},\"query-input\":{\"@type\":\"PropertyValueSpecification\",\"valueRequired\":true,\"valueName\":\"search_term_string\"}}],\"inLanguage\":\"cs\"},{\"@type\":\"Person\",\"@id\":\"https:\\\/\\\/tynavesvedsku.com\\\/#\\\/schema\\\/person\\\/911bb2cdceaf0b9d4c7d56be12f730ec\",\"name\":\"tyna\",\"image\":{\"@type\":\"ImageObject\",\"inLanguage\":\"cs\",\"@id\":\"https:\\\/\\\/secure.gravatar.com\\\/avatar\\\/04410c153f8418bab509dfe23b92b5c8343e18b5be3958974c7b7f00fdb9b863?s=96&d=mm&r=g\",\"url\":\"https:\\\/\\\/secure.gravatar.com\\\/avatar\\\/04410c153f8418bab509dfe23b92b5c8343e18b5be3958974c7b7f00fdb9b863?s=96&d=mm&r=g\",\"contentUrl\":\"https:\\\/\\\/secure.gravatar.com\\\/avatar\\\/04410c153f8418bab509dfe23b92b5c8343e18b5be3958974c7b7f00fdb9b863?s=96&d=mm&r=g\",\"caption\":\"tyna\"},\"sameAs\":[\"http:\\\/\\\/tynavesvedsku.com\"],\"url\":\"https:\\\/\\\/tynavesvedsku.com\\\/index.php\\\/author\\\/tyna\\\/\"}]}<\/script>\n<!-- \/ Yoast SEO plugin. -->","yoast_head_json":{"title":"Evropsk\u00fd parlament I: Prvn\u00ed d\u00edl - M\u016fj \u017eivot ve \u0160v\u00e9dsku","robots":{"index":"index","follow":"follow","max-snippet":"max-snippet:-1","max-image-preview":"max-image-preview:large","max-video-preview":"max-video-preview:-1"},"canonical":"https:\/\/tynavesvedsku.com\/index.php\/2022\/11\/23\/evropsky-parlament\/","og_locale":"cs_CZ","og_type":"article","og_title":"Evropsk\u00fd parlament I: Prvn\u00ed d\u00edl - M\u016fj \u017eivot ve \u0160v\u00e9dsku","og_description":"Ka\u017ed\u00fd student hled\u00e1 b\u011bhem \u0161koly st\u00e1\u017e v&nbsp;oboru. Co kdy\u017e se ale po\u0161t\u011bst\u00ed dostat se na [&hellip;]","og_url":"https:\/\/tynavesvedsku.com\/index.php\/2022\/11\/23\/evropsky-parlament\/","og_site_name":"M\u016fj \u017eivot ve \u0160v\u00e9dsku","article_published_time":"2022-11-23T19:34:09+00:00","article_modified_time":"2022-12-05T18:54:54+00:00","og_image":[{"width":2048,"height":1536,"url":"https:\/\/tynavesvedsku.com\/wp-content\/uploads\/2022\/11\/2020-09-16-2.jpg","type":"image\/jpeg"}],"author":"tyna","twitter_card":"summary_large_image","twitter_misc":{"Napsal(a)":"tyna","Odhadovan\u00e1 doba \u010dten\u00ed":"6 minut"},"schema":{"@context":"https:\/\/schema.org","@graph":[{"@type":"Article","@id":"https:\/\/tynavesvedsku.com\/index.php\/2022\/11\/23\/evropsky-parlament\/#article","isPartOf":{"@id":"https:\/\/tynavesvedsku.com\/index.php\/2022\/11\/23\/evropsky-parlament\/"},"author":{"name":"tyna","@id":"https:\/\/tynavesvedsku.com\/#\/schema\/person\/911bb2cdceaf0b9d4c7d56be12f730ec"},"headline":"Evropsk\u00fd parlament I: Prvn\u00ed d\u00edl","datePublished":"2022-11-23T19:34:09+00:00","dateModified":"2022-12-05T18:54:54+00:00","mainEntityOfPage":{"@id":"https:\/\/tynavesvedsku.com\/index.php\/2022\/11\/23\/evropsky-parlament\/"},"wordCount":1901,"commentCount":0,"image":{"@id":"https:\/\/tynavesvedsku.com\/index.php\/2022\/11\/23\/evropsky-parlament\/#primaryimage"},"thumbnailUrl":"https:\/\/tynavesvedsku.com\/wp-content\/uploads\/2022\/11\/2020-09-16-2.jpg","keywords":["Evropsk\u00fd parlament","Kari\u00e9ra"],"articleSection":["Co bylo p\u0159edt\u00edm","Pr\u00e1ce"],"inLanguage":"cs","potentialAction":[{"@type":"CommentAction","name":"Comment","target":["https:\/\/tynavesvedsku.com\/index.php\/2022\/11\/23\/evropsky-parlament\/#respond"]}]},{"@type":"WebPage","@id":"https:\/\/tynavesvedsku.com\/index.php\/2022\/11\/23\/evropsky-parlament\/","url":"https:\/\/tynavesvedsku.com\/index.php\/2022\/11\/23\/evropsky-parlament\/","name":"Evropsk\u00fd parlament I: Prvn\u00ed d\u00edl - M\u016fj \u017eivot ve \u0160v\u00e9dsku","isPartOf":{"@id":"https:\/\/tynavesvedsku.com\/#website"},"primaryImageOfPage":{"@id":"https:\/\/tynavesvedsku.com\/index.php\/2022\/11\/23\/evropsky-parlament\/#primaryimage"},"image":{"@id":"https:\/\/tynavesvedsku.com\/index.php\/2022\/11\/23\/evropsky-parlament\/#primaryimage"},"thumbnailUrl":"https:\/\/tynavesvedsku.com\/wp-content\/uploads\/2022\/11\/2020-09-16-2.jpg","datePublished":"2022-11-23T19:34:09+00:00","dateModified":"2022-12-05T18:54:54+00:00","author":{"@id":"https:\/\/tynavesvedsku.com\/#\/schema\/person\/911bb2cdceaf0b9d4c7d56be12f730ec"},"breadcrumb":{"@id":"https:\/\/tynavesvedsku.com\/index.php\/2022\/11\/23\/evropsky-parlament\/#breadcrumb"},"inLanguage":"cs","potentialAction":[{"@type":"ReadAction","target":["https:\/\/tynavesvedsku.com\/index.php\/2022\/11\/23\/evropsky-parlament\/"]}]},{"@type":"ImageObject","inLanguage":"cs","@id":"https:\/\/tynavesvedsku.com\/index.php\/2022\/11\/23\/evropsky-parlament\/#primaryimage","url":"https:\/\/tynavesvedsku.com\/wp-content\/uploads\/2022\/11\/2020-09-16-2.jpg","contentUrl":"https:\/\/tynavesvedsku.com\/wp-content\/uploads\/2022\/11\/2020-09-16-2.jpg","width":2048,"height":1536},{"@type":"BreadcrumbList","@id":"https:\/\/tynavesvedsku.com\/index.php\/2022\/11\/23\/evropsky-parlament\/#breadcrumb","itemListElement":[{"@type":"ListItem","position":1,"name":"Home","item":"https:\/\/tynavesvedsku.com\/"},{"@type":"ListItem","position":2,"name":"Evropsk\u00fd parlament I: Prvn\u00ed d\u00edl"}]},{"@type":"WebSite","@id":"https:\/\/tynavesvedsku.com\/#website","url":"https:\/\/tynavesvedsku.com\/","name":"M\u016fj \u017eivot ve \u0160v\u00e9dsku","description":"Blog o \u0161v\u00e9d\u0161tin\u011b, cestov\u00e1n\u00ed a \u017eivot\u011b ve \u0160v\u00e9dsku","potentialAction":[{"@type":"SearchAction","target":{"@type":"EntryPoint","urlTemplate":"https:\/\/tynavesvedsku.com\/?s={search_term_string}"},"query-input":{"@type":"PropertyValueSpecification","valueRequired":true,"valueName":"search_term_string"}}],"inLanguage":"cs"},{"@type":"Person","@id":"https:\/\/tynavesvedsku.com\/#\/schema\/person\/911bb2cdceaf0b9d4c7d56be12f730ec","name":"tyna","image":{"@type":"ImageObject","inLanguage":"cs","@id":"https:\/\/secure.gravatar.com\/avatar\/04410c153f8418bab509dfe23b92b5c8343e18b5be3958974c7b7f00fdb9b863?s=96&d=mm&r=g","url":"https:\/\/secure.gravatar.com\/avatar\/04410c153f8418bab509dfe23b92b5c8343e18b5be3958974c7b7f00fdb9b863?s=96&d=mm&r=g","contentUrl":"https:\/\/secure.gravatar.com\/avatar\/04410c153f8418bab509dfe23b92b5c8343e18b5be3958974c7b7f00fdb9b863?s=96&d=mm&r=g","caption":"tyna"},"sameAs":["http:\/\/tynavesvedsku.com"],"url":"https:\/\/tynavesvedsku.com\/index.php\/author\/tyna\/"}]}},"jetpack_publicize_connections":[],"jetpack_featured_media_url":"https:\/\/tynavesvedsku.com\/wp-content\/uploads\/2022\/11\/2020-09-16-2.jpg","jetpack_sharing_enabled":true,"_links":{"self":[{"href":"https:\/\/tynavesvedsku.com\/index.php\/wp-json\/wp\/v2\/posts\/101","targetHints":{"allow":["GET"]}}],"collection":[{"href":"https:\/\/tynavesvedsku.com\/index.php\/wp-json\/wp\/v2\/posts"}],"about":[{"href":"https:\/\/tynavesvedsku.com\/index.php\/wp-json\/wp\/v2\/types\/post"}],"author":[{"embeddable":true,"href":"https:\/\/tynavesvedsku.com\/index.php\/wp-json\/wp\/v2\/users\/1"}],"replies":[{"embeddable":true,"href":"https:\/\/tynavesvedsku.com\/index.php\/wp-json\/wp\/v2\/comments?post=101"}],"version-history":[{"count":3,"href":"https:\/\/tynavesvedsku.com\/index.php\/wp-json\/wp\/v2\/posts\/101\/revisions"}],"predecessor-version":[{"id":193,"href":"https:\/\/tynavesvedsku.com\/index.php\/wp-json\/wp\/v2\/posts\/101\/revisions\/193"}],"wp:featuredmedia":[{"embeddable":true,"href":"https:\/\/tynavesvedsku.com\/index.php\/wp-json\/wp\/v2\/media\/165"}],"wp:attachment":[{"href":"https:\/\/tynavesvedsku.com\/index.php\/wp-json\/wp\/v2\/media?parent=101"}],"wp:term":[{"taxonomy":"category","embeddable":true,"href":"https:\/\/tynavesvedsku.com\/index.php\/wp-json\/wp\/v2\/categories?post=101"},{"taxonomy":"post_tag","embeddable":true,"href":"https:\/\/tynavesvedsku.com\/index.php\/wp-json\/wp\/v2\/tags?post=101"}],"curies":[{"name":"wp","href":"https:\/\/api.w.org\/{rel}","templated":true}]}}