{"id":131,"date":"2022-11-25T14:26:52","date_gmt":"2022-11-25T14:26:52","guid":{"rendered":"https:\/\/tynavesvedsku.com\/?p=131"},"modified":"2023-01-06T12:28:45","modified_gmt":"2023-01-06T12:28:45","slug":"pravidlo-168-hodin","status":"publish","type":"post","link":"https:\/\/tynavesvedsku.com\/index.php\/2022\/11\/25\/pravidlo-168-hodin\/","title":{"rendered":"Evropsk\u00fd parlament III: Pravidlo 168 hodin"},"content":{"rendered":"\n<p>A jsem v&nbsp;Bruselu. St\u00e1\u017e za\u010d\u00edn\u00e1 za p\u00e1r dn\u00ed. Co te\u010f?&nbsp;Co vlastn\u011b&nbsp;\u010dekat od n\u00e1roda, jeho\u017e n\u00e1rodn\u00edm j\u00eddlem jsou hranolky s&nbsp;majon\u00e9zou?<\/p>\n\n\n\n<!--more-->\n\n\n\n<p>Prvn\u00ed dny v&nbsp;ciz\u00ed zemi m\u016f\u017eou b\u00fdt doprov\u00e1zeny rozporupln\u00fdmi pocity, pokud nejste osoba, kter\u00e1 se dok\u00e1\u017ee z\u00e1zra\u010dn\u011b rychle zorientovat a adaptovat. Je naprosto norm\u00e1ln\u00ed c\u00edtit se v&nbsp;ciz\u00ed zemi na nic.<\/p>\n\n\n\n<p>V&nbsp;prvn\u00edch chv\u00edl\u00edch v\u00e1s \u010dek\u00e1 zorientov\u00e1n\u00ed se ve m\u011bst\u011b, kde je nejd\u016fle\u017eit\u011bj\u0161\u00ed v\u011bd\u011bt, kde se nach\u00e1zej\u00ed instituce EU a va\u0161e stanice metra. Pr\u00e1v\u011b proto jsem p\u0159ijela o p\u00e1r dn\u00ed d\u0159\u00edve a vyplatilo se. Zhruba dva dny mi trvalo se zorientovat, kde v\u016fbec jsem, \u017ee kdy\u017e na autobus nezam\u00e1v\u00e1m, tak mi vesele ujede, \u017ee Belgi\u010dani jsou v&nbsp;n\u011bkter\u00fdch ohledech p\u0159ehnan\u011b d\u016fkladn\u00ed (ano, m\u016f\u017eete dostat vysokou pokutu i za \u0161patn\u011b vyt\u0159\u00edd\u011bn\u00fd odpad) a ano, \u017ee bez francouz\u0161tiny to jde opravdu t\u011b\u017eko.&nbsp;Tak\u00e9 prob\u011bhly prvn\u00ed pokusy o nav\u00e1z\u00e1n\u00ed soci\u00e1ln\u00edch kontakt\u016f ve zn\u00e1m\u00e9m podniku Delirium s&nbsp;ostatn\u00edmi neuv\u011b\u0159iteln\u011b chytr\u00fdmi, vtipn\u00fdmi, sebev\u011bdom\u00fdmi, pohotov\u00fdmi, vzd\u011blan\u00fdmi a zcestoval\u00fdmi st\u00e1\u017eisty ze v\u0161ech kout\u016f Evropy a n\u00e1v\u0161t\u011bva v\u0161ech soch \u010d\u016fraj\u00edc\u00edch chlape\u010dk\u016f.<\/p>\n\n\n\n<p>Ve chv\u00edli, kdy se v\u00e1m poda\u0159\u00ed se zorientovat ve m\u011bst\u011b, v\u00e1s \u010dek\u00e1 dal\u0161\u00ed \u0161ok: <strong>prvn\u00ed den v&nbsp;pr\u00e1ci. <\/strong>Va\u0161\u00edm prvn\u00edm setk\u00e1n\u00edm s&nbsp;Parlamentem bude \u00favodn\u00ed n\u011bkolikahodinov\u00e1 p\u0159edn\u00e1\u0161ka, kde v\u00e1s \u010dek\u00e1 podpis smlouvy o st\u00e1\u017ei a obdr\u017een\u00ed bal\u00ed\u010dku, kde nechyb\u00ed selfie ty\u010d. Snaha vst\u0159ebat spoustu zaj\u00edmav\u00fdch a\u010d n\u011bkdy nepochopiteln\u00fdch rad (t\u0159eba t\u00e9, \u017ee si nesm\u00edte pod hrozbou \u0161\u00edlen\u00e9 pokuty d\u00e1vat na zvonek jm\u00e9no, pokud nejste zaregistrovan\u00ed na comun\u011b). Zpo\u010d\u00e1tku v\u0161echny st\u00e1\u017eisty pozn\u00e1te nejen podle b\u00edl\u00e9ho provizorn\u00edho badge, ale i podle zmaten\u00e9ho pohybu po budov\u00e1ch Parlamentu \u2013 n\u011bkdy b\u00fdv\u00e1 hodn\u011b n\u00e1ro\u010dn\u00e9 naj\u00edt to, co hled\u00e1te a nevylu\u010duje se, \u017ee v\u00e1s matouc\u00ed eskal\u00e1tory a v\u00fdtahy dovedou \u00fapln\u011b jinam. I tak ale p\u0159i sv\u00e9 cest\u011b m\u016f\u017eete objevit zaj\u00edmav\u00e9 z\u00e1kout\u00ed jako t\u0159eba medita\u010dn\u00ed m\u00edstnost, kade\u0159nictv\u00ed nebo po\u0161tu.<\/p>\n\n\n<div class=\"wp-block-image\">\n<figure class=\"alignleft\"><a href=\"http:\/\/www.mladiinfo.cz\/wp-content\/uploads\/2016\/03\/12829471_1189086217771168_2543508647198109507_o.jpg\"><img decoding=\"async\" src=\"http:\/\/www.mladiinfo.cz\/wp-content\/uploads\/2016\/03\/12829471_1189086217771168_2543508647198109507_o-300x200.jpg\" alt=\"Prvn\u00ed den v Parlamentu.\" class=\"wp-image-14248\"\/><\/a><figcaption class=\"wp-element-caption\"><em>&nbsp;Prvn\u00ed den v Parlamentu.<\/em><\/figcaption><\/figure>\n<\/div>\n\n\n<p>Ve v\u011bt\u0161in\u011b p\u0159\u00edpad\u016f n\u00e1sleduje setk\u00e1n\u00ed se supervizorem st\u00e1\u017ee. N\u00e1pl\u0148 pr\u00e1ce a po\u010det koleg\u016f se stra\u0161n\u011b moc li\u0161\u00ed, podle toho, v&nbsp;jak\u00e9m &#8222;DG&#8220; neboli Gener\u00e1ln\u00edm sekretari\u00e1tu jste um\u00edst\u011bni \u2013 potk\u00e1te st\u00e1\u017eisty, kte\u0159\u00ed maj\u00ed opravdu dost pr\u00e1ce, &nbsp;i takov\u00e9, kte\u0159\u00ed pr\u00e1ci nemaj\u00ed \u017e\u00e1dnou, st\u00e1\u017eisty, kte\u0159\u00ed sd\u00edl\u00ed open space s&nbsp;dal\u0161\u00edmi dvaceti lidmi a takov\u00e9, kte\u0159\u00ed maj\u00ed kancel\u00e1\u0159 \u00fapln\u011b pro sebe. Prvn\u00ed t\u00fdden si v\u0161ichni horliv\u011b vym\u011bnuj\u00ed dojmy (hlavn\u011b ke konci t\u00fddne na Place de Luxembourg, zn\u00e1m\u00e9m to n\u00e1m\u011bst\u00ed p\u0159ed Parlamentem, kde se zam\u011bstnanci sch\u00e1z\u00ed k&nbsp;potlachu). Potk\u00e1te nad\u0161en\u00e9 st\u00e1\u017eisty, kte\u0159\u00ed maj\u00ed \u0161t\u011bst\u00ed a pracuj\u00ed na n\u011b\u010dem z\u00e1bavn\u00e9m, nebo ty frustrovan\u00e9, pro kter\u00e9 byl prvn\u00ed t\u00fdden sp\u00ed\u0161e ve znamen\u00ed aklimatizace a nerv\u00f3zn\u00edho vysed\u00e1v\u00e1n\u00ed a \u010dek\u00e1n\u00ed na &#8222;n\u011bco, co m\u016f\u017eete d\u011blat&#8220;. Nutno \u0159\u00edci, \u017ee st\u00e1\u017eist\u016fm je ponech\u00e1na dlouh\u00e1 doba k&nbsp;aklimazitaci a jeliko\u017e jste v&nbsp;parlamentn\u00edm potravn\u00edm \u0159et\u011bzci malink\u00e9 rybi\u010dky, nikdo od v\u00e1s ne\u010dek\u00e1, \u017ee z\u00e1hy za\u010dnete tvo\u0159it d\u00edla hodn\u00e1 Nobelovy ceny.<\/p>\n\n\n\n<p>Ot\u0159epat se z&nbsp;t\u00e9 nejv\u011bt\u0161\u00ed aklimatiza\u010dn\u00ed vlny a z\u00e1kladn\u011b vst\u0159ebat Brusel a Parlament mi trvalo cel\u00fd t\u00fdden, 168 hodin. Jakmile v\u0161ak p\u0159e\u010dk\u00e1te prvotn\u00ed \u0161ok z&nbsp;nov\u00e9ho prost\u0159ed\u00ed a zvyknete si na tempo pr\u00e1ce, dojde v\u00e1m, jak\u00e1 neuv\u011b\u0159iteln\u00e1 \u0161ance p\u0159ed v\u00e1mi stoj\u00ed. \u0160ance, kterou n\u00e1m, 173 st\u00e1\u017eist\u016fm z&nbsp;v\u00edce ne\u017e 7 200 \u017eadatel\u016f, nov\u00ed zam\u011bstnavatel\u00e9 dali. N\u00e1m, nastupuj\u00edc\u00ed generaci, ke kter\u00e9 ta odch\u00e1zej\u00edc\u00ed vzhl\u00ed\u017e\u00ed s&nbsp;nad\u011bj\u00ed a pat\u0159i\u010dn\u011b si ji vypipl\u00e1v\u00e1.<\/p>\n\n\n\n<p>P\u011bt m\u011bs\u00edc\u016f budete v&nbsp;centru ve\u0161ker\u00e9ho evropsk\u00e9ho d\u011bn\u00ed s&nbsp;mo\u017enost\u00ed nas\u00e1vat, co to jde. Budete se u\u010dit, jak instituce funguj\u00ed, utv\u00e1\u0159et si vlastn\u00ed n\u00e1zor z&nbsp;bezprost\u0159edn\u00ed bl\u00edzkosti. Zlep\u0161ovat si jazyky a navazovat kontakty. Potk\u00e1vat lidi, kte\u0159\u00ed jsou mnohem chyt\u0159ej\u0161\u00ed ne\u017e vy. Dostanete se velice bl\u00edzko lidem, kte\u0159\u00ed budou rozhodovat o tom, zda projdete v\u00fdb\u011brov\u00fdm \u0159\u00edzen\u00edm, a\u017e se jednou budete hl\u00e1sit na n\u011bjakou pracovn\u00ed pozici v&nbsp;Evropsk\u00e9 unii.&nbsp;Nebo v\u00e1m t\u011bch n\u011bkolik m\u011bs\u00edc\u016f otev\u0159e o\u010di a vy si uv\u011bdom\u00edte, \u017ee v&nbsp;takov\u00e9 byrokratick\u00e9 bublin\u011b v&nbsp;budoucnu pracovat nechcete. <em><strong>Tak jako tak, budete si \u017e\u00edt opravdu n\u00e1ro\u010dnou a unik\u00e1tn\u00ed kapitolu sv\u00e9ho \u017eivota.<\/strong><\/em><\/p>\n\n\n\n<p><\/p>\n","protected":false},"excerpt":{"rendered":"<p>A jsem v&nbsp;Bruselu. St\u00e1\u017e za\u010d\u00edn\u00e1 za p\u00e1r dn\u00ed. Co te\u010f?&nbsp;Co vlastn\u011b&nbsp;\u010dekat od n\u00e1roda, jeho\u017e n\u00e1rodn\u00edm [&hellip;]<\/p>\n","protected":false},"author":1,"featured_media":165,"comment_status":"closed","ping_status":"closed","sticky":false,"template":"","format":"standard","meta":{"_monsterinsights_skip_tracking":false,"_monsterinsights_sitenote_active":false,"_monsterinsights_sitenote_note":"","_monsterinsights_sitenote_category":0,"_jetpack_memberships_contains_paid_content":false,"footnotes":"","jetpack_publicize_message":"","jetpack_publicize_feature_enabled":true,"jetpack_social_post_already_shared":true,"jetpack_social_options":{"image_generator_settings":{"template":"highway","default_image_id":0,"font":"","enabled":false},"version":2}},"categories":[4,16],"tags":[19,15],"class_list":["post-131","post","type-post","status-publish","format-standard","has-post-thumbnail","hentry","category-co-bylo-predtim","category-kariera","tag-evropsky-parlament","tag-kariera"],"yoast_head":"<!-- This site is optimized with the Yoast SEO plugin v27.5 - https:\/\/yoast.com\/product\/yoast-seo-wordpress\/ -->\n<title>Evropsk\u00fd parlament III: Pravidlo 168 hodin - M\u016fj \u017eivot ve \u0160v\u00e9dsku<\/title>\n<meta name=\"robots\" content=\"index, follow, max-snippet:-1, max-image-preview:large, max-video-preview:-1\" \/>\n<link rel=\"canonical\" href=\"https:\/\/tynavesvedsku.com\/index.php\/2022\/11\/25\/pravidlo-168-hodin\/\" \/>\n<meta property=\"og:locale\" content=\"cs_CZ\" \/>\n<meta property=\"og:type\" content=\"article\" \/>\n<meta property=\"og:title\" content=\"Evropsk\u00fd parlament III: Pravidlo 168 hodin - M\u016fj \u017eivot ve \u0160v\u00e9dsku\" \/>\n<meta property=\"og:description\" content=\"A jsem v&nbsp;Bruselu. St\u00e1\u017e za\u010d\u00edn\u00e1 za p\u00e1r dn\u00ed. Co te\u010f?&nbsp;Co vlastn\u011b&nbsp;\u010dekat od n\u00e1roda, jeho\u017e n\u00e1rodn\u00edm [&hellip;]\" \/>\n<meta property=\"og:url\" content=\"https:\/\/tynavesvedsku.com\/index.php\/2022\/11\/25\/pravidlo-168-hodin\/\" \/>\n<meta property=\"og:site_name\" content=\"M\u016fj \u017eivot ve \u0160v\u00e9dsku\" \/>\n<meta property=\"article:published_time\" content=\"2022-11-25T14:26:52+00:00\" \/>\n<meta property=\"article:modified_time\" content=\"2023-01-06T12:28:45+00:00\" \/>\n<meta property=\"og:image\" content=\"https:\/\/tynavesvedsku.com\/wp-content\/uploads\/2022\/11\/2020-09-16-2.jpg\" \/>\n\t<meta property=\"og:image:width\" content=\"2048\" \/>\n\t<meta property=\"og:image:height\" content=\"1536\" \/>\n\t<meta property=\"og:image:type\" content=\"image\/jpeg\" \/>\n<meta name=\"author\" content=\"tyna\" \/>\n<meta name=\"twitter:card\" content=\"summary_large_image\" \/>\n<meta name=\"twitter:label1\" content=\"Napsal(a)\" \/>\n\t<meta name=\"twitter:data1\" content=\"tyna\" \/>\n\t<meta name=\"twitter:label2\" content=\"Odhadovan\u00e1 doba \u010dten\u00ed\" \/>\n\t<meta name=\"twitter:data2\" content=\"4 minuty\" \/>\n<script type=\"application\/ld+json\" class=\"yoast-schema-graph\">{\"@context\":\"https:\\\/\\\/schema.org\",\"@graph\":[{\"@type\":\"Article\",\"@id\":\"https:\\\/\\\/tynavesvedsku.com\\\/index.php\\\/2022\\\/11\\\/25\\\/pravidlo-168-hodin\\\/#article\",\"isPartOf\":{\"@id\":\"https:\\\/\\\/tynavesvedsku.com\\\/index.php\\\/2022\\\/11\\\/25\\\/pravidlo-168-hodin\\\/\"},\"author\":{\"name\":\"tyna\",\"@id\":\"https:\\\/\\\/tynavesvedsku.com\\\/#\\\/schema\\\/person\\\/911bb2cdceaf0b9d4c7d56be12f730ec\"},\"headline\":\"Evropsk\u00fd parlament III: Pravidlo 168 hodin\",\"datePublished\":\"2022-11-25T14:26:52+00:00\",\"dateModified\":\"2023-01-06T12:28:45+00:00\",\"mainEntityOfPage\":{\"@id\":\"https:\\\/\\\/tynavesvedsku.com\\\/index.php\\\/2022\\\/11\\\/25\\\/pravidlo-168-hodin\\\/\"},\"wordCount\":895,\"image\":{\"@id\":\"https:\\\/\\\/tynavesvedsku.com\\\/index.php\\\/2022\\\/11\\\/25\\\/pravidlo-168-hodin\\\/#primaryimage\"},\"thumbnailUrl\":\"https:\\\/\\\/tynavesvedsku.com\\\/wp-content\\\/uploads\\\/2022\\\/11\\\/2020-09-16-2.jpg\",\"keywords\":[\"Evropsk\u00fd parlament\",\"Kari\u00e9ra\"],\"articleSection\":[\"Co bylo p\u0159edt\u00edm\",\"Pr\u00e1ce\"],\"inLanguage\":\"cs\"},{\"@type\":\"WebPage\",\"@id\":\"https:\\\/\\\/tynavesvedsku.com\\\/index.php\\\/2022\\\/11\\\/25\\\/pravidlo-168-hodin\\\/\",\"url\":\"https:\\\/\\\/tynavesvedsku.com\\\/index.php\\\/2022\\\/11\\\/25\\\/pravidlo-168-hodin\\\/\",\"name\":\"Evropsk\u00fd parlament III: Pravidlo 168 hodin - M\u016fj \u017eivot ve \u0160v\u00e9dsku\",\"isPartOf\":{\"@id\":\"https:\\\/\\\/tynavesvedsku.com\\\/#website\"},\"primaryImageOfPage\":{\"@id\":\"https:\\\/\\\/tynavesvedsku.com\\\/index.php\\\/2022\\\/11\\\/25\\\/pravidlo-168-hodin\\\/#primaryimage\"},\"image\":{\"@id\":\"https:\\\/\\\/tynavesvedsku.com\\\/index.php\\\/2022\\\/11\\\/25\\\/pravidlo-168-hodin\\\/#primaryimage\"},\"thumbnailUrl\":\"https:\\\/\\\/tynavesvedsku.com\\\/wp-content\\\/uploads\\\/2022\\\/11\\\/2020-09-16-2.jpg\",\"datePublished\":\"2022-11-25T14:26:52+00:00\",\"dateModified\":\"2023-01-06T12:28:45+00:00\",\"author\":{\"@id\":\"https:\\\/\\\/tynavesvedsku.com\\\/#\\\/schema\\\/person\\\/911bb2cdceaf0b9d4c7d56be12f730ec\"},\"breadcrumb\":{\"@id\":\"https:\\\/\\\/tynavesvedsku.com\\\/index.php\\\/2022\\\/11\\\/25\\\/pravidlo-168-hodin\\\/#breadcrumb\"},\"inLanguage\":\"cs\",\"potentialAction\":[{\"@type\":\"ReadAction\",\"target\":[\"https:\\\/\\\/tynavesvedsku.com\\\/index.php\\\/2022\\\/11\\\/25\\\/pravidlo-168-hodin\\\/\"]}]},{\"@type\":\"ImageObject\",\"inLanguage\":\"cs\",\"@id\":\"https:\\\/\\\/tynavesvedsku.com\\\/index.php\\\/2022\\\/11\\\/25\\\/pravidlo-168-hodin\\\/#primaryimage\",\"url\":\"https:\\\/\\\/tynavesvedsku.com\\\/wp-content\\\/uploads\\\/2022\\\/11\\\/2020-09-16-2.jpg\",\"contentUrl\":\"https:\\\/\\\/tynavesvedsku.com\\\/wp-content\\\/uploads\\\/2022\\\/11\\\/2020-09-16-2.jpg\",\"width\":2048,\"height\":1536},{\"@type\":\"BreadcrumbList\",\"@id\":\"https:\\\/\\\/tynavesvedsku.com\\\/index.php\\\/2022\\\/11\\\/25\\\/pravidlo-168-hodin\\\/#breadcrumb\",\"itemListElement\":[{\"@type\":\"ListItem\",\"position\":1,\"name\":\"Home\",\"item\":\"https:\\\/\\\/tynavesvedsku.com\\\/\"},{\"@type\":\"ListItem\",\"position\":2,\"name\":\"Evropsk\u00fd parlament III: Pravidlo 168 hodin\"}]},{\"@type\":\"WebSite\",\"@id\":\"https:\\\/\\\/tynavesvedsku.com\\\/#website\",\"url\":\"https:\\\/\\\/tynavesvedsku.com\\\/\",\"name\":\"M\u016fj \u017eivot ve \u0160v\u00e9dsku\",\"description\":\"Blog o \u0161v\u00e9d\u0161tin\u011b, cestov\u00e1n\u00ed a \u017eivot\u011b ve \u0160v\u00e9dsku\",\"potentialAction\":[{\"@type\":\"SearchAction\",\"target\":{\"@type\":\"EntryPoint\",\"urlTemplate\":\"https:\\\/\\\/tynavesvedsku.com\\\/?s={search_term_string}\"},\"query-input\":{\"@type\":\"PropertyValueSpecification\",\"valueRequired\":true,\"valueName\":\"search_term_string\"}}],\"inLanguage\":\"cs\"},{\"@type\":\"Person\",\"@id\":\"https:\\\/\\\/tynavesvedsku.com\\\/#\\\/schema\\\/person\\\/911bb2cdceaf0b9d4c7d56be12f730ec\",\"name\":\"tyna\",\"image\":{\"@type\":\"ImageObject\",\"inLanguage\":\"cs\",\"@id\":\"https:\\\/\\\/secure.gravatar.com\\\/avatar\\\/04410c153f8418bab509dfe23b92b5c8343e18b5be3958974c7b7f00fdb9b863?s=96&d=mm&r=g\",\"url\":\"https:\\\/\\\/secure.gravatar.com\\\/avatar\\\/04410c153f8418bab509dfe23b92b5c8343e18b5be3958974c7b7f00fdb9b863?s=96&d=mm&r=g\",\"contentUrl\":\"https:\\\/\\\/secure.gravatar.com\\\/avatar\\\/04410c153f8418bab509dfe23b92b5c8343e18b5be3958974c7b7f00fdb9b863?s=96&d=mm&r=g\",\"caption\":\"tyna\"},\"sameAs\":[\"http:\\\/\\\/tynavesvedsku.com\"],\"url\":\"https:\\\/\\\/tynavesvedsku.com\\\/index.php\\\/author\\\/tyna\\\/\"}]}<\/script>\n<!-- \/ Yoast SEO plugin. -->","yoast_head_json":{"title":"Evropsk\u00fd parlament III: Pravidlo 168 hodin - M\u016fj \u017eivot ve \u0160v\u00e9dsku","robots":{"index":"index","follow":"follow","max-snippet":"max-snippet:-1","max-image-preview":"max-image-preview:large","max-video-preview":"max-video-preview:-1"},"canonical":"https:\/\/tynavesvedsku.com\/index.php\/2022\/11\/25\/pravidlo-168-hodin\/","og_locale":"cs_CZ","og_type":"article","og_title":"Evropsk\u00fd parlament III: Pravidlo 168 hodin - M\u016fj \u017eivot ve \u0160v\u00e9dsku","og_description":"A jsem v&nbsp;Bruselu. St\u00e1\u017e za\u010d\u00edn\u00e1 za p\u00e1r dn\u00ed. Co te\u010f?&nbsp;Co vlastn\u011b&nbsp;\u010dekat od n\u00e1roda, jeho\u017e n\u00e1rodn\u00edm [&hellip;]","og_url":"https:\/\/tynavesvedsku.com\/index.php\/2022\/11\/25\/pravidlo-168-hodin\/","og_site_name":"M\u016fj \u017eivot ve \u0160v\u00e9dsku","article_published_time":"2022-11-25T14:26:52+00:00","article_modified_time":"2023-01-06T12:28:45+00:00","og_image":[{"width":2048,"height":1536,"url":"https:\/\/tynavesvedsku.com\/wp-content\/uploads\/2022\/11\/2020-09-16-2.jpg","type":"image\/jpeg"}],"author":"tyna","twitter_card":"summary_large_image","twitter_misc":{"Napsal(a)":"tyna","Odhadovan\u00e1 doba \u010dten\u00ed":"4 minuty"},"schema":{"@context":"https:\/\/schema.org","@graph":[{"@type":"Article","@id":"https:\/\/tynavesvedsku.com\/index.php\/2022\/11\/25\/pravidlo-168-hodin\/#article","isPartOf":{"@id":"https:\/\/tynavesvedsku.com\/index.php\/2022\/11\/25\/pravidlo-168-hodin\/"},"author":{"name":"tyna","@id":"https:\/\/tynavesvedsku.com\/#\/schema\/person\/911bb2cdceaf0b9d4c7d56be12f730ec"},"headline":"Evropsk\u00fd parlament III: Pravidlo 168 hodin","datePublished":"2022-11-25T14:26:52+00:00","dateModified":"2023-01-06T12:28:45+00:00","mainEntityOfPage":{"@id":"https:\/\/tynavesvedsku.com\/index.php\/2022\/11\/25\/pravidlo-168-hodin\/"},"wordCount":895,"image":{"@id":"https:\/\/tynavesvedsku.com\/index.php\/2022\/11\/25\/pravidlo-168-hodin\/#primaryimage"},"thumbnailUrl":"https:\/\/tynavesvedsku.com\/wp-content\/uploads\/2022\/11\/2020-09-16-2.jpg","keywords":["Evropsk\u00fd parlament","Kari\u00e9ra"],"articleSection":["Co bylo p\u0159edt\u00edm","Pr\u00e1ce"],"inLanguage":"cs"},{"@type":"WebPage","@id":"https:\/\/tynavesvedsku.com\/index.php\/2022\/11\/25\/pravidlo-168-hodin\/","url":"https:\/\/tynavesvedsku.com\/index.php\/2022\/11\/25\/pravidlo-168-hodin\/","name":"Evropsk\u00fd parlament III: Pravidlo 168 hodin - M\u016fj \u017eivot ve \u0160v\u00e9dsku","isPartOf":{"@id":"https:\/\/tynavesvedsku.com\/#website"},"primaryImageOfPage":{"@id":"https:\/\/tynavesvedsku.com\/index.php\/2022\/11\/25\/pravidlo-168-hodin\/#primaryimage"},"image":{"@id":"https:\/\/tynavesvedsku.com\/index.php\/2022\/11\/25\/pravidlo-168-hodin\/#primaryimage"},"thumbnailUrl":"https:\/\/tynavesvedsku.com\/wp-content\/uploads\/2022\/11\/2020-09-16-2.jpg","datePublished":"2022-11-25T14:26:52+00:00","dateModified":"2023-01-06T12:28:45+00:00","author":{"@id":"https:\/\/tynavesvedsku.com\/#\/schema\/person\/911bb2cdceaf0b9d4c7d56be12f730ec"},"breadcrumb":{"@id":"https:\/\/tynavesvedsku.com\/index.php\/2022\/11\/25\/pravidlo-168-hodin\/#breadcrumb"},"inLanguage":"cs","potentialAction":[{"@type":"ReadAction","target":["https:\/\/tynavesvedsku.com\/index.php\/2022\/11\/25\/pravidlo-168-hodin\/"]}]},{"@type":"ImageObject","inLanguage":"cs","@id":"https:\/\/tynavesvedsku.com\/index.php\/2022\/11\/25\/pravidlo-168-hodin\/#primaryimage","url":"https:\/\/tynavesvedsku.com\/wp-content\/uploads\/2022\/11\/2020-09-16-2.jpg","contentUrl":"https:\/\/tynavesvedsku.com\/wp-content\/uploads\/2022\/11\/2020-09-16-2.jpg","width":2048,"height":1536},{"@type":"BreadcrumbList","@id":"https:\/\/tynavesvedsku.com\/index.php\/2022\/11\/25\/pravidlo-168-hodin\/#breadcrumb","itemListElement":[{"@type":"ListItem","position":1,"name":"Home","item":"https:\/\/tynavesvedsku.com\/"},{"@type":"ListItem","position":2,"name":"Evropsk\u00fd parlament III: Pravidlo 168 hodin"}]},{"@type":"WebSite","@id":"https:\/\/tynavesvedsku.com\/#website","url":"https:\/\/tynavesvedsku.com\/","name":"M\u016fj \u017eivot ve \u0160v\u00e9dsku","description":"Blog o \u0161v\u00e9d\u0161tin\u011b, cestov\u00e1n\u00ed a \u017eivot\u011b ve \u0160v\u00e9dsku","potentialAction":[{"@type":"SearchAction","target":{"@type":"EntryPoint","urlTemplate":"https:\/\/tynavesvedsku.com\/?s={search_term_string}"},"query-input":{"@type":"PropertyValueSpecification","valueRequired":true,"valueName":"search_term_string"}}],"inLanguage":"cs"},{"@type":"Person","@id":"https:\/\/tynavesvedsku.com\/#\/schema\/person\/911bb2cdceaf0b9d4c7d56be12f730ec","name":"tyna","image":{"@type":"ImageObject","inLanguage":"cs","@id":"https:\/\/secure.gravatar.com\/avatar\/04410c153f8418bab509dfe23b92b5c8343e18b5be3958974c7b7f00fdb9b863?s=96&d=mm&r=g","url":"https:\/\/secure.gravatar.com\/avatar\/04410c153f8418bab509dfe23b92b5c8343e18b5be3958974c7b7f00fdb9b863?s=96&d=mm&r=g","contentUrl":"https:\/\/secure.gravatar.com\/avatar\/04410c153f8418bab509dfe23b92b5c8343e18b5be3958974c7b7f00fdb9b863?s=96&d=mm&r=g","caption":"tyna"},"sameAs":["http:\/\/tynavesvedsku.com"],"url":"https:\/\/tynavesvedsku.com\/index.php\/author\/tyna\/"}]}},"jetpack_publicize_connections":[],"jetpack_featured_media_url":"https:\/\/tynavesvedsku.com\/wp-content\/uploads\/2022\/11\/2020-09-16-2.jpg","jetpack_sharing_enabled":true,"_links":{"self":[{"href":"https:\/\/tynavesvedsku.com\/index.php\/wp-json\/wp\/v2\/posts\/131","targetHints":{"allow":["GET"]}}],"collection":[{"href":"https:\/\/tynavesvedsku.com\/index.php\/wp-json\/wp\/v2\/posts"}],"about":[{"href":"https:\/\/tynavesvedsku.com\/index.php\/wp-json\/wp\/v2\/types\/post"}],"author":[{"embeddable":true,"href":"https:\/\/tynavesvedsku.com\/index.php\/wp-json\/wp\/v2\/users\/1"}],"replies":[{"embeddable":true,"href":"https:\/\/tynavesvedsku.com\/index.php\/wp-json\/wp\/v2\/comments?post=131"}],"version-history":[{"count":3,"href":"https:\/\/tynavesvedsku.com\/index.php\/wp-json\/wp\/v2\/posts\/131\/revisions"}],"predecessor-version":[{"id":452,"href":"https:\/\/tynavesvedsku.com\/index.php\/wp-json\/wp\/v2\/posts\/131\/revisions\/452"}],"wp:featuredmedia":[{"embeddable":true,"href":"https:\/\/tynavesvedsku.com\/index.php\/wp-json\/wp\/v2\/media\/165"}],"wp:attachment":[{"href":"https:\/\/tynavesvedsku.com\/index.php\/wp-json\/wp\/v2\/media?parent=131"}],"wp:term":[{"taxonomy":"category","embeddable":true,"href":"https:\/\/tynavesvedsku.com\/index.php\/wp-json\/wp\/v2\/categories?post=131"},{"taxonomy":"post_tag","embeddable":true,"href":"https:\/\/tynavesvedsku.com\/index.php\/wp-json\/wp\/v2\/tags?post=131"}],"curies":[{"name":"wp","href":"https:\/\/api.w.org\/{rel}","templated":true}]}}