{"id":133,"date":"2022-11-25T14:27:56","date_gmt":"2022-11-25T14:27:56","guid":{"rendered":"https:\/\/tynavesvedsku.com\/?p=133"},"modified":"2023-01-06T12:27:53","modified_gmt":"2023-01-06T12:27:53","slug":"kdo-rikal-ze-to-bude-jednoduche","status":"publish","type":"post","link":"https:\/\/tynavesvedsku.com\/index.php\/2022\/11\/25\/kdo-rikal-ze-to-bude-jednoduche\/","title":{"rendered":"Evropsk\u00fd parlament IV: Kdo \u0159\u00edkal, \u017ee to bude jednoduch\u00e9?!"},"content":{"rendered":"\n<p>V&nbsp;minul\u00e9m \u010dl\u00e1nku jsme se zab\u00fdvali prvn\u00edmi dny v&nbsp;Parlamentu. Od t\u00e9 doby utekly dva t\u00fddny a objevila se u m\u011b dal\u0161\u00ed vlna nutn\u00e9 aklimatizace.<\/p>\n\n\n\n<!--more-->\n\n\n\n<p>Ka\u017ed\u00e1 st\u00e1\u017e je individu\u00e1ln\u00ed. Ka\u017ed\u00fd m\u00e1 sv\u00e9 vlastn\u00ed pocity. N\u011bkte\u0159\u00ed st\u00e1\u017eist\u00e9 se hrout\u00ed pod n\u00e1porem pr\u00e1ce a materi\u00e1l\u016f k&nbsp;prostudov\u00e1n\u00ed. Dal\u0161\u00ed maj\u00ed p\u0159\u00edjemn\u00e9 praktick\u00e9 \u00fakoly, ve kter\u00fdch jim vych\u00e1z\u00ed ka\u017ed\u00fd vst\u0159\u00edc. Dal\u0161\u00ed st\u00e1\u017eist\u00e9 maj\u00ed dlouhou dobu na rozkouk\u00e1n\u00ed se po okol\u00ed a na tu ,,po\u0159\u00e1dnou pr\u00e1ci&#8220; st\u00e1le \u010dekaj\u00ed, proto\u017ee se jim zd\u00e1, \u017ee nejsou dostate\u010dn\u011b vyt\u00ed\u017eeni.<\/p>\n\n\n\n<p><strong>Parlament je jako m\u011bsto ve m\u011bst\u011b. <\/strong>Snadno se uzav\u0159ete v&nbsp;evropsk\u00e9 bublin\u011b, v\u017edy\u0165 v&nbsp;budov\u00e1ch spojen\u00fdch mosty je v\u0161e, co pot\u0159ebujete v&nbsp;\u017eivotu. Pot\u0159ebujete si za\u0159\u00eddit \u00fa\u010det? Sko\u010dte si do banky. Zavolat si m\u016f\u017eete z&nbsp;telefonn\u00edch budek, ost\u0159\u00edhat se nechat v&nbsp;kade\u0159nictv\u00ed, nakoup\u00edte v&nbsp;podzemn\u00edm supermarketu, o\u0161et\u0159\u00ed v\u00e1s ve zdravotn\u00edm st\u0159edisku nebo si ulev\u00edte od stresu v&nbsp;medita\u010dn\u00ed m\u00edstnosti a mezit\u00edm si sko\u010d\u00edte na po\u0161tu nebo do m\u00edstn\u00ed t\u011blocvi\u010dny. Ve voln\u00e9m \u010dase se m\u016f\u017eete z\u00fa\u010dastnit n\u011bkter\u00fdch z&nbsp;ve\u0159ejn\u00fdch parlamentn\u00edch sly\u0161en\u00ed, \u010detn\u00fdch konferenc\u00ed, prom\u00edt\u00e1n\u00ed nebo debat.<\/p>\n\n\n\n<p>Po pr\u00e1ci m\u016f\u017eete potkat cel\u00fd Parlament na Lucembursk\u00e9m n\u00e1m\u011bst\u00ed, kam se chod\u00ed ka\u017ed\u00fd \u010dtvrtek hromadn\u011b na pivo. N\u00e1m\u011bst\u00ed do pozdn\u00edch hodin vibruje rozhovory st\u00e1\u017eist\u016f i ostatn\u00edch zam\u011bstnanc\u016f. Vzhledem k&nbsp;tomu, \u017ee 3 p\u00e1tky z&nbsp;m\u011bs\u00edce b\u00fdvaj\u00ed kr\u00e1tk\u00e9 (do ve\u010dera se pracuje pouze p\u0159ed plen\u00e1rn\u00edm zased\u00e1n\u00edm), je to dobr\u00e1 p\u0159\u00edle\u017eitost potkat dal\u0161\u00ed zaj\u00edmav\u00e9 lidi z&nbsp;ostatn\u00edch DG.<\/p>\n\n\n\n<p>\u017divot v\u00e1m hodn\u011b usnadn\u00ed i European Parliament Stagiares Association, neboli EPSA. Jak n\u00e1zev napov\u00edd\u00e1, tak je to organizace pro st\u00e1\u017eisty, na kter\u00e9 je p\u011bkn\u00e9, \u017ee je organizovan\u00e1 a veden\u00e1 st\u00e1\u017eisty. Drav\u011bj\u0161\u00ed jedinci se ihned chop\u00ed p\u0159\u00edle\u017eitosti a kandiduj\u00ed na rozmanit\u00e9 pozice od politick\u00e9ho reprezentanta po kari\u00e9rn\u00edho poradce. Ano, jedn\u00e1 se o ur\u010dit\u011b dobr\u00fd bod do \u017eivotopisu, ale \u010dlov\u011bk by m\u011bl zv\u00e1\u017eit, zda jej to neodklon\u00ed od jeho c\u00edle. V&nbsp;organizaci n\u00e1sledn\u011b mohou b\u00fdt tvo\u0159eny subkomise sdru\u017euj\u00edc\u00ed lidi, kte\u0159\u00ed se zaj\u00edmaj\u00ed o r\u016fzn\u00e9 oblasti &#8211; kultura, sport, kari\u00e9ra&#8230; Jeliko\u017e nem\u00e1te n\u00e1rok jako st\u00e1\u017eista na jazykov\u00fd kurz zdarma jako ostatn\u00ed zam\u011bstnanci, EPSA m\u016f\u017ee b\u00fdt odpov\u011bd\u00ed na lekce jazyka.<\/p>\n\n\n<div class=\"wp-block-image\">\n<figure class=\"aligncenter\"><a href=\"http:\/\/www.mladiinfo.cz\/wp-content\/uploads\/2016\/04\/1774273.png\"><img decoding=\"async\" src=\"http:\/\/www.mladiinfo.cz\/wp-content\/uploads\/2016\/04\/1774273.png\" alt=\"1774273\" class=\"wp-image-16945\"\/><\/a><\/figure>\n<\/div>\n\n\n<p>\u017divot v&nbsp;Parlamentu&nbsp;m\u011b vede k&nbsp;n\u011bkolika \u00favah\u00e1m. Odhl\u00e9dnu -li od diskuz\u00ed, zda jsou vyb\u00edr\u00e1n\u00ed st\u00e1\u017eisti v Parlamentu podle kv\u00f3t (o jejich\u017e existenci nev\u00edm, ale vzhledem k syst\u00e9mu v\u00fdb\u011bru st\u00e1\u017eist\u016f, kter\u00fd podle \u0159e\u010di zn\u00e1m, si to neum\u00edm p\u0159edstavit), prvn\u00ed z&nbsp;m\u00fdch \u00favah se obrac\u00ed k&nbsp;tomu, pro\u010d jsou mezi 250 st\u00e1\u017eisty jen 4 \u010ce\u0161i, zat\u00edmco o \u0160pan\u011bly, Italy, N\u011bmce a francouzsky mluv\u00edc\u00ed st\u00e1\u017eisty zakop\u00e1v\u00e1te, i kdy\u017e nechcete. P\u0159i bli\u017e\u0161\u00edm zkoum\u00e1n\u00ed zjist\u00edte n\u011bkolik skute\u010dnost\u00ed: \u017ee na Z\u00e1pad\u011b (ano, v tomhle jsme st\u00e1le V\u00fdchod) je n\u011bjak\u00e1 st\u00e1\u017e absolutn\u00ed nutnost\u00ed pro z\u00edsk\u00e1n\u00ed slu\u0161n\u00e9 pr\u00e1ce, zat\u00edmco v&nbsp;\u010cesk\u00e9 republice je to st\u00e1le v\u00edce v\u00fdsada, zaj\u00edmav\u00fd bod v&nbsp;\u017eivotopisu. Spousta ostatn\u00edch st\u00e1\u017eist\u016f ji\u017e n\u011bjakou zku\u0161enost ze st\u00e1\u017ee m\u00e1 a jsou velice \u0161\u0165astni, \u017ee tentokr\u00e1t se jim poda\u0159ilo dostat se n\u011bkam, kde dostanou alespo\u0148 zaplaceno. V&nbsp;hovorech se opakuj\u00ed \u00favahy nad modern\u00edm &#8222;otroctv\u00edm&#8220; a zneu\u017e\u00edv\u00e1n\u00edm mlad\u00e9 pracovn\u00ed s\u00edly, pro kterou je z\u00edsk\u00e1n\u00ed praxe nutnost\u00ed. Nicm\u00e9n\u011b, v&nbsp;Parlamentu jste \u0161\u0165astni: stipendium ve v\u00fd\u0161ce 1250 Euro m\u011bs\u00ed\u010dn\u011b je sice hluboce pod belgick\u00fdm minimem a v\u00edce jak&nbsp;desetkr\u00e1t&nbsp;m\u00e9n\u011b ne\u017e se pohybuje plat va\u0161ich \u0161\u00e9f\u016f, ale lze s&nbsp;t\u00edm opravdu d\u016fstojn\u011b vysta\u010dit.<\/p>\n\n\n\n<p>Druhou, \u010dasto se opakuj\u00edc\u00ed my\u0161lenkou v prvn\u00edch t\u00fddnech, je dravost ostatn\u00edch st\u00e1\u017eist\u016f. Valn\u00e1 v\u011bt\u0161ina st\u00e1\u017eist\u016f m\u00e1 vystudov\u00e1no minim\u00e1ln\u011b magistersk\u00e9 studium v&nbsp;zahrani\u010d\u00ed. A\u0165 se zam\u00fd\u0161l\u00edm, jak chci, nepo\u010d\u00edt\u00e1me-li obl\u00edben\u00fd Erasmus, nab\u00fdv\u00e1m dojmu, \u017ee jen mal\u00e1 \u010d\u00e1st \u010desk\u00fdm student\u016f m\u00e1 odvahu vyjet studovat do zahrani\u010d\u00ed na cel\u00fd cyklus. Ano, na \u010desk\u00e9m trhu pr\u00e1ce se v\u011bt\u0161inou bez \u017eivotopisu nabouchan\u00e9ho st\u00e1\u017eemi a zahrani\u010dn\u00edmi zku\u0161enostmi tak\u00e9 n\u011bjak uplatn\u00edte, nem\u00ed\u0159\u00edte -li n\u011bjak zvl\u00e1\u0161t\u011b vysoko. Konkurence je doma v \u010cech\u00e1ch nesrovnateln\u011b men\u0161\u00ed, ale t\u00edm sp\u00ed\u0161e se st\u00e1le neopakovateln\u011b vrac\u00edm k&nbsp;ot\u00e1zce uplatn\u011bn\u00ed \u010desk\u00fdch student\u016f na evropsk\u00e9m trhu pr\u00e1ce.<\/p>\n\n\n\n<p>Nikdo ne\u0159ekl, \u017ee to bude \u00fapln\u011b jednoduch\u00e9. Sv\u00fdm zp\u016fsobem d\u00e1 ka\u017ed\u00e9mu zabrat, aby se usadil v&nbsp;ciz\u00ed zemi, a to i do\u010dasn\u011b. Na st\u00e1\u017ei se \u010dasto konfrontujete se spoustou typ\u016f lid\u00ed a p\u0159\u00edstup\u016f k&nbsp;pr\u00e1ci, kter\u00e9 nezn\u00e1te. Hlavn\u00ed je se k v\u011bci zdrav\u011b postavit, zbyte\u010dn\u011b se nestresovat a za p\u00e1r dal\u0161\u00edch t\u00fddn\u016f p\u0159ijde v\u0161echno samo.<\/p>\n\n\n<div class=\"wp-block-image\">\n<figure class=\"aligncenter\"><a href=\"http:\/\/www.mladiinfo.cz\/wp-content\/uploads\/2016\/03\/foto_m.jpg\"><img decoding=\"async\" src=\"http:\/\/www.mladiinfo.cz\/wp-content\/uploads\/2016\/03\/foto_m-300x186.jpg\" alt=\"Autorka v Evropsk\u00e9 \u010dtvrti.\" class=\"wp-image-14253\"\/><\/a><figcaption class=\"wp-element-caption\"><em>Autorka v Evropsk\u00e9 \u010dtvrti.<\/em><\/figcaption><\/figure>\n<\/div>","protected":false},"excerpt":{"rendered":"<p>V&nbsp;minul\u00e9m \u010dl\u00e1nku jsme se zab\u00fdvali prvn\u00edmi dny v&nbsp;Parlamentu. Od t\u00e9 doby utekly dva t\u00fddny a [&hellip;]<\/p>\n","protected":false},"author":1,"featured_media":165,"comment_status":"closed","ping_status":"closed","sticky":false,"template":"","format":"standard","meta":{"_monsterinsights_skip_tracking":false,"_monsterinsights_sitenote_active":false,"_monsterinsights_sitenote_note":"","_monsterinsights_sitenote_category":0,"_jetpack_memberships_contains_paid_content":false,"footnotes":"","jetpack_publicize_message":"","jetpack_publicize_feature_enabled":true,"jetpack_social_post_already_shared":true,"jetpack_social_options":{"image_generator_settings":{"template":"highway","default_image_id":0,"font":"","enabled":false},"version":2}},"categories":[4,16],"tags":[19,15],"class_list":["post-133","post","type-post","status-publish","format-standard","has-post-thumbnail","hentry","category-co-bylo-predtim","category-kariera","tag-evropsky-parlament","tag-kariera"],"yoast_head":"<!-- This site is optimized with the Yoast SEO plugin v27.5 - https:\/\/yoast.com\/product\/yoast-seo-wordpress\/ -->\n<title>Evropsk\u00fd parlament IV: Kdo \u0159\u00edkal, \u017ee to bude jednoduch\u00e9?! - M\u016fj \u017eivot ve \u0160v\u00e9dsku<\/title>\n<meta name=\"robots\" content=\"index, follow, max-snippet:-1, max-image-preview:large, max-video-preview:-1\" \/>\n<link rel=\"canonical\" href=\"https:\/\/tynavesvedsku.com\/index.php\/2022\/11\/25\/kdo-rikal-ze-to-bude-jednoduche\/\" \/>\n<meta property=\"og:locale\" content=\"cs_CZ\" \/>\n<meta property=\"og:type\" content=\"article\" \/>\n<meta property=\"og:title\" content=\"Evropsk\u00fd parlament IV: Kdo \u0159\u00edkal, \u017ee to bude jednoduch\u00e9?! - M\u016fj \u017eivot ve \u0160v\u00e9dsku\" \/>\n<meta property=\"og:description\" content=\"V&nbsp;minul\u00e9m \u010dl\u00e1nku jsme se zab\u00fdvali prvn\u00edmi dny v&nbsp;Parlamentu. Od t\u00e9 doby utekly dva t\u00fddny a [&hellip;]\" \/>\n<meta property=\"og:url\" content=\"https:\/\/tynavesvedsku.com\/index.php\/2022\/11\/25\/kdo-rikal-ze-to-bude-jednoduche\/\" \/>\n<meta property=\"og:site_name\" content=\"M\u016fj \u017eivot ve \u0160v\u00e9dsku\" \/>\n<meta property=\"article:published_time\" content=\"2022-11-25T14:27:56+00:00\" \/>\n<meta property=\"article:modified_time\" content=\"2023-01-06T12:27:53+00:00\" \/>\n<meta property=\"og:image\" content=\"https:\/\/tynavesvedsku.com\/wp-content\/uploads\/2022\/11\/2020-09-16-2.jpg\" \/>\n\t<meta property=\"og:image:width\" content=\"2048\" \/>\n\t<meta property=\"og:image:height\" content=\"1536\" \/>\n\t<meta property=\"og:image:type\" content=\"image\/jpeg\" \/>\n<meta name=\"author\" content=\"tyna\" \/>\n<meta name=\"twitter:card\" content=\"summary_large_image\" \/>\n<meta name=\"twitter:label1\" content=\"Napsal(a)\" \/>\n\t<meta name=\"twitter:data1\" content=\"tyna\" \/>\n\t<meta name=\"twitter:label2\" content=\"Odhadovan\u00e1 doba \u010dten\u00ed\" \/>\n\t<meta name=\"twitter:data2\" content=\"5 minut\" \/>\n<script type=\"application\/ld+json\" class=\"yoast-schema-graph\">{\"@context\":\"https:\\\/\\\/schema.org\",\"@graph\":[{\"@type\":\"Article\",\"@id\":\"https:\\\/\\\/tynavesvedsku.com\\\/index.php\\\/2022\\\/11\\\/25\\\/kdo-rikal-ze-to-bude-jednoduche\\\/#article\",\"isPartOf\":{\"@id\":\"https:\\\/\\\/tynavesvedsku.com\\\/index.php\\\/2022\\\/11\\\/25\\\/kdo-rikal-ze-to-bude-jednoduche\\\/\"},\"author\":{\"name\":\"tyna\",\"@id\":\"https:\\\/\\\/tynavesvedsku.com\\\/#\\\/schema\\\/person\\\/911bb2cdceaf0b9d4c7d56be12f730ec\"},\"headline\":\"Evropsk\u00fd parlament IV: Kdo \u0159\u00edkal, \u017ee to bude jednoduch\u00e9?!\",\"datePublished\":\"2022-11-25T14:27:56+00:00\",\"dateModified\":\"2023-01-06T12:27:53+00:00\",\"mainEntityOfPage\":{\"@id\":\"https:\\\/\\\/tynavesvedsku.com\\\/index.php\\\/2022\\\/11\\\/25\\\/kdo-rikal-ze-to-bude-jednoduche\\\/\"},\"wordCount\":959,\"image\":{\"@id\":\"https:\\\/\\\/tynavesvedsku.com\\\/index.php\\\/2022\\\/11\\\/25\\\/kdo-rikal-ze-to-bude-jednoduche\\\/#primaryimage\"},\"thumbnailUrl\":\"https:\\\/\\\/tynavesvedsku.com\\\/wp-content\\\/uploads\\\/2022\\\/11\\\/2020-09-16-2.jpg\",\"keywords\":[\"Evropsk\u00fd parlament\",\"Kari\u00e9ra\"],\"articleSection\":[\"Co bylo p\u0159edt\u00edm\",\"Pr\u00e1ce\"],\"inLanguage\":\"cs\"},{\"@type\":\"WebPage\",\"@id\":\"https:\\\/\\\/tynavesvedsku.com\\\/index.php\\\/2022\\\/11\\\/25\\\/kdo-rikal-ze-to-bude-jednoduche\\\/\",\"url\":\"https:\\\/\\\/tynavesvedsku.com\\\/index.php\\\/2022\\\/11\\\/25\\\/kdo-rikal-ze-to-bude-jednoduche\\\/\",\"name\":\"Evropsk\u00fd parlament IV: Kdo \u0159\u00edkal, \u017ee to bude jednoduch\u00e9?! - M\u016fj \u017eivot ve \u0160v\u00e9dsku\",\"isPartOf\":{\"@id\":\"https:\\\/\\\/tynavesvedsku.com\\\/#website\"},\"primaryImageOfPage\":{\"@id\":\"https:\\\/\\\/tynavesvedsku.com\\\/index.php\\\/2022\\\/11\\\/25\\\/kdo-rikal-ze-to-bude-jednoduche\\\/#primaryimage\"},\"image\":{\"@id\":\"https:\\\/\\\/tynavesvedsku.com\\\/index.php\\\/2022\\\/11\\\/25\\\/kdo-rikal-ze-to-bude-jednoduche\\\/#primaryimage\"},\"thumbnailUrl\":\"https:\\\/\\\/tynavesvedsku.com\\\/wp-content\\\/uploads\\\/2022\\\/11\\\/2020-09-16-2.jpg\",\"datePublished\":\"2022-11-25T14:27:56+00:00\",\"dateModified\":\"2023-01-06T12:27:53+00:00\",\"author\":{\"@id\":\"https:\\\/\\\/tynavesvedsku.com\\\/#\\\/schema\\\/person\\\/911bb2cdceaf0b9d4c7d56be12f730ec\"},\"breadcrumb\":{\"@id\":\"https:\\\/\\\/tynavesvedsku.com\\\/index.php\\\/2022\\\/11\\\/25\\\/kdo-rikal-ze-to-bude-jednoduche\\\/#breadcrumb\"},\"inLanguage\":\"cs\",\"potentialAction\":[{\"@type\":\"ReadAction\",\"target\":[\"https:\\\/\\\/tynavesvedsku.com\\\/index.php\\\/2022\\\/11\\\/25\\\/kdo-rikal-ze-to-bude-jednoduche\\\/\"]}]},{\"@type\":\"ImageObject\",\"inLanguage\":\"cs\",\"@id\":\"https:\\\/\\\/tynavesvedsku.com\\\/index.php\\\/2022\\\/11\\\/25\\\/kdo-rikal-ze-to-bude-jednoduche\\\/#primaryimage\",\"url\":\"https:\\\/\\\/tynavesvedsku.com\\\/wp-content\\\/uploads\\\/2022\\\/11\\\/2020-09-16-2.jpg\",\"contentUrl\":\"https:\\\/\\\/tynavesvedsku.com\\\/wp-content\\\/uploads\\\/2022\\\/11\\\/2020-09-16-2.jpg\",\"width\":2048,\"height\":1536},{\"@type\":\"BreadcrumbList\",\"@id\":\"https:\\\/\\\/tynavesvedsku.com\\\/index.php\\\/2022\\\/11\\\/25\\\/kdo-rikal-ze-to-bude-jednoduche\\\/#breadcrumb\",\"itemListElement\":[{\"@type\":\"ListItem\",\"position\":1,\"name\":\"Home\",\"item\":\"https:\\\/\\\/tynavesvedsku.com\\\/\"},{\"@type\":\"ListItem\",\"position\":2,\"name\":\"Evropsk\u00fd parlament IV: Kdo \u0159\u00edkal, \u017ee to bude jednoduch\u00e9?!\"}]},{\"@type\":\"WebSite\",\"@id\":\"https:\\\/\\\/tynavesvedsku.com\\\/#website\",\"url\":\"https:\\\/\\\/tynavesvedsku.com\\\/\",\"name\":\"M\u016fj \u017eivot ve \u0160v\u00e9dsku\",\"description\":\"Blog o \u0161v\u00e9d\u0161tin\u011b, cestov\u00e1n\u00ed a \u017eivot\u011b ve \u0160v\u00e9dsku\",\"potentialAction\":[{\"@type\":\"SearchAction\",\"target\":{\"@type\":\"EntryPoint\",\"urlTemplate\":\"https:\\\/\\\/tynavesvedsku.com\\\/?s={search_term_string}\"},\"query-input\":{\"@type\":\"PropertyValueSpecification\",\"valueRequired\":true,\"valueName\":\"search_term_string\"}}],\"inLanguage\":\"cs\"},{\"@type\":\"Person\",\"@id\":\"https:\\\/\\\/tynavesvedsku.com\\\/#\\\/schema\\\/person\\\/911bb2cdceaf0b9d4c7d56be12f730ec\",\"name\":\"tyna\",\"image\":{\"@type\":\"ImageObject\",\"inLanguage\":\"cs\",\"@id\":\"https:\\\/\\\/secure.gravatar.com\\\/avatar\\\/04410c153f8418bab509dfe23b92b5c8343e18b5be3958974c7b7f00fdb9b863?s=96&d=mm&r=g\",\"url\":\"https:\\\/\\\/secure.gravatar.com\\\/avatar\\\/04410c153f8418bab509dfe23b92b5c8343e18b5be3958974c7b7f00fdb9b863?s=96&d=mm&r=g\",\"contentUrl\":\"https:\\\/\\\/secure.gravatar.com\\\/avatar\\\/04410c153f8418bab509dfe23b92b5c8343e18b5be3958974c7b7f00fdb9b863?s=96&d=mm&r=g\",\"caption\":\"tyna\"},\"sameAs\":[\"http:\\\/\\\/tynavesvedsku.com\"],\"url\":\"https:\\\/\\\/tynavesvedsku.com\\\/index.php\\\/author\\\/tyna\\\/\"}]}<\/script>\n<!-- \/ Yoast SEO plugin. -->","yoast_head_json":{"title":"Evropsk\u00fd parlament IV: Kdo \u0159\u00edkal, \u017ee to bude jednoduch\u00e9?! - M\u016fj \u017eivot ve \u0160v\u00e9dsku","robots":{"index":"index","follow":"follow","max-snippet":"max-snippet:-1","max-image-preview":"max-image-preview:large","max-video-preview":"max-video-preview:-1"},"canonical":"https:\/\/tynavesvedsku.com\/index.php\/2022\/11\/25\/kdo-rikal-ze-to-bude-jednoduche\/","og_locale":"cs_CZ","og_type":"article","og_title":"Evropsk\u00fd parlament IV: Kdo \u0159\u00edkal, \u017ee to bude jednoduch\u00e9?! - M\u016fj \u017eivot ve \u0160v\u00e9dsku","og_description":"V&nbsp;minul\u00e9m \u010dl\u00e1nku jsme se zab\u00fdvali prvn\u00edmi dny v&nbsp;Parlamentu. Od t\u00e9 doby utekly dva t\u00fddny a [&hellip;]","og_url":"https:\/\/tynavesvedsku.com\/index.php\/2022\/11\/25\/kdo-rikal-ze-to-bude-jednoduche\/","og_site_name":"M\u016fj \u017eivot ve \u0160v\u00e9dsku","article_published_time":"2022-11-25T14:27:56+00:00","article_modified_time":"2023-01-06T12:27:53+00:00","og_image":[{"width":2048,"height":1536,"url":"https:\/\/tynavesvedsku.com\/wp-content\/uploads\/2022\/11\/2020-09-16-2.jpg","type":"image\/jpeg"}],"author":"tyna","twitter_card":"summary_large_image","twitter_misc":{"Napsal(a)":"tyna","Odhadovan\u00e1 doba \u010dten\u00ed":"5 minut"},"schema":{"@context":"https:\/\/schema.org","@graph":[{"@type":"Article","@id":"https:\/\/tynavesvedsku.com\/index.php\/2022\/11\/25\/kdo-rikal-ze-to-bude-jednoduche\/#article","isPartOf":{"@id":"https:\/\/tynavesvedsku.com\/index.php\/2022\/11\/25\/kdo-rikal-ze-to-bude-jednoduche\/"},"author":{"name":"tyna","@id":"https:\/\/tynavesvedsku.com\/#\/schema\/person\/911bb2cdceaf0b9d4c7d56be12f730ec"},"headline":"Evropsk\u00fd parlament IV: Kdo \u0159\u00edkal, \u017ee to bude jednoduch\u00e9?!","datePublished":"2022-11-25T14:27:56+00:00","dateModified":"2023-01-06T12:27:53+00:00","mainEntityOfPage":{"@id":"https:\/\/tynavesvedsku.com\/index.php\/2022\/11\/25\/kdo-rikal-ze-to-bude-jednoduche\/"},"wordCount":959,"image":{"@id":"https:\/\/tynavesvedsku.com\/index.php\/2022\/11\/25\/kdo-rikal-ze-to-bude-jednoduche\/#primaryimage"},"thumbnailUrl":"https:\/\/tynavesvedsku.com\/wp-content\/uploads\/2022\/11\/2020-09-16-2.jpg","keywords":["Evropsk\u00fd parlament","Kari\u00e9ra"],"articleSection":["Co bylo p\u0159edt\u00edm","Pr\u00e1ce"],"inLanguage":"cs"},{"@type":"WebPage","@id":"https:\/\/tynavesvedsku.com\/index.php\/2022\/11\/25\/kdo-rikal-ze-to-bude-jednoduche\/","url":"https:\/\/tynavesvedsku.com\/index.php\/2022\/11\/25\/kdo-rikal-ze-to-bude-jednoduche\/","name":"Evropsk\u00fd parlament IV: Kdo \u0159\u00edkal, \u017ee to bude jednoduch\u00e9?! - M\u016fj \u017eivot ve \u0160v\u00e9dsku","isPartOf":{"@id":"https:\/\/tynavesvedsku.com\/#website"},"primaryImageOfPage":{"@id":"https:\/\/tynavesvedsku.com\/index.php\/2022\/11\/25\/kdo-rikal-ze-to-bude-jednoduche\/#primaryimage"},"image":{"@id":"https:\/\/tynavesvedsku.com\/index.php\/2022\/11\/25\/kdo-rikal-ze-to-bude-jednoduche\/#primaryimage"},"thumbnailUrl":"https:\/\/tynavesvedsku.com\/wp-content\/uploads\/2022\/11\/2020-09-16-2.jpg","datePublished":"2022-11-25T14:27:56+00:00","dateModified":"2023-01-06T12:27:53+00:00","author":{"@id":"https:\/\/tynavesvedsku.com\/#\/schema\/person\/911bb2cdceaf0b9d4c7d56be12f730ec"},"breadcrumb":{"@id":"https:\/\/tynavesvedsku.com\/index.php\/2022\/11\/25\/kdo-rikal-ze-to-bude-jednoduche\/#breadcrumb"},"inLanguage":"cs","potentialAction":[{"@type":"ReadAction","target":["https:\/\/tynavesvedsku.com\/index.php\/2022\/11\/25\/kdo-rikal-ze-to-bude-jednoduche\/"]}]},{"@type":"ImageObject","inLanguage":"cs","@id":"https:\/\/tynavesvedsku.com\/index.php\/2022\/11\/25\/kdo-rikal-ze-to-bude-jednoduche\/#primaryimage","url":"https:\/\/tynavesvedsku.com\/wp-content\/uploads\/2022\/11\/2020-09-16-2.jpg","contentUrl":"https:\/\/tynavesvedsku.com\/wp-content\/uploads\/2022\/11\/2020-09-16-2.jpg","width":2048,"height":1536},{"@type":"BreadcrumbList","@id":"https:\/\/tynavesvedsku.com\/index.php\/2022\/11\/25\/kdo-rikal-ze-to-bude-jednoduche\/#breadcrumb","itemListElement":[{"@type":"ListItem","position":1,"name":"Home","item":"https:\/\/tynavesvedsku.com\/"},{"@type":"ListItem","position":2,"name":"Evropsk\u00fd parlament IV: Kdo \u0159\u00edkal, \u017ee to bude jednoduch\u00e9?!"}]},{"@type":"WebSite","@id":"https:\/\/tynavesvedsku.com\/#website","url":"https:\/\/tynavesvedsku.com\/","name":"M\u016fj \u017eivot ve \u0160v\u00e9dsku","description":"Blog o \u0161v\u00e9d\u0161tin\u011b, cestov\u00e1n\u00ed a \u017eivot\u011b ve \u0160v\u00e9dsku","potentialAction":[{"@type":"SearchAction","target":{"@type":"EntryPoint","urlTemplate":"https:\/\/tynavesvedsku.com\/?s={search_term_string}"},"query-input":{"@type":"PropertyValueSpecification","valueRequired":true,"valueName":"search_term_string"}}],"inLanguage":"cs"},{"@type":"Person","@id":"https:\/\/tynavesvedsku.com\/#\/schema\/person\/911bb2cdceaf0b9d4c7d56be12f730ec","name":"tyna","image":{"@type":"ImageObject","inLanguage":"cs","@id":"https:\/\/secure.gravatar.com\/avatar\/04410c153f8418bab509dfe23b92b5c8343e18b5be3958974c7b7f00fdb9b863?s=96&d=mm&r=g","url":"https:\/\/secure.gravatar.com\/avatar\/04410c153f8418bab509dfe23b92b5c8343e18b5be3958974c7b7f00fdb9b863?s=96&d=mm&r=g","contentUrl":"https:\/\/secure.gravatar.com\/avatar\/04410c153f8418bab509dfe23b92b5c8343e18b5be3958974c7b7f00fdb9b863?s=96&d=mm&r=g","caption":"tyna"},"sameAs":["http:\/\/tynavesvedsku.com"],"url":"https:\/\/tynavesvedsku.com\/index.php\/author\/tyna\/"}]}},"jetpack_publicize_connections":[],"jetpack_featured_media_url":"https:\/\/tynavesvedsku.com\/wp-content\/uploads\/2022\/11\/2020-09-16-2.jpg","jetpack_sharing_enabled":true,"_links":{"self":[{"href":"https:\/\/tynavesvedsku.com\/index.php\/wp-json\/wp\/v2\/posts\/133","targetHints":{"allow":["GET"]}}],"collection":[{"href":"https:\/\/tynavesvedsku.com\/index.php\/wp-json\/wp\/v2\/posts"}],"about":[{"href":"https:\/\/tynavesvedsku.com\/index.php\/wp-json\/wp\/v2\/types\/post"}],"author":[{"embeddable":true,"href":"https:\/\/tynavesvedsku.com\/index.php\/wp-json\/wp\/v2\/users\/1"}],"replies":[{"embeddable":true,"href":"https:\/\/tynavesvedsku.com\/index.php\/wp-json\/wp\/v2\/comments?post=133"}],"version-history":[{"count":4,"href":"https:\/\/tynavesvedsku.com\/index.php\/wp-json\/wp\/v2\/posts\/133\/revisions"}],"predecessor-version":[{"id":451,"href":"https:\/\/tynavesvedsku.com\/index.php\/wp-json\/wp\/v2\/posts\/133\/revisions\/451"}],"wp:featuredmedia":[{"embeddable":true,"href":"https:\/\/tynavesvedsku.com\/index.php\/wp-json\/wp\/v2\/media\/165"}],"wp:attachment":[{"href":"https:\/\/tynavesvedsku.com\/index.php\/wp-json\/wp\/v2\/media?parent=133"}],"wp:term":[{"taxonomy":"category","embeddable":true,"href":"https:\/\/tynavesvedsku.com\/index.php\/wp-json\/wp\/v2\/categories?post=133"},{"taxonomy":"post_tag","embeddable":true,"href":"https:\/\/tynavesvedsku.com\/index.php\/wp-json\/wp\/v2\/tags?post=133"}],"curies":[{"name":"wp","href":"https:\/\/api.w.org\/{rel}","templated":true}]}}