{"id":137,"date":"2022-11-25T14:30:34","date_gmt":"2022-11-25T14:30:34","guid":{"rendered":"https:\/\/tynavesvedsku.com\/?p=137"},"modified":"2023-01-06T12:24:30","modified_gmt":"2023-01-06T12:24:30","slug":"co-mi-brusel-dal-a-vzal","status":"publish","type":"post","link":"https:\/\/tynavesvedsku.com\/index.php\/2022\/11\/25\/co-mi-brusel-dal-a-vzal\/","title":{"rendered":"Evropsk\u00fd parlament VI: Co mi Brusel dal a vzal"},"content":{"rendered":"\n<p>P\u011bt m\u011bs\u00edc\u016f uteklo jako voda a je \u010das se rozlou\u010dit se st\u00e1\u017e\u00ed v Evropsk\u00e9m parlamentu. Je \u010das na post\u0159ehy, pohledy i kritiku posledn\u00edch m\u011bs\u00edc\u016f.<\/p>\n\n\n\n<!--more-->\n\n\n\n<p>\u010cas nezastav\u00ed\u0161. Cel\u00fd posledn\u00ed m\u011bs\u00edc se vine ve znamen\u00ed nevyhnuteln\u00e9ho brzk\u00e9ho odchodu. N\u011bkte\u0159\u00ed st\u00e1\u017eist\u00e9 dost\u00e1vaj\u00ed na posledn\u00ed dny kupu pr\u00e1ce, n\u011bkte\u0159\u00ed se v\u011bnuj\u00ed pos\u00edl\u00e1n\u00ed \u017eivotopis\u016f. V\u00edme, \u017ee za p\u00e1r t\u00fddn\u016f se v\u0161ichni rozprchneme a z\u016fstane n\u00e1m jen Alumni network a brzy neaktivn\u00ed skupina na Facebooku.<\/p>\n\n\n\n<p>Osobn\u00ed hodnocen\u00ed napsan\u00e9, v\u0161echny projekty p\u0159edan\u00e9. V Bruselu v\u00fdjime\u010dn\u011b sv\u00edt\u00ed slun\u00ed\u010dko a v\u0161e se zd\u00e1 b\u00fdt v po\u0159\u00e1dku. Av\u0161ak v hlav\u00e1ch jarn\u00edch st\u00e1\u017eist\u016f to p\u011bkn\u011b v\u0159e. Pro spoustu lid\u00ed p\u0159ich\u00e1z\u00ed po p\u011bti m\u011bs\u00edc\u00edch jistoty, kterou poskytovala do\u010dasn\u00e1 pr\u00e1ce, dal\u0161\u00ed hled\u00e1n\u00ed. A tentokr\u00e1t u\u017e hled\u00e1n\u00ed naostro. Nemal\u00e1 \u010d\u00e1st st\u00e1\u017eist\u016f nem\u00ed\u0159\u00ed ve sv\u00e9 kari\u00e9\u0159e nijak n\u00edzko. P\u0159\u00e1n\u00ed v\u011bt\u0161iny je naj\u00edt si slu\u0161nou pr\u00e1ci bu\u010f v Bruselu, nebo doma. N\u011bkte\u0159\u00ed kolegov\u00e9 m\u00ed\u0159\u00ed na dal\u0161\u00ed presti\u017en\u00ed st\u00e1\u017ee, ale v hloubi du\u0161i je v\u0161em jasn\u00e9, \u017ee ten krok k opravdov\u00e9 pr\u00e1ci budou muset d\u0159\u00edve nebo pozd\u011bji ud\u011blat.<\/p>\n\n\n\n<p>Valn\u00e1 v\u011bt\u0161ina st\u00e1\u017eist\u016f proch\u00e1z\u00ed <strong>obdob\u00edm roz\u010darovanosti.<\/strong> Hled\u00e1te-li pr\u00e1ci v Bruselu, je t\u0159eba vlo\u017eit do p\u0159ihl\u00e1\u0161ek velik\u00e9 \u00fasil\u00ed. \u010casto&nbsp;jste sv\u011bdky diskuze&nbsp;jak na&nbsp;tipy a triky pro vy\u0161perkov\u00e1n\u00ed motiva\u010dn\u00edch dopis\u016f a \u017eivotopis\u016f. Ale je l\u00e9to, mezin\u00e1rodn\u00ed konkurence je obrovsk\u00e1, m\u011b\u0159\u00edtka jsou n\u011bkde pln\u011b jinde a my jsme st\u00e1le jen (n\u011bkdy ani ne) mlad\u00ed absolventi. N\u00e1vratnost odpov\u011bd\u00ed personalist\u016f je bez ohledu na to, co maj\u00ed st\u00e1\u017eist\u00e9 za sebou, zna\u010dn\u011b kol\u00edsav\u00e1. Doch\u00e1z\u00edme k&nbsp;z\u00e1v\u011bru, \u017ee<strong> to nikdy nebude o nic leh\u010d\u00ed.<\/strong> Bez ohledu na to, \u017ee jsme byli mezi p\u00e1r procenty lid\u00ed, kte\u0159\u00ed m\u011bli alespo\u0148 \u0161t\u011bst\u00ed b\u00fdt v&nbsp;Parlamentu na st\u00e1\u017ei.&nbsp;P\u0159esto, \u017ee kon\u010d\u00edc\u00ed st\u00e1\u017e je pro n\u011bkter\u00e9 organizovan\u011bj\u0161\u00ed a citliv\u00e9 povahy zdrojem stresu, i tak si to tady (skoro) ka\u017ed\u00fd u\u017eil. Zd\u00e1 se jako dobr\u00fd okam\u017eik shrnout m\u00e9 osobn\u00ed momenty n\u011bkolika posledn\u00edch m\u011bs\u00edc\u016f.<\/p>\n\n\n\n<p><strong>1.Sprout to be Brussels!<\/strong><\/p>\n\n\n\n<p>Tento slogan se v\u00e1\u017ee k&nbsp;belgick\u00e9 l\u00e1sce k&nbsp;r\u016f\u017ei\u010dkov\u00e9 kapust\u011b. Ano, Belgie je tuze zvl\u00e1\u0161tn\u00ed zem\u00ed. Kde jinde najdete policejn\u00ed p\u00e1skou groteskn\u011b obmotan\u00e9 ty nejm\u00e9n\u011b pravd\u011bpodobn\u00e9 objekty na ulici. Kde najdete ukazatele, podle kter\u00fdch je to&nbsp;stejnou cestou do&nbsp;<em>Brussels<\/em> 22 kilometr\u016f, zat\u00edmco do <em>Bruxelles<\/em> jen 18.<\/p>\n\n\n\n<p>Ve kter\u00e9 zemi m\u016f\u017eete b\u00fdt sv\u011bdky situace, kdy se n\u011bkte\u0159\u00ed Belgi\u010dan\u00e9 p\u0159i n\u00e1v\u0161t\u011bv\u011b ve vl\u00e1msk\u00e9 \u010d\u00e1sti zem\u011b&nbsp;rad\u011bji vyd\u00e1vaj\u00ed za Francouze kv\u016fli jazykov\u00e9 bari\u00e9\u0159e, kterou p\u0159edstavuje holand\u0161tina.<\/p>\n\n\n\n<p>Kdo si zvykne na&nbsp;v\u0161udyp\u0159\u00edtomnost po zuby ozbrojen\u00fdch voj\u00e1k\u016f, kte\u0159\u00ed krou\u017e\u00ed okolo vlakov\u00fdch n\u00e1dra\u017e\u00ed a kte\u0159\u00ed tu jsou, kdy\u017e pijete pivo a j\u00edte hranolky. Kte\u0159\u00ed s v\u00e1mi sleduj\u00ed euforick\u00e9 fotbalov\u00e9 Euro a kte\u0159\u00ed si po\u0159izuj\u00ed selfie b\u011bhem nudn\u00e9 slu\u017eby.<\/p>\n\n\n\n<p>Brusel, sp\u011bchaj\u00edc\u00ed m\u011bsto, kter\u00e9 \u010das net\u00ed\u017e\u00ed. Zejm\u00e9na b\u011bhem nekone\u010dn\u00e9ho \u010dek\u00e1n\u00ed v&nbsp;supermarketu. Obyvatelstvo, povznesen\u00e9 nad detaily, \u017ee v&nbsp;autobuse 71 si p\u0159es dobrou v\u016fli l\u00edstek prost\u011b nevalidujete- ani ve valid\u00e1toru, kter\u00fd je trvale rozbit\u00fd, ani v&nbsp;tom, kter\u00fd tu zbyl z&nbsp;dob, kdy l\u00edstky byly pap\u00edrov\u00e9, ani v&nbsp;tom, kter\u00fd je na konci p\u011btimetrov\u00e9ho autobusu nacpan\u00e9ho lidmi jak v&nbsp;Indii.<\/p>\n\n\n\n<p>Tohle je prost\u011b Belgie. Zem\u011b, kde t\u0159\u00edd\u011bn\u00fd plast pat\u0159\u00ed do modr\u00fdch kontejner\u016f, zat\u00edmco&nbsp;pap\u00edr do \u017elut\u00fdch.&nbsp;Jeden\u00e1ctimilionov\u00e1 zem\u011b, kde p\u016fsob\u00ed&nbsp; 6 vl\u00e1d a 6&nbsp;parlament\u016f z\u00e1rove\u0148. Je t\u011b\u017ek\u00e9 si tuto zemi plnou kultury, um\u011bn\u00ed, politiky a roztomil\u00fdch lid\u00ed sv\u00fdm zp\u016fsobem nezamilovat. A to i p\u0159esto, \u017ee v\u00e1m ukradli telefon a kolo v&nbsp;jednom m\u011bs\u00edci.<\/p>\n\n\n<div class=\"wp-block-image\">\n<figure class=\"aligncenter\"><a href=\"http:\/\/www.mladiinfo.cz\/wp-content\/uploads\/2016\/08\/IMG_3065.jpg\"><img decoding=\"async\" src=\"http:\/\/www.mladiinfo.cz\/wp-content\/uploads\/2016\/08\/IMG_3065-300x225.jpg\" alt=\"\" class=\"wp-image-18478\"\/><\/a><figcaption class=\"wp-element-caption\">S EPSA v Lucemburku.<\/figcaption><\/figure>\n<\/div>\n\n\n<p><strong>Dal\u0161\u00ed fakta o Bruselu?<\/strong><\/p>\n\n\n\n<ul class=\"wp-block-list\">\n<li>350 000 lid\u00ed sem ka\u017ed\u00fd den doj\u00ed\u017ed\u00ed za prac\u00ed.<\/li>\n\n\n\n<li>121 000 pracovn\u00edch pozic v&nbsp;Bruselu je generov\u00e1no mezin\u00e1rodn\u00edmi institucemi.<\/li>\n\n\n\n<li>Potk\u00e1te zde 20 000 lobbist\u016f a 4 500 diplomat\u016f.<\/li>\n\n\n\n<li>S\u00eddl\u00ed zde 20 agentur a organizac\u00ed Evropsk\u00e9 unie.<\/li>\n\n\n\n<li>V roce 2015 Evropsk\u00e9 instituce okupovaly 1 7 000 000 m<sup>2<\/sup> kancel\u00e1\u0159\u00ed.<\/li>\n\n\n\n<li>Parlament m\u00e1 v Bruselu okolo 17 budov, Komise 74.<\/li>\n\n\n\n<li>Zajd\u011bte do jedn\u00e9 z 300 region\u00e1ln\u00edch a n\u00e1rodn\u00edch zastoupen\u00ed.<\/li>\n\n\n\n<li>\u010ce\u0161i jsou jedna ze zhruba 180 n\u00e1rodnost\u00ed.<\/li>\n\n\n\n<li>55,8% bruselsk\u00e9 populace nem\u011blo p\u0159i narozen\u00ed belgickou n\u00e1rodnost a nej\u010dast\u011bj\u0161\u00ed jm\u00e9no je Mohamed.<\/li>\n\n\n\n<li>Brusel je druh\u00e9 m\u011bsto v Evrop\u011b, kde se mluv\u00ed nejv\u00edce jazyky (104 jazyk\u016f).<\/li>\n<\/ul>\n\n\n\n<p><strong>2. Mise do \u0160trasburku I., mise do \u0160trasburku II.<\/strong><\/p>\n\n\n\n<p>Hlavn\u00ed dv\u011b skupiny eurost\u00e1\u017eist\u016f potk\u00e1te v&nbsp;Komisi a v&nbsp;Parlamentu. My z&nbsp;t\u00fdmu Schulz m\u00e1me oproti st\u00e1\u017eist\u016fm z Komise mo\u017enost s na\u0161\u00edm <em>badgem<\/em> vstoupit do jak\u00e9koliv budovy instituc\u00ed, zat\u00edmco st\u00e1\u017eist\u00e9 z Komise si musej\u00ed obstarat n\u00e1v\u0161t\u011bvnickou pr\u016fkazku.<\/p>\n\n\n\n<p>V Komisi dostanete mnohem pravd\u011bpodobn\u011bji nab\u00eddku pr\u00e1ce po skon\u010den\u00ed st\u00e1\u017ee ne\u017e v&nbsp;Parlamentu.&nbsp;Nicm\u00e9n\u011b <em>komisn\u00ed<\/em> <strong>nejezd\u00ed na mise.<\/strong> V&nbsp;Parlamentu m\u00e1 t\u00e9m\u011b\u0159 ka\u017ed\u00fd st\u00e1\u017eista mo\u017enost se minim\u00e1ln\u011b jednou <strong>pod\u00edvat do \u0160trasburku b\u011bhem zasedac\u00edho t\u00fddne.<\/strong><\/p>\n\n\n\n<p>Jak jsem ji\u017e zm\u00ednila na jin\u00fdch m\u00edstech, <strong>Parlament m\u00e1 3 ofici\u00e1ln\u00ed s\u00eddla.<\/strong> V Bruselu, kde prob\u00edhaj\u00ed sch\u016fzky ve v\u00fdborech, politika\u0159en\u00ed, sly\u0161en\u00ed a debaty o jednotliv\u00fdch n\u00e1vrz\u00edch. V Lucemburku, kde s\u00eddl\u00ed hlavn\u00ed budova sekretari\u00e1tu. Ve \u0160trasburku, kde se <strong>o n\u00e1vrz\u00edch jednou m\u011bs\u00ed\u010dn\u011b hlasuje<\/strong>. Jednou m\u011bs\u00ed\u010dn\u011b se tedy<strong> cel\u00fd Brusel st\u011bhuje se v\u0161emi pap\u00edry a zam\u011bstnanci<\/strong> do \u0160trasburku. Pt\u00e1te se, pro\u010d Unie pl\u00fdtv\u00e1 finan\u010dn\u00edmi prost\u0159edky na udr\u017een\u00ed n\u011bkolika s\u00eddel? &nbsp;P\u016fvodn\u011b to byl Lucemburk, kdo se neochotn\u011b ujmul z\u0159\u00eddit zde s\u00eddlo EU a ve Francii je (dle jedn\u00e9 verze) nejstar\u0161\u00ed zasedac\u00ed m\u00edstnost. Toto uspo\u0159\u00e1d\u00e1n\u00ed, kter\u00e9 m\u00e1 (z\u0159ejm\u011b) politick\u00e9 pozad\u00ed, p\u0159ich\u00e1z\u00ed na p\u0159et\u0159es p\u0159i hovorech o reform\u011b Unie jako prvn\u00ed.<\/p>\n\n\n\n<p>N\u011bkte\u0159\u00ed st\u00e1\u017eisti jezdili do \u0160trasburku pravideln\u011b ka\u017ed\u00fd m\u011bs\u00edc d\u00edky povaze sv\u00e9 pr\u00e1ce, &nbsp;v\u011bt\u0161ina v\u0161ak m\u011bla to \u0161t\u011bst\u00ed jen jednou. J\u00e1 a m\u00ed kolegov\u00e9 jsme m\u011bli v\u00fdjezdy dva. Poprv\u00e9 jsme m\u011bli \u0161anci z\u00fa\u010dastnit se <strong>European Youth Event,<\/strong> kter\u00e1 se konala v kv\u011btnu ve \u0160trasburku.<\/p>\n\n\n\n<p>Podruh\u00e9 jsme m\u011bli mo\u017enost se pod\u00edvat na plen\u00e1rn\u00ed zased\u00e1n\u00ed. P\u0159i t\u00e9to p\u0159\u00edle\u017eitosti n\u00e1m byl napl\u00e1nov\u00e1n program jednou z na\u0161ich supervizorek z \u00faseku HR- \u010dekala n\u00e1s detailn\u00ed prohl\u00eddka v\u0161ech budov, ob\u011bd v poslaneck\u00e9 restauraci nebo n\u00e1v\u0161t\u011bva slavn\u00e9ho Hemicycle p\u0159i hlasov\u00e1n\u00ed poslanc\u016f. Ob\u011b mise do \u0160trasburku byly neuv\u011b\u0159iteln\u011b p\u0159\u00edjemn\u00fdmi dny, kdy jsme s&nbsp;kolegy ve spole\u010dn\u00e9m byte\u010dku pronajat\u00e9m p\u0159es Airbnb po ve\u010derech ochutn\u00e1vali francouzsk\u00e1 v\u00edna a objevovali taje m\u00edstn\u00edch restaurac\u00ed.<\/p>\n\n\n\n<p>Abych si svou misi opravdu pamatovala, n\u011bkdo naho\u0159e mi nad\u011blil opravdu v\u00fdjime\u010dn\u00fd cestovatelsk\u00fd z\u00e1\u017eitek. Nejmenovan\u00e1 autobusov\u00e1 spole\u010dnost mi p\u0159ipravila opravdu nemil\u00e9 p\u0159ekvapen\u00ed. Jeliko\u017e jsem na svou misi vyr\u00e1\u017eela z dovolen\u00e9 v Praze, \u010dekala m\u011b no\u010dn\u00ed cesta autobusem p\u0159es Curych. Po p\u0159\u00edjezdu na pra\u017esk\u00fd Florenc jsem ov\u0161em zjistila, \u017ee m\u016fj spoj byl zru\u0161en a TA spole\u010dnost m\u011b zapomn\u011bla informovat. Vzhledem k tomu, \u017ee za 16 hodin jsem m\u011bla b\u00fdt nastoupen\u00e1 v&nbsp;podpatc\u00edch v Parlamentu, za\u010dalo to prav\u00e9 dobrodru\u017estv\u00ed. Po rychl\u00e9 anal\u00fdze jsem p\u0159eobjednala autobus na p\u016flno\u010dn\u00ed spoj po podobn\u00e9 trase s p\u0159estupem ve Frankfurtu. Okolo \u0161est\u00e9 hodiny rann\u00ed m\u011b probudil poskakuj\u00edc\u00ed autobus. Ano, 60 km p\u0159ed Frankfurtem jsme havarovali. Jazykov\u00e1 vybavenost \u0159idi\u010d\u016f byla velice tristn\u00ed a komunikace s nejmenovanou spole\u010dnost\u00ed p\u0159\u00ed\u0161ern\u00e1. Jedin\u00e9 pozitivum n\u00e1sleduj\u00edc\u00edch \u010dty\u0159 hodin bylo to, \u017ee n\u00e1m \u00fap\u011bnliv\u00e9 pro bono p\u0159edkladatelsk\u00e9 slu\u017eby \u010de\u0161tina-n\u011bm\u010dina-angli\u010dtina zabr\u00e1nily, abychom intenzivn\u011b dom\u00fd\u0161leli n\u00e1sledky \u010dty\u0159hodinov\u00e9ho zpo\u017ed\u011bn\u00ed. Okolo jeden\u00e1ct\u00e9 hodiny bylo jasn\u00e9, \u017ee to prost\u011b do \u0160trasburku nestihnu. Kdy\u017e jsme kolem poledne dorazili do Frankfurtu, bylo \u010das hledat n\u00e1hradn\u00ed \u0159e\u0161en\u00ed. T\u00edm se uk\u00e1zal vlak. Neum\u00edm si p\u0159edstavit vice stresu, hladu a \u00fanavy, ne\u017e jsem pro\u017e\u00edvala v tomhle vlaku. Abych to nem\u011bla jednoduch\u00e9, druh\u00fd ze 3 spoj\u016f, kter\u00fd m\u011b m\u011bl dopravit na m\u00edsto, m\u011bl ne\u010dekan\u00e9 zpo\u017ed\u011bn\u00ed&#8230;<\/p>\n\n\n\n<p>Tento moment by zaslou\u017eil zapsat do Guinnesovy knihy rekord\u016f jako cestov\u00e1n\u00ed v&nbsp;\u010dase, kdy jsem dorazila do \u0160trasburku jen s&nbsp;hodinov\u00fdm zpo\u017ed\u011bn\u00edm.<\/p>\n\n\n\n<p><strong>3. Brexit a dal\u0161\u00ed politick\u00e9 eurokotrmelce<\/strong><\/p>\n\n\n\n<p>A\u0165 u\u017e si mysl\u00edte o Brexitu cokoliv, bylo rozhodn\u011b zaj\u00edmav\u00e9 nas\u00e1vat atmosf\u00e9ru t\u011bchto dn\u016f p\u0159\u00edmo v&nbsp;jeho d\u011bji\u0161ti.&nbsp;Jak mo\u017en\u00e1 v\u00edte, po onom osudn\u00e9m referendu Parlament uspo\u0159\u00e1dal speci\u00e1ln\u00ed zased\u00e1n\u00ed tady v Bruselu.<\/p>\n\n\n\n<p>Norm\u00e1ln\u011b se plen\u00e1rn\u00ed zased\u00e1n\u00ed (kde&nbsp;poslanci hlasuj\u00ed&nbsp;o n\u00e1vrz\u00edch)&nbsp;<strong>konaj\u00ed jednou m\u011bs\u00ed\u010dn\u011b ve \u0160trasburku<\/strong>, kde je historicky nejstar\u0161\u00ed s\u00e1l a v Bruselu se <em>d\u011bl\u00e1 politika<\/em>.<\/p>\n\n\n\n<p>Vzhledem k v\u00fdjime\u010dnosti situace bylo uspo\u0159\u00e1d\u00e1no zased\u00e1n\u00ed v Bruselu a tyto &#8211; za p\u00e1r let ur\u010dit\u011b historick\u00e9 &#8211; okam\u017eiky jsme <strong>mohli sledovat v p\u0159\u00edm\u00e9m p\u0159enosu.<\/strong> Z neklidn\u00fdch, lidsky zklaman\u00fdch&nbsp;europoslanc\u016f a host\u016f na galeri\u00edch emoce jenom sr\u0161ely a jejich proslovy byly v m\u00e9di\u00edch opakov\u00e1ny je\u0161t\u011b n\u011bkolik t\u00fddn\u016f posl\u00e9ze. Nen\u00ed t\u0159eba podot\u00fdkat, \u017ee nejv\u011bt\u0161\u00ed bu\u010den\u00ed sklidil europoslaneck\u00fd matarod Nigel Farage, kter\u00fd s vystoupen\u00edm Brit\u00e1nie z EU spojil se svou kari\u00e9rou ji\u017e od sam\u00e9ho po\u010d\u00e1tku.<\/p>\n\n\n\n<p><strong>4. Unik\u00e1tn\u00ed \u017eivotn\u00ed zku\u0161enost<\/strong><\/p>\n\n\n\n<p>Uplynul\u00fdch p\u011bt m\u011bs\u00edc\u016f bych charakterizovala n\u00e1sledovn\u011b:<\/p>\n\n\n\n<ul class=\"wp-block-list\">\n<li>1 ukraden\u00fd mobil,<\/li>\n\n\n\n<li>1 ukraden\u00e9 kolo,<\/li>\n\n\n\n<li>dobr\u00e1 des\u00edtka evakuac\u00ed m\u011bsta kv\u016fli terorismu,<\/li>\n\n\n\n<li>nespo\u010det nov\u00fdch p\u0159\u00e1tel,<\/li>\n\n\n\n<li>nep\u0159enositeln\u00e1 \u017eivotn\u00ed zku\u0161enost.<\/li>\n<\/ul>\n\n\n\n<p>M\u011bla jsem mo\u017enost za\u017e\u00edt, jak <strong>funguje evropsk\u00fd kolos, pr\u00e1ci v mezin\u00e1rodn\u00edm t\u00fdmu,<\/strong> kdy se perete s&nbsp;probl\u00e9my od italsk\u00e9 \u0159e\u010dnick\u00e9 v\u00e1\u0161n\u011b po flegmati\u010dnost Rumun\u016f. Mo\u017enost <strong>srovnat realitu<\/strong> s osobn\u00edmi p\u0159edstavami<strong>, objevovat nedokonalosti syst\u00e9mu<\/strong> a jejich p\u0159ij\u00edm\u00e1n\u00ed. Ano, st\u00e1\u017e nebyla v\u017edy ide\u00e1ln\u00ed. Ano, EU by si zaslou\u017eila p\u00e1r reforem. Ano, organizace od ur\u010dit\u00e9 velikosti u\u017e str\u00e1v\u00ed mnoho \u010dasu organizov\u00e1n\u00edm vlastn\u00edho vnit\u0159n\u00edho chodu. <strong>Konstruktivn\u00ed kritika a uzn\u00e1n\u00ed vlastn\u00ed nedokonalosti<\/strong> by m\u011bla b\u00fdt kl\u00ed\u010dov\u00e1 hodnota pro dal\u0161\u00ed kroky. Je kritika v\u017edy konstruktivn\u00ed? Je pro kritiku v&nbsp;Bruselu m\u00edsto? Evropsk\u00e1 unie je otev\u0159ena n\u00e1m mlad\u00fdm. EU vynakl\u00e1d\u00e1 zna\u010dn\u00e9 finan\u010dn\u00ed prost\u0159edky na to, aby si vychovala silnou generaci, kter\u00e1 p\u0159evezme kormidlo a nebude opakovat chyby star\u0161\u00edch.<\/p>\n\n\n<div class=\"wp-block-image\">\n<figure class=\"aligncenter\"><a href=\"http:\/\/www.mladiinfo.cz\/wp-content\/uploads\/2016\/08\/IMG_20160728_202404.jpg\"><img decoding=\"async\" src=\"http:\/\/www.mladiinfo.cz\/wp-content\/uploads\/2016\/08\/IMG_20160728_202404-168x300.jpg\" alt=\"sdr\" class=\"wp-image-18479\"\/><\/a><\/figure>\n<\/div>\n\n\n<p>Jeden s m\u00fdch koleg\u016f podotkl, jak <strong>moc n\u00e1m z\u00e1vid\u00ed, \u017ee jsme na za\u010d\u00e1tku kari\u00e9ry.<\/strong> \u017de zat\u00edmco on u\u017e m\u00e1 ty nejt\u011b\u017e\u0161\u00ed boje za sebou, <strong>n\u00e1s to teprve \u010dek\u00e1.<\/strong> &nbsp;Nebylo lehk\u00e9 do Bruselu p\u0159ij\u00edt a je\u0161t\u011b t\u011b\u017e\u0161\u00ed je odej\u00edt. Ale tohle je \u00fad\u011bl na\u0161\u00ed generace &#8211;<strong> pozn\u00e1vat nov\u00e1 m\u00edsta a lidi a z\u00e1hy je opou\u0161t\u011bt<\/strong>. A tak Brusel opou\u0161t\u00edme, abychom se potkali znovu na jin\u00fdch m\u00edstech, ka\u017ed\u00fd se sv\u00fdm zp\u016fsobem a dle sv\u00e9ho p\u0159esv\u011bd\u010den\u00ed sna\u017e\u00edc o to, aby Evropa byla bezpe\u010dn\u00fdm a p\u0159\u00edjemn\u00fdm m\u00edstem k&nbsp;\u017eivotu.<\/p>\n\n\n<div class=\"wp-block-image\">\n<figure class=\"aligncenter\"><a href=\"http:\/\/www.mladiinfo.cz\/wp-content\/uploads\/2016\/08\/IMG_20160729_124417.jpg\"><img decoding=\"async\" src=\"http:\/\/www.mladiinfo.cz\/wp-content\/uploads\/2016\/08\/IMG_20160729_124417-300x168.jpg\" alt=\"\" class=\"wp-image-18481\"\/><\/a><\/figure>\n<\/div>","protected":false},"excerpt":{"rendered":"<p>P\u011bt m\u011bs\u00edc\u016f uteklo jako voda a je \u010das se rozlou\u010dit se st\u00e1\u017e\u00ed v Evropsk\u00e9m parlamentu. [&hellip;]<\/p>\n","protected":false},"author":1,"featured_media":165,"comment_status":"closed","ping_status":"closed","sticky":false,"template":"","format":"standard","meta":{"_monsterinsights_skip_tracking":false,"_monsterinsights_sitenote_active":false,"_monsterinsights_sitenote_note":"","_monsterinsights_sitenote_category":0,"_jetpack_memberships_contains_paid_content":false,"footnotes":"","jetpack_publicize_message":"","jetpack_publicize_feature_enabled":true,"jetpack_social_post_already_shared":true,"jetpack_social_options":{"image_generator_settings":{"template":"highway","default_image_id":0,"font":"","enabled":false},"version":2}},"categories":[4,16],"tags":[19,15],"class_list":["post-137","post","type-post","status-publish","format-standard","has-post-thumbnail","hentry","category-co-bylo-predtim","category-kariera","tag-evropsky-parlament","tag-kariera"],"yoast_head":"<!-- This site is optimized with the Yoast SEO plugin v27.5 - https:\/\/yoast.com\/product\/yoast-seo-wordpress\/ -->\n<title>Evropsk\u00fd parlament VI: Co mi Brusel dal a vzal - M\u016fj \u017eivot ve \u0160v\u00e9dsku<\/title>\n<meta name=\"robots\" content=\"index, follow, max-snippet:-1, max-image-preview:large, max-video-preview:-1\" \/>\n<link rel=\"canonical\" href=\"https:\/\/tynavesvedsku.com\/index.php\/2022\/11\/25\/co-mi-brusel-dal-a-vzal\/\" \/>\n<meta property=\"og:locale\" content=\"cs_CZ\" \/>\n<meta property=\"og:type\" content=\"article\" \/>\n<meta property=\"og:title\" content=\"Evropsk\u00fd parlament VI: Co mi Brusel dal a vzal - M\u016fj \u017eivot ve \u0160v\u00e9dsku\" \/>\n<meta property=\"og:description\" content=\"P\u011bt m\u011bs\u00edc\u016f uteklo jako voda a je \u010das se rozlou\u010dit se st\u00e1\u017e\u00ed v Evropsk\u00e9m parlamentu. [&hellip;]\" \/>\n<meta property=\"og:url\" content=\"https:\/\/tynavesvedsku.com\/index.php\/2022\/11\/25\/co-mi-brusel-dal-a-vzal\/\" \/>\n<meta property=\"og:site_name\" content=\"M\u016fj \u017eivot ve \u0160v\u00e9dsku\" \/>\n<meta property=\"article:published_time\" content=\"2022-11-25T14:30:34+00:00\" \/>\n<meta property=\"article:modified_time\" content=\"2023-01-06T12:24:30+00:00\" \/>\n<meta property=\"og:image\" content=\"https:\/\/tynavesvedsku.com\/wp-content\/uploads\/2022\/11\/2020-09-16-2.jpg\" \/>\n\t<meta property=\"og:image:width\" content=\"2048\" \/>\n\t<meta property=\"og:image:height\" content=\"1536\" \/>\n\t<meta property=\"og:image:type\" content=\"image\/jpeg\" \/>\n<meta name=\"author\" content=\"tyna\" \/>\n<meta name=\"twitter:card\" content=\"summary_large_image\" \/>\n<meta name=\"twitter:label1\" content=\"Napsal(a)\" \/>\n\t<meta name=\"twitter:data1\" content=\"tyna\" \/>\n\t<meta name=\"twitter:label2\" content=\"Odhadovan\u00e1 doba \u010dten\u00ed\" \/>\n\t<meta name=\"twitter:data2\" content=\"9 minut\" \/>\n<script type=\"application\/ld+json\" class=\"yoast-schema-graph\">{\"@context\":\"https:\\\/\\\/schema.org\",\"@graph\":[{\"@type\":\"Article\",\"@id\":\"https:\\\/\\\/tynavesvedsku.com\\\/index.php\\\/2022\\\/11\\\/25\\\/co-mi-brusel-dal-a-vzal\\\/#article\",\"isPartOf\":{\"@id\":\"https:\\\/\\\/tynavesvedsku.com\\\/index.php\\\/2022\\\/11\\\/25\\\/co-mi-brusel-dal-a-vzal\\\/\"},\"author\":{\"name\":\"tyna\",\"@id\":\"https:\\\/\\\/tynavesvedsku.com\\\/#\\\/schema\\\/person\\\/911bb2cdceaf0b9d4c7d56be12f730ec\"},\"headline\":\"Evropsk\u00fd parlament VI: Co mi Brusel dal a vzal\",\"datePublished\":\"2022-11-25T14:30:34+00:00\",\"dateModified\":\"2023-01-06T12:24:30+00:00\",\"mainEntityOfPage\":{\"@id\":\"https:\\\/\\\/tynavesvedsku.com\\\/index.php\\\/2022\\\/11\\\/25\\\/co-mi-brusel-dal-a-vzal\\\/\"},\"wordCount\":2094,\"image\":{\"@id\":\"https:\\\/\\\/tynavesvedsku.com\\\/index.php\\\/2022\\\/11\\\/25\\\/co-mi-brusel-dal-a-vzal\\\/#primaryimage\"},\"thumbnailUrl\":\"https:\\\/\\\/tynavesvedsku.com\\\/wp-content\\\/uploads\\\/2022\\\/11\\\/2020-09-16-2.jpg\",\"keywords\":[\"Evropsk\u00fd parlament\",\"Kari\u00e9ra\"],\"articleSection\":[\"Co bylo p\u0159edt\u00edm\",\"Pr\u00e1ce\"],\"inLanguage\":\"cs\"},{\"@type\":\"WebPage\",\"@id\":\"https:\\\/\\\/tynavesvedsku.com\\\/index.php\\\/2022\\\/11\\\/25\\\/co-mi-brusel-dal-a-vzal\\\/\",\"url\":\"https:\\\/\\\/tynavesvedsku.com\\\/index.php\\\/2022\\\/11\\\/25\\\/co-mi-brusel-dal-a-vzal\\\/\",\"name\":\"Evropsk\u00fd parlament VI: Co mi Brusel dal a vzal - M\u016fj \u017eivot ve \u0160v\u00e9dsku\",\"isPartOf\":{\"@id\":\"https:\\\/\\\/tynavesvedsku.com\\\/#website\"},\"primaryImageOfPage\":{\"@id\":\"https:\\\/\\\/tynavesvedsku.com\\\/index.php\\\/2022\\\/11\\\/25\\\/co-mi-brusel-dal-a-vzal\\\/#primaryimage\"},\"image\":{\"@id\":\"https:\\\/\\\/tynavesvedsku.com\\\/index.php\\\/2022\\\/11\\\/25\\\/co-mi-brusel-dal-a-vzal\\\/#primaryimage\"},\"thumbnailUrl\":\"https:\\\/\\\/tynavesvedsku.com\\\/wp-content\\\/uploads\\\/2022\\\/11\\\/2020-09-16-2.jpg\",\"datePublished\":\"2022-11-25T14:30:34+00:00\",\"dateModified\":\"2023-01-06T12:24:30+00:00\",\"author\":{\"@id\":\"https:\\\/\\\/tynavesvedsku.com\\\/#\\\/schema\\\/person\\\/911bb2cdceaf0b9d4c7d56be12f730ec\"},\"breadcrumb\":{\"@id\":\"https:\\\/\\\/tynavesvedsku.com\\\/index.php\\\/2022\\\/11\\\/25\\\/co-mi-brusel-dal-a-vzal\\\/#breadcrumb\"},\"inLanguage\":\"cs\",\"potentialAction\":[{\"@type\":\"ReadAction\",\"target\":[\"https:\\\/\\\/tynavesvedsku.com\\\/index.php\\\/2022\\\/11\\\/25\\\/co-mi-brusel-dal-a-vzal\\\/\"]}]},{\"@type\":\"ImageObject\",\"inLanguage\":\"cs\",\"@id\":\"https:\\\/\\\/tynavesvedsku.com\\\/index.php\\\/2022\\\/11\\\/25\\\/co-mi-brusel-dal-a-vzal\\\/#primaryimage\",\"url\":\"https:\\\/\\\/tynavesvedsku.com\\\/wp-content\\\/uploads\\\/2022\\\/11\\\/2020-09-16-2.jpg\",\"contentUrl\":\"https:\\\/\\\/tynavesvedsku.com\\\/wp-content\\\/uploads\\\/2022\\\/11\\\/2020-09-16-2.jpg\",\"width\":2048,\"height\":1536},{\"@type\":\"BreadcrumbList\",\"@id\":\"https:\\\/\\\/tynavesvedsku.com\\\/index.php\\\/2022\\\/11\\\/25\\\/co-mi-brusel-dal-a-vzal\\\/#breadcrumb\",\"itemListElement\":[{\"@type\":\"ListItem\",\"position\":1,\"name\":\"Home\",\"item\":\"https:\\\/\\\/tynavesvedsku.com\\\/\"},{\"@type\":\"ListItem\",\"position\":2,\"name\":\"Evropsk\u00fd parlament VI: Co mi Brusel dal a vzal\"}]},{\"@type\":\"WebSite\",\"@id\":\"https:\\\/\\\/tynavesvedsku.com\\\/#website\",\"url\":\"https:\\\/\\\/tynavesvedsku.com\\\/\",\"name\":\"M\u016fj \u017eivot ve \u0160v\u00e9dsku\",\"description\":\"Blog o \u0161v\u00e9d\u0161tin\u011b, cestov\u00e1n\u00ed a \u017eivot\u011b ve \u0160v\u00e9dsku\",\"potentialAction\":[{\"@type\":\"SearchAction\",\"target\":{\"@type\":\"EntryPoint\",\"urlTemplate\":\"https:\\\/\\\/tynavesvedsku.com\\\/?s={search_term_string}\"},\"query-input\":{\"@type\":\"PropertyValueSpecification\",\"valueRequired\":true,\"valueName\":\"search_term_string\"}}],\"inLanguage\":\"cs\"},{\"@type\":\"Person\",\"@id\":\"https:\\\/\\\/tynavesvedsku.com\\\/#\\\/schema\\\/person\\\/911bb2cdceaf0b9d4c7d56be12f730ec\",\"name\":\"tyna\",\"image\":{\"@type\":\"ImageObject\",\"inLanguage\":\"cs\",\"@id\":\"https:\\\/\\\/secure.gravatar.com\\\/avatar\\\/04410c153f8418bab509dfe23b92b5c8343e18b5be3958974c7b7f00fdb9b863?s=96&d=mm&r=g\",\"url\":\"https:\\\/\\\/secure.gravatar.com\\\/avatar\\\/04410c153f8418bab509dfe23b92b5c8343e18b5be3958974c7b7f00fdb9b863?s=96&d=mm&r=g\",\"contentUrl\":\"https:\\\/\\\/secure.gravatar.com\\\/avatar\\\/04410c153f8418bab509dfe23b92b5c8343e18b5be3958974c7b7f00fdb9b863?s=96&d=mm&r=g\",\"caption\":\"tyna\"},\"sameAs\":[\"http:\\\/\\\/tynavesvedsku.com\"],\"url\":\"https:\\\/\\\/tynavesvedsku.com\\\/index.php\\\/author\\\/tyna\\\/\"}]}<\/script>\n<!-- \/ Yoast SEO plugin. -->","yoast_head_json":{"title":"Evropsk\u00fd parlament VI: Co mi Brusel dal a vzal - M\u016fj \u017eivot ve \u0160v\u00e9dsku","robots":{"index":"index","follow":"follow","max-snippet":"max-snippet:-1","max-image-preview":"max-image-preview:large","max-video-preview":"max-video-preview:-1"},"canonical":"https:\/\/tynavesvedsku.com\/index.php\/2022\/11\/25\/co-mi-brusel-dal-a-vzal\/","og_locale":"cs_CZ","og_type":"article","og_title":"Evropsk\u00fd parlament VI: Co mi Brusel dal a vzal - M\u016fj \u017eivot ve \u0160v\u00e9dsku","og_description":"P\u011bt m\u011bs\u00edc\u016f uteklo jako voda a je \u010das se rozlou\u010dit se st\u00e1\u017e\u00ed v Evropsk\u00e9m parlamentu. [&hellip;]","og_url":"https:\/\/tynavesvedsku.com\/index.php\/2022\/11\/25\/co-mi-brusel-dal-a-vzal\/","og_site_name":"M\u016fj \u017eivot ve \u0160v\u00e9dsku","article_published_time":"2022-11-25T14:30:34+00:00","article_modified_time":"2023-01-06T12:24:30+00:00","og_image":[{"width":2048,"height":1536,"url":"https:\/\/tynavesvedsku.com\/wp-content\/uploads\/2022\/11\/2020-09-16-2.jpg","type":"image\/jpeg"}],"author":"tyna","twitter_card":"summary_large_image","twitter_misc":{"Napsal(a)":"tyna","Odhadovan\u00e1 doba \u010dten\u00ed":"9 minut"},"schema":{"@context":"https:\/\/schema.org","@graph":[{"@type":"Article","@id":"https:\/\/tynavesvedsku.com\/index.php\/2022\/11\/25\/co-mi-brusel-dal-a-vzal\/#article","isPartOf":{"@id":"https:\/\/tynavesvedsku.com\/index.php\/2022\/11\/25\/co-mi-brusel-dal-a-vzal\/"},"author":{"name":"tyna","@id":"https:\/\/tynavesvedsku.com\/#\/schema\/person\/911bb2cdceaf0b9d4c7d56be12f730ec"},"headline":"Evropsk\u00fd parlament VI: Co mi Brusel dal a vzal","datePublished":"2022-11-25T14:30:34+00:00","dateModified":"2023-01-06T12:24:30+00:00","mainEntityOfPage":{"@id":"https:\/\/tynavesvedsku.com\/index.php\/2022\/11\/25\/co-mi-brusel-dal-a-vzal\/"},"wordCount":2094,"image":{"@id":"https:\/\/tynavesvedsku.com\/index.php\/2022\/11\/25\/co-mi-brusel-dal-a-vzal\/#primaryimage"},"thumbnailUrl":"https:\/\/tynavesvedsku.com\/wp-content\/uploads\/2022\/11\/2020-09-16-2.jpg","keywords":["Evropsk\u00fd parlament","Kari\u00e9ra"],"articleSection":["Co bylo p\u0159edt\u00edm","Pr\u00e1ce"],"inLanguage":"cs"},{"@type":"WebPage","@id":"https:\/\/tynavesvedsku.com\/index.php\/2022\/11\/25\/co-mi-brusel-dal-a-vzal\/","url":"https:\/\/tynavesvedsku.com\/index.php\/2022\/11\/25\/co-mi-brusel-dal-a-vzal\/","name":"Evropsk\u00fd parlament VI: Co mi Brusel dal a vzal - M\u016fj \u017eivot ve \u0160v\u00e9dsku","isPartOf":{"@id":"https:\/\/tynavesvedsku.com\/#website"},"primaryImageOfPage":{"@id":"https:\/\/tynavesvedsku.com\/index.php\/2022\/11\/25\/co-mi-brusel-dal-a-vzal\/#primaryimage"},"image":{"@id":"https:\/\/tynavesvedsku.com\/index.php\/2022\/11\/25\/co-mi-brusel-dal-a-vzal\/#primaryimage"},"thumbnailUrl":"https:\/\/tynavesvedsku.com\/wp-content\/uploads\/2022\/11\/2020-09-16-2.jpg","datePublished":"2022-11-25T14:30:34+00:00","dateModified":"2023-01-06T12:24:30+00:00","author":{"@id":"https:\/\/tynavesvedsku.com\/#\/schema\/person\/911bb2cdceaf0b9d4c7d56be12f730ec"},"breadcrumb":{"@id":"https:\/\/tynavesvedsku.com\/index.php\/2022\/11\/25\/co-mi-brusel-dal-a-vzal\/#breadcrumb"},"inLanguage":"cs","potentialAction":[{"@type":"ReadAction","target":["https:\/\/tynavesvedsku.com\/index.php\/2022\/11\/25\/co-mi-brusel-dal-a-vzal\/"]}]},{"@type":"ImageObject","inLanguage":"cs","@id":"https:\/\/tynavesvedsku.com\/index.php\/2022\/11\/25\/co-mi-brusel-dal-a-vzal\/#primaryimage","url":"https:\/\/tynavesvedsku.com\/wp-content\/uploads\/2022\/11\/2020-09-16-2.jpg","contentUrl":"https:\/\/tynavesvedsku.com\/wp-content\/uploads\/2022\/11\/2020-09-16-2.jpg","width":2048,"height":1536},{"@type":"BreadcrumbList","@id":"https:\/\/tynavesvedsku.com\/index.php\/2022\/11\/25\/co-mi-brusel-dal-a-vzal\/#breadcrumb","itemListElement":[{"@type":"ListItem","position":1,"name":"Home","item":"https:\/\/tynavesvedsku.com\/"},{"@type":"ListItem","position":2,"name":"Evropsk\u00fd parlament VI: Co mi Brusel dal a vzal"}]},{"@type":"WebSite","@id":"https:\/\/tynavesvedsku.com\/#website","url":"https:\/\/tynavesvedsku.com\/","name":"M\u016fj \u017eivot ve \u0160v\u00e9dsku","description":"Blog o \u0161v\u00e9d\u0161tin\u011b, cestov\u00e1n\u00ed a \u017eivot\u011b ve \u0160v\u00e9dsku","potentialAction":[{"@type":"SearchAction","target":{"@type":"EntryPoint","urlTemplate":"https:\/\/tynavesvedsku.com\/?s={search_term_string}"},"query-input":{"@type":"PropertyValueSpecification","valueRequired":true,"valueName":"search_term_string"}}],"inLanguage":"cs"},{"@type":"Person","@id":"https:\/\/tynavesvedsku.com\/#\/schema\/person\/911bb2cdceaf0b9d4c7d56be12f730ec","name":"tyna","image":{"@type":"ImageObject","inLanguage":"cs","@id":"https:\/\/secure.gravatar.com\/avatar\/04410c153f8418bab509dfe23b92b5c8343e18b5be3958974c7b7f00fdb9b863?s=96&d=mm&r=g","url":"https:\/\/secure.gravatar.com\/avatar\/04410c153f8418bab509dfe23b92b5c8343e18b5be3958974c7b7f00fdb9b863?s=96&d=mm&r=g","contentUrl":"https:\/\/secure.gravatar.com\/avatar\/04410c153f8418bab509dfe23b92b5c8343e18b5be3958974c7b7f00fdb9b863?s=96&d=mm&r=g","caption":"tyna"},"sameAs":["http:\/\/tynavesvedsku.com"],"url":"https:\/\/tynavesvedsku.com\/index.php\/author\/tyna\/"}]}},"jetpack_publicize_connections":[],"jetpack_featured_media_url":"https:\/\/tynavesvedsku.com\/wp-content\/uploads\/2022\/11\/2020-09-16-2.jpg","jetpack_sharing_enabled":true,"_links":{"self":[{"href":"https:\/\/tynavesvedsku.com\/index.php\/wp-json\/wp\/v2\/posts\/137","targetHints":{"allow":["GET"]}}],"collection":[{"href":"https:\/\/tynavesvedsku.com\/index.php\/wp-json\/wp\/v2\/posts"}],"about":[{"href":"https:\/\/tynavesvedsku.com\/index.php\/wp-json\/wp\/v2\/types\/post"}],"author":[{"embeddable":true,"href":"https:\/\/tynavesvedsku.com\/index.php\/wp-json\/wp\/v2\/users\/1"}],"replies":[{"embeddable":true,"href":"https:\/\/tynavesvedsku.com\/index.php\/wp-json\/wp\/v2\/comments?post=137"}],"version-history":[{"count":4,"href":"https:\/\/tynavesvedsku.com\/index.php\/wp-json\/wp\/v2\/posts\/137\/revisions"}],"predecessor-version":[{"id":449,"href":"https:\/\/tynavesvedsku.com\/index.php\/wp-json\/wp\/v2\/posts\/137\/revisions\/449"}],"wp:featuredmedia":[{"embeddable":true,"href":"https:\/\/tynavesvedsku.com\/index.php\/wp-json\/wp\/v2\/media\/165"}],"wp:attachment":[{"href":"https:\/\/tynavesvedsku.com\/index.php\/wp-json\/wp\/v2\/media?parent=137"}],"wp:term":[{"taxonomy":"category","embeddable":true,"href":"https:\/\/tynavesvedsku.com\/index.php\/wp-json\/wp\/v2\/categories?post=137"},{"taxonomy":"post_tag","embeddable":true,"href":"https:\/\/tynavesvedsku.com\/index.php\/wp-json\/wp\/v2\/tags?post=137"}],"curies":[{"name":"wp","href":"https:\/\/api.w.org\/{rel}","templated":true}]}}