{"id":143,"date":"2022-11-25T14:35:20","date_gmt":"2022-11-25T14:35:20","guid":{"rendered":"https:\/\/tynavesvedsku.com\/?p=143"},"modified":"2022-11-26T16:28:52","modified_gmt":"2022-11-26T16:28:52","slug":"pruvodce-karierou-v-mezinarodnich-organizacich-evropska-unie","status":"publish","type":"post","link":"https:\/\/tynavesvedsku.com\/index.php\/2022\/11\/25\/pruvodce-karierou-v-mezinarodnich-organizacich-evropska-unie\/","title":{"rendered":"Pr\u016fvodce kari\u00e9rou v mezin\u00e1rodn\u00edch organizac\u00edch: Evropsk\u00e1 unie"},"content":{"rendered":"\n<p>Kari\u00e9ra v Evropsk\u00e9 unii? Pr\u016fvodce kari\u00e9rou v mezin\u00e1rodn\u00edch organizac\u00edch: Evropsk\u00e1 unie!<\/p>\n\n\n\n<!--more-->\n\n\n\n<h3 class=\"wp-block-heading\">Pr\u016fvodce kari\u00e9rou v mezin\u00e1rodn\u00edch organizac\u00edch: Evropsk\u00e1 unie<\/h3>\n\n\n\n<p>Jestli t\u011b zaj\u00edm\u00e1 mezin\u00e1rodn\u00ed d\u011bn\u00ed a jsi dostate\u010dn\u011b jazykov\u011b vybaven\u00fd\/\u00e1, ur\u010dit\u011b jsi n\u011bkdy alespo\u0148 chvilku p\u0159em\u00fd\u0161lel\/a o pr\u00e1ci v Evropsk\u00e9 unii. Ne? Tak se zkus probrat na\u0161\u00edm \u010dl\u00e1nkem <em>Pr\u016fvodce kari\u00e9rou v mezin\u00e1rodn\u00edch organizac\u00edch: Evropsk\u00e1 unie<\/em> a z\u00edskej p\u0159esn\u011bj\u0161\u00ed p\u0159edstavu, co pr\u00e1ce v Bruselu, \u0160trasburku nebo Lucemburku m\u016f\u017ee obn\u00e1\u0161et.<\/p>\n\n\n\n<h3 class=\"wp-block-heading\">Kter\u00e9 mo\u017enosti by m\u011bly nejv\u00edce zaj\u00edmat absolventy?<\/h3>\n\n\n\n<p>V \u010dl\u00e1nku probereme typy st\u00e1\u017e\u00ed, druhy smluv, kategorie zam\u011bstnanc\u016f a sezn\u00e1m\u00edme se s \u00fa\u0159adem EPSO. Vysv\u011btl\u00edme, ve kter\u00fdch situac\u00edch t\u011b toto v\u00fdb\u011brov\u00e9 \u0159\u00edzen\u00ed mine, a porad\u00edme, jak a kde se pro z\u00edsk\u00e1n\u00ed pr\u00e1ce p\u0159ipravit, a\u0165 se uch\u00e1z\u00ed\u0161 o zam\u011bstn\u00e1n\u00ed p\u0159\u00edmo v instituc\u00edch nebo v n\u011bkter\u00e9 z jejich agentur.<\/p>\n\n\n\n<h4 class=\"wp-block-heading\">Absolvent-friendly EU<\/h4>\n\n\n\n<p>V minul\u00e9m \u010dl\u00e1nku jsme se bavili o OSN. Absolventy jist\u011b pot\u011b\u0161\u00ed, \u017ee <strong>EU je mnohem p\u0159\u00edstupn\u011bj\u0161\u00ed pro mlad\u00e9 lidi po \u0161kole<\/strong>. Pro\u010d? Jednak to vych\u00e1z\u00ed z celkov\u00e9 politiky EU, jednak je zde p\u0159ece jen men\u0161\u00ed konkurence \u2013 do v\u00fdb\u011brov\u00fdch \u0159\u00edzen\u00ed se hl\u00e1s\u00ed p\u0159ev\u00e1\u017en\u011b jen ob\u010dan\u00e9 \u010dlensk\u00e9 osmadvac\u00edtky.<\/p>\n\n\n\n<p>P\u0159esto se \u010dasy trochu zm\u011bnily. V minulosti byly doby, kdy bylo \u00fadajn\u011b mnohem jednodu\u0161\u0161\u00ed st\u00e1t se evropsk\u00fdm \u00fa\u0159edn\u00edkem. V roce 2004 p\u0159i\u0161la nejv\u011bt\u0161\u00ed vlna \u010desk\u00fdch zam\u011bstnanc\u016f a mnoz\u00ed z nich pracuj\u00ed v Bruselu st\u00e1le.<\/p>\n\n\n\n<p>P\u0159ed \u010dasem upustila Evropsk\u00e1 unie od star\u0161\u00edho typu p\u0159ij\u00edmac\u00edho \u0159\u00edzen\u00ed, jeho\u017e sou\u010d\u00e1st\u00ed byl v\u011bdomostn\u00ed test, a nyn\u00ed je za v\u00fdb\u011br zam\u011bstnanc\u016f podle nov\u00e9ho ji\u017e zodpov\u011bdn\u00fd \u00fa\u0159ad EPSO. <strong>Pro z\u00edsk\u00e1n\u00ed zam\u011bstn\u00e1n\u00ed mus\u00ed\u0161 tedy proj\u00edt t\u00edmto standardizovan\u00fdm \u0159\u00edzen\u00edm.<\/strong> Ale ne bezv\u00fdhradn\u011b.<\/p>\n\n\n\n<h3 class=\"wp-block-heading\"><strong>St\u00e1\u017ee v EU a v ostatn\u00edch agentur\u00e1ch<\/strong><\/h3>\n\n\n\n<p>Pr\u016fm\u011brn\u00fd v\u011bk \u010cecha pracuj\u00edc\u00edho pro Evropskou unii je zhruba 36 let. P\u0159esto je tento v\u011bkov\u00fd pr\u016fm\u011br \u010cech\u016f <strong>je\u0161t\u011b celkem n\u00edzk\u00fd<\/strong> oproti ostatn\u00edm pracovn\u00edk\u016fm z\u00a0ciz\u00edch \u010dlensk\u00fdch st\u00e1t\u016f.<\/p>\n\n\n\n<h3 class=\"wp-block-heading\">Do instituc\u00ed m\u016f\u017ee\u011b na n\u011bkolik typ\u016f st\u00e1\u017e\u00ed:<\/h3>\n\n\n\n<h4 class=\"wp-block-heading\"><strong>1. Politick\u00e1 st\u00e1\u017e<\/strong><\/h4>\n\n\n\n<ul class=\"wp-block-list\">\n<li>Sjedn\u00e1v\u00e1 se u jednotliv\u00fdch poslanc\u016f nebo v <a href=\"http:\/\/www.europarl.europa.eu\/aboutparliament\/en\/20150201PVL00010\/Organisation#political-groups\" target=\"_blank\" rel=\"noreferrer noopener\">politick\u00fdch skupin\u00e1ch parlamentu.<\/a><\/li>\n\n\n\n<li>Pobyt trv\u00e1 od n\u011bkolika t\u00fddn\u016f po \u0159adu m\u011bs\u00edc\u016f.<\/li>\n\n\n\n<li>Finan\u010dn\u00ed ohodnocen\u00ed se rozp\u00edn\u00e1 se od nuly po horn\u00ed hranici stipendia (strop srovnateln\u00fd s dvojn\u00e1sobkem b\u011b\u017en\u00e9ho bruselsk\u00e9ho st\u00e1\u017eistick\u00e9ho minima).<\/li>\n<\/ul>\n\n\n\n<h4 class=\"wp-block-heading\"><strong>2. St\u00e1\u017eisti v instituc\u00edch<\/strong><\/h4>\n\n\n\n<h4 class=\"wp-block-heading\"><em>a) Traineeship placement v&nbsp;EP<\/em><\/h4>\n\n\n\n<ul class=\"wp-block-list\">\n<li>St\u00e1\u017e je n\u011bkolikam\u011bs\u00ed\u010dn\u00ed, t\u00e9m\u011b\u0159 neplacen\u00e1 a nen\u00ed podm\u00ednkou m\u00edt vysoko\u0161kolsk\u00fd diplom.<\/li>\n<\/ul>\n\n\n\n<h4 class=\"wp-block-heading\"><em>b) Bluebook &amp; Schumanovi st\u00e1\u017eisti v EK a EP<\/em><\/h4>\n\n\n\n<ul class=\"wp-block-list\">\n<li>Jedn\u00e1 se o p\u011btim\u011bs\u00ed\u010dn\u00ed st\u00e1\u017ee pro dr\u017eitele minim\u00e1ln\u011b bakal\u00e1\u0159sk\u00e9ho diplomu, a to bu\u010f na sekretari\u00e1tech nebo v p\u0159ekladatelsk\u00fdch sekc\u00edch hlavn\u011b v Bruselu (EP) nebo Lucemburku (EK).<\/li>\n\n\n\n<li>Nejv\u00edce st\u00e1\u017eist\u016f je v Komisi, n\u00e1sleduje Parlament a posl\u00e9ze Rada.<\/li>\n<\/ul>\n\n\n\n<h4 class=\"wp-block-heading\"><em>c) Ostatn\u00ed st\u00e1\u017eistick\u00e9 p\u0159\u00edle\u017eitosti v&nbsp;EU<\/em><\/h4>\n\n\n\n<ul class=\"wp-block-list\">\n<li>St\u00e1\u017ee nab\u00edz\u00ed i Evropsk\u00e1 slu\u017eba pro vn\u011bj\u0161\u00ed \u010dinnost, Soudn\u00ed dv\u016fr, \u00da\u010detn\u00ed dv\u016fr, Hospod\u00e1\u0159sk\u00fd a soci\u00e1ln\u00ed v\u00fdbor, V\u00fdbor region\u016f a Kancel\u00e1\u0159 Evropsk\u00e9ho ve\u0159ejn\u00e9ho ochr\u00e1nce pr\u00e1v.<\/li>\n\n\n\n<li>M\u016f\u017ee\u0161 hledat tak\u00e9 u n\u011bkter\u00e9 z agentur, ka\u017ed\u00e1 z nich m\u00e1 vlastn\u00ed proces p\u0159ihla\u0161ov\u00e1n\u00ed. Seznam najde\u0161 <a href=\"https:\/\/europa.eu\/european-union\/about-eu\/agencies_cs\" target=\"_blank\" rel=\"noreferrer noopener\">zde<\/a>.<\/li>\n\n\n\n<li>Krom\u011b st\u00e1\u017ee stoj\u00ed za zm\u00ednku i <a href=\"http:\/\/eeas.europa.eu\/headquarters\/headquarters-homepage\/2463\/junior-professional-in-delegation-jpd_en\" target=\"_blank\" rel=\"noreferrer noopener\">program EEAS Junior Professional in Delegation<\/a>, program ur\u010den\u00fd pro mlad\u00e9 deleg\u00e1ty.<\/li>\n<\/ul>\n\n\n<div class=\"wp-block-image wp-image-18487\">\n<figure class=\"aligncenter\"><img decoding=\"async\" src=\"http:\/\/www.mladiinfo.cz\/wp-content\/uploads\/2016\/08\/13707552_1245899095420438_4022282753302169879_n-300x199.jpg\" alt=\"13707552_1245899095420438_4022282753302169879_n\" class=\"wp-image-18487\"\/><figcaption class=\"wp-element-caption\">Zdroj: <a href=\"http:\/\/www.europarl.europa.eu\/\" target=\"_blank\" rel=\"noopener noreferrer\">\u00a9 European Parliament<\/a><\/figcaption><\/figure>\n<\/div>\n\n\n<h3 class=\"wp-block-heading\">V\u00fdb\u011brov\u00e9 \u0159\u00edzen\u00ed na st\u00e1\u017ee<\/h3>\n\n\n\n<p><strong>N\u00e1bor nov\u00fdch st\u00e1\u017eist\u016f je z\u00e1le\u017eitost\u00ed jednotliv\u00fdch org\u00e1n\u016f.<\/strong> V&nbsp;Evropsk\u00e9 komisi se st\u00e1\u017eist\u00e9 vyb\u00edraj\u00ed centr\u00e1ln\u011b, v&nbsp;Parlamentu jde o zodpov\u011bdnost jednotliv\u00fdch direktor\u00e1t\u016f. V\u00fdb\u011brov\u00e9 \u0159\u00edzen\u00ed prob\u00edh\u00e1 dost uzav\u0159en\u011b a neve\u0159ejn\u011b, p\u0159esto existuje p\u00e1r obecn\u00fdch tip\u016f, kter\u00fdmi se lze \u0159\u00eddit.<\/p>\n\n\n\n<p>P\u0159i v\u00fdb\u011bru st\u00e1\u017e\u00ed nezapome\u0148, <strong>\u017ee ve v\u011bt\u0161in\u011b instituc\u00ed m\u016f\u017ee\u0161 absolvovat st\u00e1\u017e jen jednou.<\/strong> Pokud tedy nap\u0159\u00edklad absolvuje\u0161 typ st\u00e1\u017ee <em>Traineeship placement v&nbsp;Parlamentu<\/em>, co\u017e je h\u016f\u0159e placen\u00e1 varianta Schumanovy st\u00e1\u017ee, m\u016f\u017ee\u0161 jen velmi omezen\u011b vyu\u017e\u00edvat v\u0161echny v\u00fdhody, kter\u00e9 maj\u00ed ostatn\u00ed, a o \u017e\u00e1dnou jinou st\u00e1\u017e u\u017e po\u017e\u00e1dat nem\u016f\u017ee\u0161. Z tohoto pravidla existuj\u00ed v\u00fdjimky, nam\u00e1tkou se jedn\u00e1 o Frontex nebo Evropskou investi\u010dn\u00ed banku v Lucemburku, dal\u0161\u00ed v\u00fdjimky najde\u0161 ve vydan\u00e9m seznamu.<\/p>\n\n\n\n<p>V&nbsp;minul\u00e9m \u010dl\u00e1nku o OSN jsme tak\u00e9 zm\u00ednili, \u017ee pro mlad\u00e9ho absolventa b\u00fdv\u00e1 st\u00e1\u017e jednou z&nbsp;mo\u017enost\u00ed, jak se dostat bl\u00ed\u017ee vysn\u011bn\u00e9mu zam\u011bstn\u00e1n\u00ed. V&nbsp;jist\u00e9 obdob\u011b to plat\u00ed i pro Evropskou unii \u2013 u n\u011bkter\u00fdch pozic v&nbsp;soukrom\u00e9 nebo soukromo-ve\u0159ejn\u00e9 bruselsk\u00e9 sf\u00e9\u0159e je absolvov\u00e1n\u00ed st\u00e1\u017ee p\u0159\u00edmo jednou z&nbsp;podm\u00ednek pro uchaze\u010de, jinde minim\u00e1ln\u011b v\u00fdhodou. <strong>P\u0159\u00edpad\u016f, ve kter\u00fdch byli st\u00e1\u017eisti najati p\u0159\u00edmo po ukon\u010den\u00ed st\u00e1\u017ee, nen\u00ed moc, p\u0159esto to nen\u00ed zcela neobvykl\u00e9.<\/strong> Tento postup praktikuje Evropsk\u00e1 komise v\u00edce ne\u017e Evropsk\u00fd parlament.<\/p>\n\n\n\n<h3 class=\"wp-block-heading\"><strong>Na pln\u00fd \u00favazek<\/strong><\/h3>\n\n\n\n<p>Jak ji\u017e bylo \u0159e\u010deno, n\u00e1bor zam\u011bstnanc\u016f zaji\u0161\u0165uje \u00fa\u0159ad EPSO. V z\u00e1sad\u011b se \u00fa\u0159edn\u00edci na pln\u00fd \u00favazek Evropsk\u00e9 unie d\u011bl\u00ed do dvou kategori\u00ed: na <strong>administr\u00e1tory (AD)<\/strong> a <strong>asistenty (AST, AST\/SC)<\/strong>. D\u00e1le pak m\u016f\u017ee\u0161 b\u00fdt zam\u011bstn\u00e1n\/a pod r\u016fzn\u00fdmi druhy jin\u00fdch smluv.<\/p>\n\n\n\n<h4 class=\"wp-block-heading\"><strong><em>Administr\u00e1to\u0159i<\/em><\/strong><\/h4>\n\n\n\n<p>T\u0159\u00eddy administr\u00e1tor\u016f jsou <strong>v&nbsp;rozmez\u00ed AD 5 a\u017e AD 16<\/strong> a odpov\u00eddaj\u00ed rostouc\u00edm platov\u00fdm podm\u00ednk\u00e1m. T\u0159\u00edda&nbsp;<strong>AD&nbsp;5<\/strong>&nbsp;je vstupn\u00ed \u00farovn\u00ed <strong>pro absolventy vysok\u00fdch \u0161kol.&nbsp;<\/strong>U specializovan\u00fdch pozic, u kter\u00fdch je po\u017eadov\u00e1na praxe, se n\u011bkdy prov\u00e1d\u00ed n\u00e1bor do t\u0159\u00edd&nbsp;<strong>AD&nbsp;6 a AD&nbsp;7<\/strong> a m\u00edsta na \u00farovni st\u0159edn\u00edho managementu odpov\u00eddaj\u00ed t\u0159\u00edd\u00e1m&nbsp;<strong>AD&nbsp;9 a AD&nbsp;12<\/strong>.<\/p>\n\n\n\n<p>U t\u0159\u00eddy AD 12 je p\u0159edpokl\u00e1d\u00e1na mana\u017eersk\u00e1 praxe a tato pozice odpov\u00edd\u00e1 zhruba \u0159editeli odd\u011blen\u00ed. O&nbsp;<a href=\"http:\/\/europa.eu\/epso\/doc\/diplomes-fortheweb_cs.pdf\">p\u0159\u00edkladech po\u017eadovan\u00e9 kvalifikace<\/a> se do\u010dte\u0161 na port\u00e1lu EU Careers.<\/p>\n\n\n\n<h4 class=\"wp-block-heading\"><strong><em>Asistenti, asistenti-sekret\u00e1\u0159i<\/em><\/strong><\/h4>\n\n\n\n<p><strong>Zam\u011bstnanci t\u0159\u00eddy AST, tedy asistenti,<\/strong>&nbsp;jsou obvykle zam\u011bstn\u00e1v\u00e1ni jako administrativn\u011b-technick\u00fd person\u00e1l na sekret\u00e1\u0159sk\u00e9 a administrativn\u00ed pozice, pro finan\u010dn\u00ed z\u00e1le\u017eitosti, komunikaci, \u010di p\u0159\u00edpravu a realizace politik.<\/p>\n\n\n\n<p>Rozp\u011bt\u00ed platov\u00fdch t\u0159\u00edd na pozici asistenta je&nbsp;<strong>AST&nbsp;1 a\u017e AST&nbsp;11<\/strong> a nov\u00ed zam\u011bstnanci obvykle za\u010d\u00ednaj\u00ed v&nbsp;platov\u00e9 t\u0159\u00edd\u011b&nbsp;<strong>AST&nbsp;1 nebo AST&nbsp;3<\/strong>, pro kterou <strong>musej\u00ed m\u00edt ukon\u010den\u00e9 st\u0159edo\u0161kolsk\u00e9 vzd\u011bl\u00e1n\u00ed<\/strong> a&nbsp;relevantn\u00ed praxi nebo odbornou kvalifikaci.<\/p>\n\n\n<div class=\"wp-block-image\">\n<figure class=\"aligncenter\"><img decoding=\"async\" src=\"https:\/\/encrypted-tbn1.gstatic.com\/images?q=tbn:ANd9GcQ8JOxaPwJ1VgCT3srEdvZiisZ5grUrrwHK8nFa2zh_xpcMPvNL\" alt=\"\"\/><figcaption class=\"wp-element-caption\"><em>Ilustra\u010dn\u00ed foto. Zdroj: <a href=\"http:\/\/ec.europa.eu\/index_cs.htm\" target=\"_blank\" rel=\"noopener noreferrer\">Evropsk\u00e1 komise<\/a><\/em><\/figcaption><\/figure>\n<\/div>\n\n\n<p><strong>\u00da\u0159edn\u00edci t\u0159\u00eddy AST\/SC, tedy asistenti-sekret\u00e1\u0159i,<\/strong>&nbsp;maj\u00ed obvykle na starosti \u0159\u00edzen\u00ed chodu kancel\u00e1\u0159e a podp\u016frn\u00e9 funkce administrativn\u00ed povahy. Mohou vykon\u00e1vat \u0161irokou \u0161k\u00e1lu \u00fakol\u016f, jako je p\u0159\u00edprava podkladov\u00e9 dokumentace, organizace a&nbsp;koordinace sch\u016fzek, a \u0159adu dal\u0161\u00edch \u010dinnost\u00ed podporuj\u00edc\u00edch pr\u00e1ci jednotliv\u00fdch t\u00fdm\u016f, vedouc\u00edch pracovn\u00edk\u016f nebo dal\u0161\u00edch \u00fatvar\u016f v r\u00e1mci org\u00e1n\u016f EU.&nbsp;&nbsp;Rozp\u011bt\u00ed platov\u00fdch t\u0159\u00edd na pozici asistenta-sekret\u00e1\u0159e se pohybuje od&nbsp;<strong>AST\/SC1 do AST\/SC6<\/strong>.<\/p>\n\n\n\n<h4 class=\"wp-block-heading\"><strong><em>Kde maj\u00ed \u0161anci absolventi?<\/em><\/strong><\/h4>\n\n\n\n<p>Pracovn\u00ed p\u0159\u00edle\u017eitosti jsou otev\u0159eny i absolvent\u016fm<strong> st\u0159edn\u00edch \u0161kol<\/strong>&nbsp;s <strong>alespo\u0148 dvouletou nebo t\u0159\u00edletou prax\u00ed<\/strong>. V\u011bt\u0161ina p\u0159\u00edle\u017eitost\u00ed pro <strong>absolventy vysok\u00fdch \u0161kol<\/strong> je v oblasti administrativy a \u0159\u00edzen\u00ed, p\u0159i\u010dem\u017e velk\u00e1 \u010d\u00e1st z nich je p\u0159\u00edstupn\u00e1 nejr\u016fzn\u011bj\u0161\u00edm obor\u016fm.<\/p>\n\n\n\n<h4 class=\"wp-block-heading\"><em><strong>Po\u017eadovan\u00e1 praxe?<\/strong><\/em><\/h4>\n\n\n\n<p>Na\u0161t\u011bst\u00ed do tv\u00e9 absolventsk\u00e9 praxe m\u016f\u017ee b\u00fdt zapo\u010d\u00edt\u00e1na i <strong>placen\u00e1 dobrovolnick\u00e1 praxe,<\/strong> kter\u00e1 je sv\u00fdm rozsahem srovnateln\u00e1 s&nbsp;prac\u00ed na pln\u00fd \u00favazek, d\u00e1le placen\u00e9 st\u00e1\u017ee, rodi\u010dovsk\u00e1 dovolen\u00e1 zam\u011bstnance, ukon\u010den\u00e9 PhD studium a ve speci\u00e1ln\u00edch p\u0159\u00edpadech i pr\u00e1ce na \u010d\u00e1ste\u010dn\u00fd \u00favazek.<\/p>\n\n\n\n<h4 class=\"wp-block-heading\"><em>Smluvn\u00ed zam\u011bstnanci (CAST)<\/em><\/h4>\n\n\n\n<p>Jejich t\u0159\u00eddy jsou FG (Function group). Pozice jsou rozd\u011bleny do funk\u010dn\u00edch skupin dle I (manu\u00e1ln\u00ed a administrativn\u00ed podpora), II (\u00fa\u0159ednick\u00e9 a sekret\u00e1\u0159sk\u00e9 pr\u00e1ce), III (\u00fa\u010detnictv\u00ed, technick\u00e9 pr\u00e1ce), IV (administrativa, poradn\u00ed, lingvistick\u00e9 nebo podobn\u00e9 technick\u00e9 \u00fakoly).<\/p>\n\n\n\n<p>Smluvn\u00ed zam\u011bstnanci (CAST) pln\u00ed \u00fakoly manu\u00e1ln\u00ed \u010di administrativn\u00ed povahy nebo dopl\u0148uj\u00ed kapacitu ve specializovan\u00fdch oborech, kde je nedostatek \u00fa\u0159edn\u00edk\u016f s po\u017eadovan\u00fdmi dovednostmi. V z\u00e1vislosti na typu pr\u00e1ce jsou zam\u011bstn\u00e1v\u00e1ni na stanovenou maxim\u00e1ln\u00ed dobu, kter\u00e1 v\u011bt\u0161inou za\u010d\u00edn\u00e1 krat\u0161\u00ed pracovn\u00ed smlouvou na 6 (nebo 3) a\u017e 12 m\u011bs\u00edc\u016f. Podle podtypu tv\u00e9 smlouvy je mo\u017eno ji po ur\u010dit\u00e9 \u010dasov\u00e9 obdob\u00ed prodlu\u017eovat, na konci tohoto obdob\u00ed m\u016f\u017ee\u0161 b\u00fdt v n\u011bkter\u00fdch p\u0159\u00edpadech p\u0159eveden\/a na dobu neur\u010ditou.<\/p>\n\n\n\n<h5 class=\"wp-block-heading\">Smluvn\u00ed zam\u011bstnanci a EPSO<\/h5>\n\n\n\n<p><strong>Na t\u011bchto v\u00fdb\u011brov\u00fdch \u0159\u00edzen\u00edch se \u00fa\u0159ad EPSO nepod\u00edl\u00ed, z\u00e1jemce se p\u0159ihl\u00e1s\u00ed na v\u00fdzvu vyhl\u00e1\u0161enou na webov\u00fdch str\u00e1nk\u00e1ch<\/strong>, jeho profil je ulo\u017een do datab\u00e1ze a pokud spl\u0148uje kvalifika\u010dn\u00ed po\u017eadavky, tak je pozv\u00e1n k test\u016fm. Tak\u00e9 m\u016f\u017ee\u0161 zkusit poskytnout sv\u016fj \u017eivotopis a <a href=\"https:\/\/ec.europa.eu\/dgs\/personnel_administration\/open_applications\/CV_Cand\/index.cfm?fuseaction=premierAcces\" target=\"_blank\" rel=\"noreferrer noopener\">spont\u00e1nn\u011b se p\u0159ihl\u00e1sit<\/a> bez vypsan\u00e9ho v\u00fdb\u011brov\u00e9ho \u0159\u00edzen\u00ed. Detailn\u011bj\u0161\u00ed <a href=\"http:\/\/europa.eu\/epso\/doc\/rules_ca_comm_en.pdf\">pravidla zam\u011bstn\u00e1v\u00e1n\u00ed smluvn\u00edch pracovn\u00edk\u016f <\/a>jsou tak\u00e9 publikov\u00e1na na internetu.<\/p>\n\n\n\n<h4 class=\"wp-block-heading\"><em><strong>Do\u010dasn\u00ed zam\u011bstnanci<\/strong><\/em><\/h4>\n\n\n\n<p>Krom\u011b pozic, kter\u00e9 jsou vypsan\u00e9, se tak\u00e9 uzav\u00edraj\u00ed do\u010dasn\u00e9 smlouvy p\u0159i zad\u00e1v\u00e1n\u00ed r\u016fzn\u00fdch&nbsp;vysoce specializovan\u00fdch&nbsp;a\/nebo&nbsp;do\u010dasn\u00fdch \u00fakol\u016f, nap\u0159\u00edklad ve&nbsp;<a href=\"http:\/\/ec.europa.eu\/civil_service\/job\/research_en.htm\">v\u011bdeck\u00e9m v\u00fdzkumu<\/a>. Informace o <a href=\"http:\/\/europa.eu\/epso\/apply\/jobs\/temp\/index_cs.htm\">v\u00fdb\u011brov\u00fdch \u0159\u00edzen\u00edch a voln\u00fdch pracovn\u00edch m\u00edstech<\/a>&nbsp;jsou pravideln\u011b zve\u0159ej\u0148ov\u00e1ny.<\/p>\n\n\n\n<p>V\u00fdb\u011brov\u00e1 \u0159\u00edzen\u00ed pro do\u010dasn\u00e9 zam\u011bstnance si v\u011bt\u0161inou jednotliv\u00e9 instituce a <strong>agentury po\u0159\u00e1daj\u00ed samy, bez \u00fa\u010dasti \u00fa\u0159adu EPSO.<\/strong> Z tohoto d\u016fvodu je uchaze\u010d\u016fm o do\u010dasn\u00e9 zam\u011bstn\u00e1n\u00ed v n\u011bkter\u00e9 z instituc\u00ed EU doporu\u010dov\u00e1no, aby pravideln\u011b nav\u0161t\u011bvovali internetov\u00e9 str\u00e1nky instituc\u00ed a agentur EU. Dal\u0161\u00ed informace o do\u010dasn\u00e9 smlouv\u011b jsou publikov\u00e1ny na <a href=\"http:\/\/europa.eu\/epso\/apply\/how_apply\/temporary\/index_cs.htm\">str\u00e1nk\u00e1ch EU.<\/a><\/p>\n\n\n\n<h4 class=\"wp-block-heading\"><em>Prozat\u00edmn\u00ed zam\u011bstnanci<\/em><\/h4>\n\n\n\n<p>N\u011bkter\u00e9 instituce zam\u011bstn\u00e1vaj\u00ed tak\u00e9 prost\u0159ednictv\u00edm&nbsp;<a href=\"http:\/\/europa.eu\/epso\/apply\/how_apply\/temporary\/temping_agencies\/index_cs.htm\">specializovan\u00fdch agentur<\/a>&nbsp;person\u00e1l na velmi kr\u00e1tkou dobu (maxim\u00e1ln\u011b 6 m\u011bs\u00edc\u016f).<\/p>\n\n\n\n<h4 class=\"wp-block-heading\"><em>Vyslan\u00ed n\u00e1rodn\u00ed odborn\u00edci<\/em><\/h4>\n\n\n\n<p>Vyslan\u00ed odborn\u00edci z \u010dlensk\u00fdch st\u00e1t\u016f jsou \u00fa\u0159edn\u00edci z vnitrost\u00e1tn\u00edch \u010di mezin\u00e1rodn\u00edch org\u00e1n\u016f nebo osoby zam\u011bstnan\u00e9 ve ve\u0159ejn\u00e9m sektoru, kte\u0159\u00ed do\u010dasn\u011b pracuj\u00ed pro n\u011bkterou z instituc\u00ed EU. Odborn\u00edkem se stane\u0161, pokud t\u011b vy\u0161le tvoje zem\u011b, tak\u017ee v p\u0159\u00edpad\u011b z\u00e1jmu o tuto pracovn\u00ed pozici se obracej na <a href=\"http:\/\/europa.eu\/whoiswho\/public\/index.cfm?fuseaction=idea.hierarchy&amp;nodeid=3780\">st\u00e1l\u00e9 zastoupen\u00ed tvoj\u00ed zem\u011b p\u0159i EU<\/a> nebo si pro\u010dti <a href=\"http:\/\/ec.europa.eu\/civil_service\/job\/sne\/index_en.htm\">dal\u0161\u00ed informace pro z\u00e1jemce o pozici vyslan\u00fd n\u00e1rodn\u00ed odborn\u00edk.<\/a><\/p>\n\n\n\n<h4 class=\"wp-block-heading\"><em>Parlamentn\u00ed asistenti a poradci politick\u00fdch stran<\/em><\/h4>\n\n\n\n<p>Zvl\u00e1\u0161tn\u00ed kategori\u00ed zam\u011bstnanc\u016f jsou parlamentn\u00ed asistenti a politi\u010dt\u00ed poradci. Informace o pozici asistenta pro poslance Evropsk\u00e9ho parlamentu najde\u0161 na <a href=\"http:\/\/www.europarl.europa.eu\/meps\/en\/assistants.html\">internetov\u00fdch str\u00e1nk\u00e1ch Evropsk\u00e9ho parlamentu<\/a>. V\u00edce o pozic\u00edch asistent\u016f a poradc\u016f poskytnou&nbsp;<a href=\"http:\/\/www.europarl.europa.eu\/aboutparliament\/en\/007f2537e0\/Political-groups.html\">internetov\u00e9 str\u00e1nky jednotliv\u00fdch politick\u00fdch skupin<\/a>, kde najde\u0161 informace o jejich vlastn\u00edch n\u00e1borov\u00fdch postupech.<\/p>\n\n\n\n<p>Pozor! N\u011bkdy je nezbytn\u00e9 zapomenout na ve\u0161ker\u00e9 nab\u00eddky vyv\u011b\u0161en\u00e9 na port\u00e1lech EU, ale vyu\u017e\u00edt slu\u017eby belgick\u00e9 v\u011btve person\u00e1ln\u00ed agentury, jakou je t\u0159eba <a href=\"https:\/\/www.randstad.be\/en\" target=\"_blank\" rel=\"noreferrer noopener\">Ranstadt<\/a>, jeliko\u017e v n\u011bkter\u00fdch p\u0159\u00edpadech se (zejm\u00e9na do\u010dasn\u00e9) pozice v instituc\u00edch pro ve\u0159ejnost nevypisuj\u00ed a <strong>EU hled\u00e1 kandid\u00e1ty pouze prost\u0159ednictv\u00edm agentur.<\/strong><\/p>\n\n\n\n<h3 class=\"wp-block-heading\"><strong>Evropsk\u00fd \u00fa\u0159ad pro v\u00fdb\u011br nov\u00fdch zam\u011bstnanc\u016f &#8211; EPSO<\/strong><\/h3>\n\n\n\n<p>Ka\u017ed\u00e9mu v\u00fdb\u011brov\u00e9mu \u0159\u00edzen\u00ed p\u0159edch\u00e1z\u00ed&nbsp;<strong>ozn\u00e1men\u00ed<\/strong>, v n\u011bm\u017e jsou uvedeny informace o dan\u00e9m pracovn\u00edm profilu, krit\u00e9ri\u00edch v\u00fdb\u011bru a podrobnosti o samotn\u00e9m v\u00fdb\u011brov\u00e9m \u0159\u00edzen\u00ed, kter\u00e9 trv\u00e1 obvykle&nbsp;<strong>5 a\u017e 9 m\u011bs\u00edc\u016f<\/strong>.<\/p>\n\n\n\n<p>Za ide\u00e1ln\u00edho kandid\u00e1ta jsou po\u017eadov\u00e1ni lid\u00e9, kte\u0159\u00ed \u017eili, pracovali nebo studovali mimo domovskou zemi a nebo str\u00e1vili n\u011bjak\u00fd \u010das v Bruselu \u010di n\u011bjak\u00e9m st\u0159edisku\/\u00fa\u0159adu EU nebo absolvovali st\u00e1\u017e v n\u011bkter\u00e9 z instituc\u00ed EU. Pokud ale nespl\u0148uje\u0161 n\u011bkterou z t\u011bchto podm\u00ednek, nezoufej, samo o sob\u011b to je\u0161t\u011b nemus\u00ed nic znamenat.<\/p>\n\n\n\n<p><strong>P\u0159\u00edpravu na EPSO nepodce\u0148uj<\/strong>, jeliko\u017e nesta\u010d\u00ed, abys je napsal\/a nad po\u017eadovanou hranici, nicm\u00e9n\u011b mus\u00ed\u0161 b\u00fdt mezi t\u011bmi nejlep\u0161\u00edmi. Na internetu jsou dostupn\u00e9 p\u0159\u00edklady test\u016f. Nezapome\u0148, \u017ee pro ka\u017ed\u00fd typ kontraktu m\u00e1\u0161 <a href=\"http:\/\/europa.eu\/epso\/apply\/sample_test\/index_en.htm\" target=\"_blank\" rel=\"noreferrer noopener\">odli\u0161n\u00fd set test\u016f.<\/a><\/p>\n\n\n\n<p><strong>\u00da\u0159ad EPSO neorganizuje pro sv\u00e1 v\u00fdb\u011brov\u00e1 \u0159\u00edzen\u00ed \u017e\u00e1dn\u00e9 ofici\u00e1ln\u00ed p\u0159\u00edpravn\u00e9 kurzy<\/strong>, nevyd\u00e1v\u00e1 \u017e\u00e1dn\u00e9 knihy, let\u00e1ky ani bro\u017eury, kter\u00e9 by obsahovaly ot\u00e1zky k p\u0159\u00edprav\u011b na testy nebo tipy na absolvov\u00e1n\u00ed zkou\u0161ky, krom\u011b informac\u00ed, je\u017e jsou k dispozici na jeho internetov\u00fdch str\u00e1nk\u00e1ch. Toto supluj\u00ed soukrom\u00e9 subjekty.<\/p>\n\n\n\n<p>V online EU Bookstore (<a href=\"https:\/\/bookshop.europa.eu\/en\/home\/\" target=\"_blank\" rel=\"noreferrer noopener\">www.bookshop.europa.eu<\/a>) nebo p\u0159\u00edmo v Bruselu si m\u016f\u017ee\u0161 objednat n\u011bkterou z publikac\u00ed k EPSO test\u016fm nebo si m\u016f\u017ee\u0161 po\u0159\u00eddit knihu, kterou vyd\u00e1v\u00e1 Andr\u00e1s Baneth s n\u00e1zvem <em>The Ultimate EU Test Book<\/em>, a to na&nbsp;<a href=\"http:\/\/www.eu-testbook.com\/\" target=\"_blank\" rel=\"noreferrer noopener\">www.eu-testbook.com<\/a>. Andr\u00e1s na sv\u00e9 str\u00e1nce tak\u00e9 popisuje <a href=\"http:\/\/eutraining.eu\/resources\/tips-and-tricks\" target=\"_blank\" rel=\"noreferrer noopener\">n\u011bkter\u00e9 triky pro EPSO.&nbsp;<\/a><\/p>\n\n\n\n<p>V \u010cesk\u00e9 republice byly v minulosti po\u0159\u00e1d\u00e1ny p\u0159\u00edpravn\u00e9 testy n\u011bkolika institucemi, po\u010d\u00ednaje vysok\u00fdmi \u0161kolami (nap\u0159. V\u0160E) nebo pra\u017eskou pobo\u010dka Nadace Konr\u00e1da Adenauera, Hospod\u00e1\u0159skou komorou, Francouzsk\u00fdm institutem, nebo ve spolupr\u00e1ci s Diplomatickou akademi\u00ed MZV.<\/p>\n\n\n\n<p><em>Tento \u010dl\u00e1nek, ve kter\u00e9m jsme se sna\u017eili podat z\u00e1kladn\u00ed p\u0159ehled o kari\u00e9\u0159e v EU, nen\u00ed samoz\u0159ejm\u011b vy\u010derp\u00e1vaj\u00edc\u00ed. Pokud chce\u0161 zkusit sv\u00e9 \u0161t\u011bst\u00ed, projdi si pe\u010dliv\u011b dal\u0161\u00ed materi\u00e1ly v\u010detn\u011b <a href=\"http:\/\/europa.eu\/epso\/doc\/epso_brochure_en.pdf\" target=\"_blank\" rel=\"noreferrer noopener\">bro\u017eurky o EPSO.<\/a><\/em><\/p>\n\n\n\n<h3 class=\"wp-block-heading\"><\/h3>\n","protected":false},"excerpt":{"rendered":"<p>Kari\u00e9ra v Evropsk\u00e9 unii? Pr\u016fvodce kari\u00e9rou v mezin\u00e1rodn\u00edch organizac\u00edch: Evropsk\u00e1 unie!<\/p>\n","protected":false},"author":1,"featured_media":158,"comment_status":"open","ping_status":"open","sticky":false,"template":"","format":"standard","meta":{"_monsterinsights_skip_tracking":false,"_monsterinsights_sitenote_active":false,"_monsterinsights_sitenote_note":"","_monsterinsights_sitenote_category":0,"_jetpack_memberships_contains_paid_content":false,"footnotes":"","jetpack_publicize_message":"","jetpack_publicize_feature_enabled":true,"jetpack_social_post_already_shared":true,"jetpack_social_options":{"image_generator_settings":{"template":"highway","default_image_id":0,"font":"","enabled":false},"version":2}},"categories":[4,16],"tags":[],"class_list":["post-143","post","type-post","status-publish","format-standard","has-post-thumbnail","hentry","category-co-bylo-predtim","category-kariera"],"yoast_head":"<!-- This site is optimized with the Yoast SEO plugin v27.5 - https:\/\/yoast.com\/product\/yoast-seo-wordpress\/ -->\n<title>Pr\u016fvodce kari\u00e9rou v mezin\u00e1rodn\u00edch organizac\u00edch: Evropsk\u00e1 unie - M\u016fj \u017eivot ve \u0160v\u00e9dsku<\/title>\n<meta name=\"robots\" content=\"index, follow, max-snippet:-1, max-image-preview:large, max-video-preview:-1\" \/>\n<link rel=\"canonical\" href=\"https:\/\/tynavesvedsku.com\/index.php\/2022\/11\/25\/pruvodce-karierou-v-mezinarodnich-organizacich-evropska-unie\/\" \/>\n<meta property=\"og:locale\" content=\"cs_CZ\" \/>\n<meta property=\"og:type\" content=\"article\" \/>\n<meta property=\"og:title\" content=\"Pr\u016fvodce kari\u00e9rou v mezin\u00e1rodn\u00edch organizac\u00edch: Evropsk\u00e1 unie - M\u016fj \u017eivot ve \u0160v\u00e9dsku\" \/>\n<meta property=\"og:description\" content=\"Kari\u00e9ra v Evropsk\u00e9 unii? Pr\u016fvodce kari\u00e9rou v mezin\u00e1rodn\u00edch organizac\u00edch: Evropsk\u00e1 unie!\" \/>\n<meta property=\"og:url\" content=\"https:\/\/tynavesvedsku.com\/index.php\/2022\/11\/25\/pruvodce-karierou-v-mezinarodnich-organizacich-evropska-unie\/\" \/>\n<meta property=\"og:site_name\" content=\"M\u016fj \u017eivot ve \u0160v\u00e9dsku\" \/>\n<meta property=\"article:published_time\" content=\"2022-11-25T14:35:20+00:00\" \/>\n<meta property=\"article:modified_time\" content=\"2022-11-26T16:28:52+00:00\" \/>\n<meta property=\"og:image\" content=\"https:\/\/tynavesvedsku.com\/wp-content\/uploads\/2022\/11\/20210418_161038-scaled.jpg\" \/>\n\t<meta property=\"og:image:width\" content=\"2560\" \/>\n\t<meta property=\"og:image:height\" content=\"1920\" \/>\n\t<meta property=\"og:image:type\" content=\"image\/jpeg\" \/>\n<meta name=\"author\" content=\"tyna\" \/>\n<meta name=\"twitter:card\" content=\"summary_large_image\" \/>\n<meta name=\"twitter:label1\" content=\"Napsal(a)\" \/>\n\t<meta name=\"twitter:data1\" content=\"tyna\" \/>\n\t<meta name=\"twitter:label2\" content=\"Odhadovan\u00e1 doba \u010dten\u00ed\" \/>\n\t<meta name=\"twitter:data2\" content=\"12 minut\" \/>\n<script type=\"application\/ld+json\" class=\"yoast-schema-graph\">{\"@context\":\"https:\\\/\\\/schema.org\",\"@graph\":[{\"@type\":\"Article\",\"@id\":\"https:\\\/\\\/tynavesvedsku.com\\\/index.php\\\/2022\\\/11\\\/25\\\/pruvodce-karierou-v-mezinarodnich-organizacich-evropska-unie\\\/#article\",\"isPartOf\":{\"@id\":\"https:\\\/\\\/tynavesvedsku.com\\\/index.php\\\/2022\\\/11\\\/25\\\/pruvodce-karierou-v-mezinarodnich-organizacich-evropska-unie\\\/\"},\"author\":{\"name\":\"tyna\",\"@id\":\"https:\\\/\\\/tynavesvedsku.com\\\/#\\\/schema\\\/person\\\/911bb2cdceaf0b9d4c7d56be12f730ec\"},\"headline\":\"Pr\u016fvodce kari\u00e9rou v mezin\u00e1rodn\u00edch organizac\u00edch: Evropsk\u00e1 unie\",\"datePublished\":\"2022-11-25T14:35:20+00:00\",\"dateModified\":\"2022-11-26T16:28:52+00:00\",\"mainEntityOfPage\":{\"@id\":\"https:\\\/\\\/tynavesvedsku.com\\\/index.php\\\/2022\\\/11\\\/25\\\/pruvodce-karierou-v-mezinarodnich-organizacich-evropska-unie\\\/\"},\"wordCount\":2459,\"commentCount\":0,\"image\":{\"@id\":\"https:\\\/\\\/tynavesvedsku.com\\\/index.php\\\/2022\\\/11\\\/25\\\/pruvodce-karierou-v-mezinarodnich-organizacich-evropska-unie\\\/#primaryimage\"},\"thumbnailUrl\":\"https:\\\/\\\/tynavesvedsku.com\\\/wp-content\\\/uploads\\\/2022\\\/11\\\/20210418_161038-scaled.jpg\",\"articleSection\":[\"Co bylo p\u0159edt\u00edm\",\"Pr\u00e1ce\"],\"inLanguage\":\"cs\",\"potentialAction\":[{\"@type\":\"CommentAction\",\"name\":\"Comment\",\"target\":[\"https:\\\/\\\/tynavesvedsku.com\\\/index.php\\\/2022\\\/11\\\/25\\\/pruvodce-karierou-v-mezinarodnich-organizacich-evropska-unie\\\/#respond\"]}]},{\"@type\":\"WebPage\",\"@id\":\"https:\\\/\\\/tynavesvedsku.com\\\/index.php\\\/2022\\\/11\\\/25\\\/pruvodce-karierou-v-mezinarodnich-organizacich-evropska-unie\\\/\",\"url\":\"https:\\\/\\\/tynavesvedsku.com\\\/index.php\\\/2022\\\/11\\\/25\\\/pruvodce-karierou-v-mezinarodnich-organizacich-evropska-unie\\\/\",\"name\":\"Pr\u016fvodce kari\u00e9rou v mezin\u00e1rodn\u00edch organizac\u00edch: Evropsk\u00e1 unie - M\u016fj \u017eivot ve \u0160v\u00e9dsku\",\"isPartOf\":{\"@id\":\"https:\\\/\\\/tynavesvedsku.com\\\/#website\"},\"primaryImageOfPage\":{\"@id\":\"https:\\\/\\\/tynavesvedsku.com\\\/index.php\\\/2022\\\/11\\\/25\\\/pruvodce-karierou-v-mezinarodnich-organizacich-evropska-unie\\\/#primaryimage\"},\"image\":{\"@id\":\"https:\\\/\\\/tynavesvedsku.com\\\/index.php\\\/2022\\\/11\\\/25\\\/pruvodce-karierou-v-mezinarodnich-organizacich-evropska-unie\\\/#primaryimage\"},\"thumbnailUrl\":\"https:\\\/\\\/tynavesvedsku.com\\\/wp-content\\\/uploads\\\/2022\\\/11\\\/20210418_161038-scaled.jpg\",\"datePublished\":\"2022-11-25T14:35:20+00:00\",\"dateModified\":\"2022-11-26T16:28:52+00:00\",\"author\":{\"@id\":\"https:\\\/\\\/tynavesvedsku.com\\\/#\\\/schema\\\/person\\\/911bb2cdceaf0b9d4c7d56be12f730ec\"},\"breadcrumb\":{\"@id\":\"https:\\\/\\\/tynavesvedsku.com\\\/index.php\\\/2022\\\/11\\\/25\\\/pruvodce-karierou-v-mezinarodnich-organizacich-evropska-unie\\\/#breadcrumb\"},\"inLanguage\":\"cs\",\"potentialAction\":[{\"@type\":\"ReadAction\",\"target\":[\"https:\\\/\\\/tynavesvedsku.com\\\/index.php\\\/2022\\\/11\\\/25\\\/pruvodce-karierou-v-mezinarodnich-organizacich-evropska-unie\\\/\"]}]},{\"@type\":\"ImageObject\",\"inLanguage\":\"cs\",\"@id\":\"https:\\\/\\\/tynavesvedsku.com\\\/index.php\\\/2022\\\/11\\\/25\\\/pruvodce-karierou-v-mezinarodnich-organizacich-evropska-unie\\\/#primaryimage\",\"url\":\"https:\\\/\\\/tynavesvedsku.com\\\/wp-content\\\/uploads\\\/2022\\\/11\\\/20210418_161038-scaled.jpg\",\"contentUrl\":\"https:\\\/\\\/tynavesvedsku.com\\\/wp-content\\\/uploads\\\/2022\\\/11\\\/20210418_161038-scaled.jpg\",\"width\":2560,\"height\":1920},{\"@type\":\"BreadcrumbList\",\"@id\":\"https:\\\/\\\/tynavesvedsku.com\\\/index.php\\\/2022\\\/11\\\/25\\\/pruvodce-karierou-v-mezinarodnich-organizacich-evropska-unie\\\/#breadcrumb\",\"itemListElement\":[{\"@type\":\"ListItem\",\"position\":1,\"name\":\"Home\",\"item\":\"https:\\\/\\\/tynavesvedsku.com\\\/\"},{\"@type\":\"ListItem\",\"position\":2,\"name\":\"Pr\u016fvodce kari\u00e9rou v mezin\u00e1rodn\u00edch organizac\u00edch: Evropsk\u00e1 unie\"}]},{\"@type\":\"WebSite\",\"@id\":\"https:\\\/\\\/tynavesvedsku.com\\\/#website\",\"url\":\"https:\\\/\\\/tynavesvedsku.com\\\/\",\"name\":\"M\u016fj \u017eivot ve \u0160v\u00e9dsku\",\"description\":\"Blog o \u0161v\u00e9d\u0161tin\u011b, cestov\u00e1n\u00ed a \u017eivot\u011b ve \u0160v\u00e9dsku\",\"potentialAction\":[{\"@type\":\"SearchAction\",\"target\":{\"@type\":\"EntryPoint\",\"urlTemplate\":\"https:\\\/\\\/tynavesvedsku.com\\\/?s={search_term_string}\"},\"query-input\":{\"@type\":\"PropertyValueSpecification\",\"valueRequired\":true,\"valueName\":\"search_term_string\"}}],\"inLanguage\":\"cs\"},{\"@type\":\"Person\",\"@id\":\"https:\\\/\\\/tynavesvedsku.com\\\/#\\\/schema\\\/person\\\/911bb2cdceaf0b9d4c7d56be12f730ec\",\"name\":\"tyna\",\"image\":{\"@type\":\"ImageObject\",\"inLanguage\":\"cs\",\"@id\":\"https:\\\/\\\/secure.gravatar.com\\\/avatar\\\/04410c153f8418bab509dfe23b92b5c8343e18b5be3958974c7b7f00fdb9b863?s=96&d=mm&r=g\",\"url\":\"https:\\\/\\\/secure.gravatar.com\\\/avatar\\\/04410c153f8418bab509dfe23b92b5c8343e18b5be3958974c7b7f00fdb9b863?s=96&d=mm&r=g\",\"contentUrl\":\"https:\\\/\\\/secure.gravatar.com\\\/avatar\\\/04410c153f8418bab509dfe23b92b5c8343e18b5be3958974c7b7f00fdb9b863?s=96&d=mm&r=g\",\"caption\":\"tyna\"},\"sameAs\":[\"http:\\\/\\\/tynavesvedsku.com\"],\"url\":\"https:\\\/\\\/tynavesvedsku.com\\\/index.php\\\/author\\\/tyna\\\/\"}]}<\/script>\n<!-- \/ Yoast SEO plugin. -->","yoast_head_json":{"title":"Pr\u016fvodce kari\u00e9rou v mezin\u00e1rodn\u00edch organizac\u00edch: Evropsk\u00e1 unie - M\u016fj \u017eivot ve \u0160v\u00e9dsku","robots":{"index":"index","follow":"follow","max-snippet":"max-snippet:-1","max-image-preview":"max-image-preview:large","max-video-preview":"max-video-preview:-1"},"canonical":"https:\/\/tynavesvedsku.com\/index.php\/2022\/11\/25\/pruvodce-karierou-v-mezinarodnich-organizacich-evropska-unie\/","og_locale":"cs_CZ","og_type":"article","og_title":"Pr\u016fvodce kari\u00e9rou v mezin\u00e1rodn\u00edch organizac\u00edch: Evropsk\u00e1 unie - M\u016fj \u017eivot ve \u0160v\u00e9dsku","og_description":"Kari\u00e9ra v Evropsk\u00e9 unii? Pr\u016fvodce kari\u00e9rou v mezin\u00e1rodn\u00edch organizac\u00edch: Evropsk\u00e1 unie!","og_url":"https:\/\/tynavesvedsku.com\/index.php\/2022\/11\/25\/pruvodce-karierou-v-mezinarodnich-organizacich-evropska-unie\/","og_site_name":"M\u016fj \u017eivot ve \u0160v\u00e9dsku","article_published_time":"2022-11-25T14:35:20+00:00","article_modified_time":"2022-11-26T16:28:52+00:00","og_image":[{"width":2560,"height":1920,"url":"https:\/\/tynavesvedsku.com\/wp-content\/uploads\/2022\/11\/20210418_161038-scaled.jpg","type":"image\/jpeg"}],"author":"tyna","twitter_card":"summary_large_image","twitter_misc":{"Napsal(a)":"tyna","Odhadovan\u00e1 doba \u010dten\u00ed":"12 minut"},"schema":{"@context":"https:\/\/schema.org","@graph":[{"@type":"Article","@id":"https:\/\/tynavesvedsku.com\/index.php\/2022\/11\/25\/pruvodce-karierou-v-mezinarodnich-organizacich-evropska-unie\/#article","isPartOf":{"@id":"https:\/\/tynavesvedsku.com\/index.php\/2022\/11\/25\/pruvodce-karierou-v-mezinarodnich-organizacich-evropska-unie\/"},"author":{"name":"tyna","@id":"https:\/\/tynavesvedsku.com\/#\/schema\/person\/911bb2cdceaf0b9d4c7d56be12f730ec"},"headline":"Pr\u016fvodce kari\u00e9rou v mezin\u00e1rodn\u00edch organizac\u00edch: Evropsk\u00e1 unie","datePublished":"2022-11-25T14:35:20+00:00","dateModified":"2022-11-26T16:28:52+00:00","mainEntityOfPage":{"@id":"https:\/\/tynavesvedsku.com\/index.php\/2022\/11\/25\/pruvodce-karierou-v-mezinarodnich-organizacich-evropska-unie\/"},"wordCount":2459,"commentCount":0,"image":{"@id":"https:\/\/tynavesvedsku.com\/index.php\/2022\/11\/25\/pruvodce-karierou-v-mezinarodnich-organizacich-evropska-unie\/#primaryimage"},"thumbnailUrl":"https:\/\/tynavesvedsku.com\/wp-content\/uploads\/2022\/11\/20210418_161038-scaled.jpg","articleSection":["Co bylo p\u0159edt\u00edm","Pr\u00e1ce"],"inLanguage":"cs","potentialAction":[{"@type":"CommentAction","name":"Comment","target":["https:\/\/tynavesvedsku.com\/index.php\/2022\/11\/25\/pruvodce-karierou-v-mezinarodnich-organizacich-evropska-unie\/#respond"]}]},{"@type":"WebPage","@id":"https:\/\/tynavesvedsku.com\/index.php\/2022\/11\/25\/pruvodce-karierou-v-mezinarodnich-organizacich-evropska-unie\/","url":"https:\/\/tynavesvedsku.com\/index.php\/2022\/11\/25\/pruvodce-karierou-v-mezinarodnich-organizacich-evropska-unie\/","name":"Pr\u016fvodce kari\u00e9rou v mezin\u00e1rodn\u00edch organizac\u00edch: Evropsk\u00e1 unie - M\u016fj \u017eivot ve \u0160v\u00e9dsku","isPartOf":{"@id":"https:\/\/tynavesvedsku.com\/#website"},"primaryImageOfPage":{"@id":"https:\/\/tynavesvedsku.com\/index.php\/2022\/11\/25\/pruvodce-karierou-v-mezinarodnich-organizacich-evropska-unie\/#primaryimage"},"image":{"@id":"https:\/\/tynavesvedsku.com\/index.php\/2022\/11\/25\/pruvodce-karierou-v-mezinarodnich-organizacich-evropska-unie\/#primaryimage"},"thumbnailUrl":"https:\/\/tynavesvedsku.com\/wp-content\/uploads\/2022\/11\/20210418_161038-scaled.jpg","datePublished":"2022-11-25T14:35:20+00:00","dateModified":"2022-11-26T16:28:52+00:00","author":{"@id":"https:\/\/tynavesvedsku.com\/#\/schema\/person\/911bb2cdceaf0b9d4c7d56be12f730ec"},"breadcrumb":{"@id":"https:\/\/tynavesvedsku.com\/index.php\/2022\/11\/25\/pruvodce-karierou-v-mezinarodnich-organizacich-evropska-unie\/#breadcrumb"},"inLanguage":"cs","potentialAction":[{"@type":"ReadAction","target":["https:\/\/tynavesvedsku.com\/index.php\/2022\/11\/25\/pruvodce-karierou-v-mezinarodnich-organizacich-evropska-unie\/"]}]},{"@type":"ImageObject","inLanguage":"cs","@id":"https:\/\/tynavesvedsku.com\/index.php\/2022\/11\/25\/pruvodce-karierou-v-mezinarodnich-organizacich-evropska-unie\/#primaryimage","url":"https:\/\/tynavesvedsku.com\/wp-content\/uploads\/2022\/11\/20210418_161038-scaled.jpg","contentUrl":"https:\/\/tynavesvedsku.com\/wp-content\/uploads\/2022\/11\/20210418_161038-scaled.jpg","width":2560,"height":1920},{"@type":"BreadcrumbList","@id":"https:\/\/tynavesvedsku.com\/index.php\/2022\/11\/25\/pruvodce-karierou-v-mezinarodnich-organizacich-evropska-unie\/#breadcrumb","itemListElement":[{"@type":"ListItem","position":1,"name":"Home","item":"https:\/\/tynavesvedsku.com\/"},{"@type":"ListItem","position":2,"name":"Pr\u016fvodce kari\u00e9rou v mezin\u00e1rodn\u00edch organizac\u00edch: Evropsk\u00e1 unie"}]},{"@type":"WebSite","@id":"https:\/\/tynavesvedsku.com\/#website","url":"https:\/\/tynavesvedsku.com\/","name":"M\u016fj \u017eivot ve \u0160v\u00e9dsku","description":"Blog o \u0161v\u00e9d\u0161tin\u011b, cestov\u00e1n\u00ed a \u017eivot\u011b ve \u0160v\u00e9dsku","potentialAction":[{"@type":"SearchAction","target":{"@type":"EntryPoint","urlTemplate":"https:\/\/tynavesvedsku.com\/?s={search_term_string}"},"query-input":{"@type":"PropertyValueSpecification","valueRequired":true,"valueName":"search_term_string"}}],"inLanguage":"cs"},{"@type":"Person","@id":"https:\/\/tynavesvedsku.com\/#\/schema\/person\/911bb2cdceaf0b9d4c7d56be12f730ec","name":"tyna","image":{"@type":"ImageObject","inLanguage":"cs","@id":"https:\/\/secure.gravatar.com\/avatar\/04410c153f8418bab509dfe23b92b5c8343e18b5be3958974c7b7f00fdb9b863?s=96&d=mm&r=g","url":"https:\/\/secure.gravatar.com\/avatar\/04410c153f8418bab509dfe23b92b5c8343e18b5be3958974c7b7f00fdb9b863?s=96&d=mm&r=g","contentUrl":"https:\/\/secure.gravatar.com\/avatar\/04410c153f8418bab509dfe23b92b5c8343e18b5be3958974c7b7f00fdb9b863?s=96&d=mm&r=g","caption":"tyna"},"sameAs":["http:\/\/tynavesvedsku.com"],"url":"https:\/\/tynavesvedsku.com\/index.php\/author\/tyna\/"}]}},"jetpack_publicize_connections":[],"jetpack_featured_media_url":"https:\/\/tynavesvedsku.com\/wp-content\/uploads\/2022\/11\/20210418_161038-scaled.jpg","jetpack_sharing_enabled":true,"_links":{"self":[{"href":"https:\/\/tynavesvedsku.com\/index.php\/wp-json\/wp\/v2\/posts\/143","targetHints":{"allow":["GET"]}}],"collection":[{"href":"https:\/\/tynavesvedsku.com\/index.php\/wp-json\/wp\/v2\/posts"}],"about":[{"href":"https:\/\/tynavesvedsku.com\/index.php\/wp-json\/wp\/v2\/types\/post"}],"author":[{"embeddable":true,"href":"https:\/\/tynavesvedsku.com\/index.php\/wp-json\/wp\/v2\/users\/1"}],"replies":[{"embeddable":true,"href":"https:\/\/tynavesvedsku.com\/index.php\/wp-json\/wp\/v2\/comments?post=143"}],"version-history":[{"count":3,"href":"https:\/\/tynavesvedsku.com\/index.php\/wp-json\/wp\/v2\/posts\/143\/revisions"}],"predecessor-version":[{"id":187,"href":"https:\/\/tynavesvedsku.com\/index.php\/wp-json\/wp\/v2\/posts\/143\/revisions\/187"}],"wp:featuredmedia":[{"embeddable":true,"href":"https:\/\/tynavesvedsku.com\/index.php\/wp-json\/wp\/v2\/media\/158"}],"wp:attachment":[{"href":"https:\/\/tynavesvedsku.com\/index.php\/wp-json\/wp\/v2\/media?parent=143"}],"wp:term":[{"taxonomy":"category","embeddable":true,"href":"https:\/\/tynavesvedsku.com\/index.php\/wp-json\/wp\/v2\/categories?post=143"},{"taxonomy":"post_tag","embeddable":true,"href":"https:\/\/tynavesvedsku.com\/index.php\/wp-json\/wp\/v2\/tags?post=143"}],"curies":[{"name":"wp","href":"https:\/\/api.w.org\/{rel}","templated":true}]}}