{"id":146,"date":"2022-11-25T14:36:30","date_gmt":"2022-11-25T14:36:30","guid":{"rendered":"https:\/\/tynavesvedsku.com\/?p=146"},"modified":"2022-11-26T16:51:38","modified_gmt":"2022-11-26T16:51:38","slug":"pruvodce-karierou-v-mezinarodnich-organizacich-nato","status":"publish","type":"post","link":"https:\/\/tynavesvedsku.com\/index.php\/2022\/11\/25\/pruvodce-karierou-v-mezinarodnich-organizacich-nato\/","title":{"rendered":"Pr\u016fvodce kari\u00e9rou v mezin\u00e1rodn\u00edch organizac\u00edch: NATO"},"content":{"rendered":"\n<p> Sn\u00edte o st\u00e1\u017ei nebo kari\u00e9\u0159e v mezin\u00e1rodn\u00ed organizaci, jakou je NATO? Provedu v\u00e1s procesem od pod\u00e1n\u00ed p\u0159ihl\u00e1\u0161ky a\u017e po pohovor.<\/p>\n\n\n\n<!--more-->\n\n\n\n<h3 class=\"wp-block-heading\">Pr\u016fvodce kari\u00e9rou v mezin\u00e1rodn\u00edch organizac\u00edch: NATO<\/h3>\n\n\n\n<p><strong><em>Pr\u016fvodce kari\u00e9rou v mezin\u00e1rodn\u00edch organizac\u00edch: NATO<\/em>.<\/strong><\/p>\n\n\n\n<p>Jako u dal\u0161\u00edch mezin\u00e1rodn\u00edch organizac\u00ed je spousta kari\u00e9rn\u00edch p\u0159\u00edle\u017eitost\u00ed i v Severoatlantick\u00e9 alianci. NATO je v\u0161ak tvrd\u00fd o\u0159\u00ed\u0161ek. Pokud hled\u00e1te informace o zam\u011bstn\u00e1n\u00ed, nenaraz\u00edte na nic moc jin\u00e9ho, ne\u017e jsou ofici\u00e1ln\u00ed zdroje.<\/p>\n\n\n\n<p>Zat\u00edmco internet je pln\u00fd <a rel=\"noreferrer noopener\" href=\"http:\/\/www.mladiinfo.cz\/pruvodce-karierou-v-mezinarodnich-organizacich-osn\/\" target=\"_blank\">informac\u00ed o zam\u011bstn\u00e1n\u00ed v&nbsp;OSN<\/a> a ka\u017ed\u00fd z&nbsp;n\u00e1s zn\u00e1 pravd\u011bpodobn\u011b <a rel=\"noreferrer noopener\" href=\"http:\/\/www.mladiinfo.cz\/pruvodce-karierou-v-mezinarodnich-organizacich-evropska-unie\/\" target=\"_blank\">n\u011bkoho, kdo je nebo byl zam\u011bstnan\u00fd v&nbsp;EU<\/a>, NATO se dr\u017e\u00ed trochu jin\u00e9 politiky. Inu, koneckonc\u016f je to polovojensk\u00e1 organizace.<\/p>\n\n\n\n<h2 class=\"wp-block-heading\">St\u00e1\u017ee v NATO<\/h2>\n\n\n\n<p>Pokud jste studenti nebo absolventi, nejjednodu\u0161\u0161\u00ed cesta, jak se dostat do NATO, je uch\u00e1zet se o jednu ze st\u00e1\u017e\u00ed.<\/p>\n\n\n\n<h4 class=\"wp-block-heading\"><strong>Nab\u00edz\u00ed se jich \u0159ada:<\/strong><\/h4>\n\n\n\n<ul class=\"wp-block-list\">\n<li><a href=\"http:\/\/www.nato.int\/cps\/en\/natolive\/71157.htm\" target=\"_blank\" rel=\"noreferrer noopener\">NATO Headquarters<\/a><\/li>\n\n\n\n<li><a href=\"http:\/\/www.ndc.nato.int\/about\/organization.php?icode=74\" target=\"_blank\" rel=\"noreferrer noopener\">NATO Defence College<\/a><\/li>\n\n\n\n<li><a href=\"http:\/\/www.shape.nato.int\/page20512215\" target=\"_blank\" rel=\"noreferrer noopener\">Shape (Supreme HQ Alliance Powers Europe)<\/a><\/li>\n\n\n\n<li><a href=\"https:\/\/www.ncia.nato.int\/Pages\/Internship-Programmes.aspx\" target=\"_blank\" rel=\"noreferrer noopener\">NCI Agency (NATO Communications and Information Agency)<\/a><\/li>\n\n\n\n<li><a href=\"http:\/\/www.nspa.nato.int\/en\/employment\/employment.htm\" target=\"_blank\" rel=\"noreferrer noopener\">NSPA (NATO Support and Procurement Agency)<\/a><\/li>\n\n\n\n<li><a href=\"http:\/\/www.lc.nato.int\/page17022533\" target=\"_blank\" rel=\"noreferrer noopener\">ALC (Allied Land Command)<\/a><\/li>\n<\/ul>\n\n\n\n<p>St\u00e1\u017ee v&nbsp;NATO maj\u00ed jednu nev\u00fdhodu<em>.<\/em> <strong>V\u011bt\u0161inou mus\u00edte b\u00fdt studenti<\/strong>&nbsp; nebo m\u00edt <strong>maxim\u00e1ln\u011b rok po dokon\u010den\u00ed studi\u00ed <\/strong>a z\u00e1rove\u0148<strong> b\u00fdt mlad\u0161\u00ed 30 let,<\/strong> co\u017e je situace diametr\u00e1ln\u011b odli\u0161n\u00e1 od Evropsk\u00e9 unie, kde nen\u00ed v\u00fdjimkou, \u017ee s&nbsp;v\u00e1mi <strong>d\u011blaj\u00ed st\u00e1\u017e lid\u00e9 dosti nad 30 let.&nbsp;<\/strong><\/p>\n\n\n\n<p>V&nbsp;z\u00e1sad\u011b plat\u00ed, \u017ee st\u00e1\u017e m\u016f\u017eete absolvovat bu\u010f v&nbsp;HQ v&nbsp;Bruselu, nebo u jedn\u00e9 z NATO agentur. Ka\u017ed\u00e1 st\u00e1\u017e m\u00e1 jinou d\u00e9lku. <strong>Dobr\u00e1 zpr\u00e1va<\/strong> je, \u017ee <strong>jsou pov\u011bt\u0161inou alespo\u0148 trochu placen\u00e9<\/strong> (i kdy\u017e vy\u017e\u00edt t\u0159eba v&nbsp;Bruselu s&nbsp;800 EUR vy\u017eaduje zna\u010dn\u00e9 soust\u0159ed\u011bn\u00ed).<\/p>\n\n\n\n<p><strong>\u0160patn\u00e1 zpr\u00e1va je<\/strong>, \u017ee je v&nbsp;n\u011bkter\u00fdch p\u0159\u00edpadech vy\u017eadov\u00e1na navrch francouz\u0161tina, kter\u00fd\u017eto jazyk je v&nbsp;na\u0161ich kon\u010din\u00e1ch st\u00e1le na chvostu obl\u00edbenosti oproti n\u011bm\u010din\u011b, ru\u0161tin\u011b nebo i \u0161pan\u011bl\u0161tin\u011b.&nbsp;Obecn\u011b se d\u00e1 \u0159\u00edci, \u017ee spole\u010dn\u00fdm po\u017eadavkem je v\u011bk 21-30 let, diplom s&nbsp; nezaschnut\u00fdm inkoustem a perfektn\u00ed znalost jednoho z&nbsp;ofici\u00e1ln\u00edch jazyk\u016f NATO \u2013 angli\u010dtiny nebo francouz\u0161tiny.<\/p>\n\n\n\n<figure class=\"wp-block-image\"><img decoding=\"async\" src=\"http:\/\/www.nato.int\/nato_static_fl2014\/assets\/pictures\/stock_2010\/20100407_100406-internship_rdax_775x491.jpg\" alt=\"\"\/><\/figure>\n\n\n\n<p><em>Internship Programme. Zdroj: <a href=\"http:\/\/www.nato.int\/nato_static_fl2014\/assets\/pictures\/stock_2010\/20100407_100406-internship_rdax_775x491.jpg\" target=\"_blank\" rel=\"noreferrer noopener\">nato.int<\/a><\/em><\/p>\n\n\n\n<h4 class=\"wp-block-heading\"><em><u>St\u00e1\u017e v&nbsp;NATO Headquarters<\/u><\/em><\/h4>\n\n\n\n<p>Nejklasi\u010dt\u011bj\u0161\u00ed z&nbsp;NATO <strong>st\u00e1\u017e\u00ed je asi ta v&nbsp;bruselsk\u00e9m \u00fast\u0159ed\u00ed.<\/strong> P\u0159ihl\u00e1sit se na n\u00ed mohou studenti\/absolventi r\u016fzn\u00fdch obor\u016f od mezin\u00e1rodn\u00edch vztah\u016f p\u0159es finance a\u017e po aeronauty.<\/p>\n\n\n\n<p><strong>NATO nab\u00edz\u00ed dva druhy st\u00e1\u017ee<\/strong> \u2013 <em>NATO funded<\/em> a <em>GRANT funded<\/em>.<\/p>\n\n\n\n<p>Jak je z&nbsp;n\u00e1zvu patrn\u00e9, tak prvn\u00ed st\u00e1\u017e <em>NATO funded <\/em>sponzoruje NATO, tj. dost\u00e1v\u00e1te zde<strong> stipendium 800\u20ac<\/strong> a m\u016f\u017eete hl\u00e1sit<strong> jednou ro\u010dn\u011b s&nbsp;uz\u00e1v\u011brkou na ja\u0159e<\/strong> s n\u00e1stupem za\u010d\u00e1tkem st\u00e1\u017ee v b\u0159eznu a z\u00e1\u0159\u00ed.<\/p>\n\n\n\n<p>Zat\u00edmco druh\u00e1 &#8211; <em>GRANT funded- <\/em>je neplacen\u00e1, \u010di p\u0159esn\u011bji sponzorov\u00e1na n\u011bk\u00fdm jin\u00fdm &#8211; nap\u0159. va\u0161\u00ed \u0161kolou. O st\u00e1\u017e m\u016f\u017eete po\u017e\u00e1dat i b\u011bhem roku. Po posl\u00e1n\u00ed p\u0159ihl\u00e1\u0161ky ke st\u00e1\u017ei v NATO HQ v Bruselu v\u00e1s \u010dek\u00e1 klasick\u00fd proces \u2013 vyplnit p\u0159ihl\u00e1\u0161ku a \u010dekat, zda <strong>mezi dal\u0161\u00edmi 3 500 uchaze\u010di budete p\u0159edvybran\u00ed.<\/strong><\/p>\n\n\n\n<p>V\u00edce informac\u00ed o st\u00e1\u017ei najdete<a href=\"http:\/\/www.nato.int\/nato_static_fl2014\/assets\/pdf\/pdf_2016_08\/20160817_1608-interns-guide.pdf\" target=\"_blank\" rel=\"noreferrer noopener\"> v bro\u017eurce<\/a>, kterou NATO pro st\u00e1\u017eisty vydala.<\/p>\n\n\n\n<h4 class=\"wp-block-heading\"><em>St\u00e1\u017e v NSPA (<a href=\"http:\/\/www.nspa.nato.int\/en\/employment\/employment.htm\" target=\"_blank\" rel=\"noreferrer noopener\">Nato Support and Procurement Agency<\/a>)<\/em><\/h4>\n\n\n\n<p>NATO NSPA nem\u00e1 systematick\u00fd program pro st\u00e1\u017eisty, nicm\u00e9n\u011b p\u0159es rok si vyb\u00edr\u00e1 st\u00e1\u017eisty k ur\u010dit\u00fdm projekt\u016fm. K dne\u0161ku nem\u00e1 dle informac\u00ed vypsan\u00e1 m\u00edsta, ale v\u00edce informac\u00ed najdete<a href=\"http:\/\/www.nspa.nato.int\/PDF\/vac\/Internship%20at%20NSPA_EN.pdf\" target=\"_blank\" rel=\"noreferrer noopener\">&nbsp;na druh\u00e9 str\u00e1nce v bro\u017eurce<\/a>, kter\u00e1 je ur\u010dena p\u0159\u00edpadn\u00fdm st\u00e1\u017eist\u016fm.<\/p>\n\n\n\n<h4 class=\"wp-block-heading\"><em><u>NATO Defence College<\/u><\/em><\/h4>\n\n\n\n<p>D\u00e1le jsou vypisov\u00e1na<strong> 4 m\u00edsta <\/strong>pro studenty nebo \u010derstv\u00e9 absolventy na<strong> p\u011btim\u011bs\u00ed\u010dn\u00ed st\u00e1\u017e v&nbsp;<a href=\"http:\/\/www.ndc.nato.int\/about\/organization.php?icode=74\" target=\"_blank\" rel=\"noreferrer noopener\">NATO Defence College<\/a><\/strong> v&nbsp;It\u00e1lii. St\u00e1\u017e, na kterou je t\u0159eba zn\u00e1t jak angli\u010dtinu, tak francouz\u0161tinu, je honorovan\u00e1 <strong>800\u20ac<\/strong>.<\/p>\n\n\n\n<p>\u00dakolem st\u00e1\u017eisty jsou klasick\u00e9 \u00fakoly od z\u00e1pisu jedn\u00e1n\u00ed po p\u0159ipravov\u00e1n\u00ed podklad\u016f pro sv\u00e9 nad\u0159\u00edzen\u00e9.<\/p>\n\n\n\n<h4 class=\"wp-block-heading\"><strong>Kon\u00e1 se &nbsp;v&nbsp;jedn\u00e9 &nbsp;z&nbsp;diviz\u00ed t\u00e9to vzd\u011bl\u00e1vac\u00ed instituce:<\/strong><\/h4>\n\n\n\n<ul class=\"wp-block-list\">\n<li><a href=\"http:\/\/www.ndc.nato.int\/about\/organization.php?icode=74#RD\" target=\"_blank\" rel=\"noreferrer noopener\">Research Division (RD)<\/a>,<\/li>\n\n\n\n<li><a href=\"http:\/\/www.ndc.nato.int\/about\/organization.php?icode=74#MEF\" target=\"_blank\" rel=\"noreferrer noopener\">Middle East Faculty (MEF)<\/a>,<\/li>\n\n\n\n<li><a href=\"http:\/\/www.ndc.nato.int\/about\/organization.php?icode=74#AOD\" target=\"_blank\" rel=\"noreferrer noopener\">Academic Operations Division (AOD)<\/a>,<\/li>\n\n\n\n<li><a href=\"http:\/\/www.ndc.nato.int\/about\/organization.php?icode=74#CPB\" target=\"_blank\" rel=\"noreferrer noopener\">Curriculum Planning Branch (CPB)<\/a>,<\/li>\n\n\n\n<li><a href=\"http:\/\/www.ndc.nato.int\/about\/organization.php?icode=74#PAO\" target=\"_blank\" rel=\"noreferrer noopener\">Public Affairs Office (PAO).<\/a><\/li>\n<\/ul>\n\n\n<div class=\"wp-block-image\">\n<figure class=\"aligncenter\"><img decoding=\"async\" src=\"http:\/\/www.nato.int\/nato_static_fl2014\/assets\/pictures\/topics_graphics\/NDC_1_2.jpg\" alt=\"\"\/><figcaption class=\"wp-element-caption\"><em>NATO Defence College. Zdroj: <a href=\"http:\/\/www.nato.int\/nato_static_fl2014\/assets\/pictures\/topics_graphics\/NDC_1_2.jpg\" target=\"_blank\" rel=\"noopener noreferrer\">nato.int<\/a><\/em><\/figcaption><\/figure>\n<\/div>\n\n\n<h4 class=\"wp-block-heading\"><em><u>SHAPE<\/u><\/em><\/h4>\n\n\n\n<p>I v SHAPE, tedy Supreme HQ Alliance Powers Europe, <strong>se ka\u017edoro\u010dn\u011b <\/strong>vyst\u0159\u00edd\u00e1<strong> 30 st\u00e1\u017eist\u016f.<\/strong> N\u011bkolik m\u011bs\u00edc\u016f tak m\u016f\u017eete str\u00e1vit v belgick\u00e9m Monsu. Pp\u0159ihla\u0161ov\u00e1n\u00ed? Pod\u00edvejte se sami <a href=\"https:\/\/www.shape.nato.int\/page20614423\" target=\"_blank\" rel=\"noreferrer noopener\">na str\u00e1nky SHAPE.<\/a><\/p>\n\n\n\n<h4 class=\"wp-block-heading\"><em>NCI Agency<\/em><\/h4>\n\n\n\n<p>Co znamen\u00e1 akronym NCI Agency? V p\u0159ekladu se o Komunika\u010dn\u00ed a informa\u010dn\u00ed agenturu, neboli <a href=\"http:\/\/NCI Agency NATO Communications and Information Agency\" target=\"_blank\" rel=\"noreferrer noopener\"><em>NATO Communications and Information Agency<\/em><\/a>. St\u00e1\u017e v rozmez\u00ed<strong> 3-10 m\u011bs\u00edc\u016f m\u016f\u017eete str\u00e1vit v H\u00e1gu, Bruselu, nebo Monsu<\/strong>. Nep\u0159ekvap\u00ed v\u00e1s znalost angli\u010dtiny, po\u017eadovan\u00fd v\u011bk, ale ani 800\u20ac m\u011bs\u00ed\u010dn\u011b.<\/p>\n\n\n\n<h2 class=\"wp-block-heading\">Pr\u00e1ce na pln\u00fd \u00favazek<\/h2>\n\n\n\n<p>Pokud jste u\u017e <strong>po \u0161kole d\u00e9le ne\u017e rok, nebo hled\u00e1te n\u011bco stabiln\u011bj\u0161\u00edho<\/strong>, bude v\u00e1s asi zaj\u00edmat mo\u017enost zam\u011bstn\u00e1n\u00ed na pln\u00fd \u00favazek. Ne\u017e se o pr\u00e1ci za\u010dnete uch\u00e1zet, nejd\u0159\u00edv si ujasn\u011bte, do jak\u00e9 <em>agentury nebo body<\/em> chcete j\u00edt pracovat.<\/p>\n\n\n\n<p>P\u0159esto\u017ee m\u00e1 NATO sv\u016fj n\u00e1borov\u00fd port\u00e1l, m\u00e1 p\u0159es dvacet organiza\u010dn\u00edch \u010d\u00e1st\u00ed (tedy agentur a bodies) a pro <strong>n\u011bkter\u00e9 z nich plat\u00ed odli\u0161n\u00fd postup pod\u00e1v\u00e1n\u00ed \u017e\u00e1dosti o pr\u00e1ci<\/strong> (elektronicky\/emailem). V\u00fdchoz\u00ed by tedy m\u011bl b\u00fdt hlavn\u00ed <a href=\"https:\/\/nato.taleo.net\/careersection\/2\/jobsearch.ftl\" target=\"_blank\" rel=\"noreferrer noopener\">n\u00e1borov\u00fd port\u00e1l NATO Taleo<\/a>, kde se zobrazuj\u00ed n\u011bkter\u00e9 z nab\u00eddek.<\/p>\n\n\n\n<p>Kv\u016fli zm\u00edn\u011bn\u00e9 specifi\u010dnosti agentur a bodies ale doporu\u010dujeme sledovat pro \u00fapln\u00fd p\u0159ehled i dal\u0161\u00ed nab\u00eddky vyv\u011b\u0161en\u00e9 na jednotliv\u00fdch str\u00e1nk\u00e1ch, kam se dostanete <a href=\"http:\/\/www.nato.int\/structur\/recruit\/nato-bodies.html\" target=\"_blank\" rel=\"noreferrer noopener\">p\u0159es tento seznam.<\/a> V\u011bt\u0161inou to tedy funguje tak, \u017ee se p\u0159ihla\u0161ujete na konkr\u00e9tn\u00ed m\u00edsto. Ano, m\u016f\u017eete vyplnit sv\u016fj profil, ale ve fin\u00e1le se bude se p\u0159ihl\u00ed\u017eet jen v&nbsp;t\u011bm p\u0159ihl\u00e1\u0161k\u00e1m, kter\u00e9 jsou k&nbsp;inzerovan\u00fdm pozic\u00edm.<\/p>\n\n\n\n<h3 class=\"wp-block-heading\">Kategorie zam\u011bstanc\u016f<\/h3>\n\n\n\n<p>Co z\u016fst\u00e1v\u00e1 pro v\u0161echny sou\u010d\u00e1sti NATO stejn\u00e9, mluv\u00edme -li o civiln\u00edch pozic\u00edch, jsou kategorie zam\u011bstnanc\u016f <em>(grades)<\/em> a typy smluv, tj. zda se m\u016f\u017eete nechat zam\u011bstnat jako do\u010dasn\u00fd zam\u011bstnance (<em>interim<\/em>), nebo \u0159\u00e1dn\u011b na pln\u00fd \u00favazek. Pokud jste \u010derstv\u011b po \u0161kole, zaj\u00edmat v\u00e1s bude i pozice do\u010dasn\u00e9ho zam\u011bstnance <em>(interim), <\/em>ty jsou v\u0161ak \u010dasov\u011b omezen\u00e9.<\/p>\n\n\n<div class=\"wp-block-image\">\n<figure class=\"aligncenter\"><img decoding=\"async\" src=\"http:\/\/www.nato.int\/nato_static_fl2014\/assets\/pictures\/stock_2015\/20150706_150706-recruitment.jpg\" alt=\"\"\/><figcaption class=\"wp-element-caption\"><em>NATO. Zdroj: <a href=\"http:\/\/www.nato.int\/nato_static_fl2014\/assets\/pictures\/stock_2015\/20150706_150706-recruitment.jpg\" target=\"_blank\" rel=\"noopener noreferrer\">nato.int<\/a><\/em><\/figcaption><\/figure>\n<\/div>\n\n\n<h4 class=\"wp-block-heading\">Pracovat m\u016f\u017eete i p\u0159\u00edmo v&nbsp;jedn\u00e9 z &nbsp;agentur:<\/h4>\n\n\n\n<ul class=\"wp-block-list\">\n<li>NATO Communications and Information Agency,<\/li>\n\n\n\n<li>NATO Support and Procurement Agency,<\/li>\n\n\n\n<li>NATO Science and Technology Organization,<\/li>\n\n\n\n<li>NATO Standardization Office,<\/li>\n\n\n\n<li>nebo i v dal\u0161\u00edch bodies.<\/li>\n<\/ul>\n\n\n\n<h4 class=\"wp-block-heading\">Kategorie zam\u011bstn\u00e1n\u00ed<\/h4>\n\n\n\n<h4 class=\"wp-block-heading\"><strong>Jak vypad\u00e1 p\u0159ij\u00edmac\u00ed procedura?<\/strong><\/h4>\n\n\n\n<p>V\u011bt\u0161inou jsou p\u0159edvybran\u00ed kandid\u00e1ti jsou pozv\u00e1ni na zkou\u0161ky z jazyka a p\u016flhodinov\u00fd test odborn\u00e9 zp\u016fsobilosti z bal\u00edku Microsoft Office, kde \u010del\u00ed s\u00e9rii \u00fakol\u016f. Tyto zkou\u0161ky, kter\u00e9 se konaj\u00ed v&nbsp;\u00fast\u0159ed\u00ed NATO, zaberou zhruba p\u016fl dne a jejich sou\u010d\u00e1st\u00ed je i hodinov\u00fd pohovor p\u0159ed panelem.<\/p>\n\n\n\n<p>Pokud neusp\u011bjete, ale vyk\u00e1\u017eete v\u00fdborn\u00e9 v\u00fdsledky, nezoufejte, va\u0161e <strong>jm\u00e9no se m\u016f\u017ee dostat na rezervn\u00ed seznam,<\/strong> kter\u00fd je p\u0159ednostn\u011b zkoum\u00e1n p\u0159i vyps\u00e1n\u00ed nov\u00e9ho pracovn\u00edho m\u00edsta. Sou\u010d\u00e1st\u00ed p\u0159ij\u00edmac\u00ed procedury m\u016f\u017ee b\u00fdt Assessment Centre, jazykov\u00fd test, p\u00edsemn\u00fd test v&nbsp;d\u00e9lce 1-3 hodiny pro posouzen\u00ed formula\u010dn\u00ed schopnosti kandid\u00e1t\u016f a technick\u00e9 nebo odborn\u00e9 znalosti p\u0159edm\u011btu. Posl\u00e9ze n\u00e1sleduje pro \u00fasp\u011b\u0161n\u00e9 kandid\u00e1ty pohovor za p\u0159\u00edtomnosti p\u011bti\u010dlenn\u00e9 komise.<\/p>\n\n\n<div class=\"wp-block-image size-medium\">\n<figure class=\"aligncenter\"><img decoding=\"async\" src=\"https:\/\/upload.wikimedia.org\/wikipedia\/commons\/thumb\/7\/7e\/NATO-2002-Summit.jpg\/220px-NATO-2002-Summit.jpg\" alt=\"\"\/><figcaption class=\"wp-element-caption\"><em>NATO. Zdroj: <\/em><a href=\"https:\/\/upload.wikimedia.org\/wikipedia\/commons\/thumb\/7\/7e\/NATO-2002-Summit.jpg\/220px-NATO-2002-Summit.jpg\" target=\"_blank\" rel=\"noopener noreferrer\"><em>wikimedia.org<\/em><\/a><\/figcaption><\/figure>\n<\/div>\n\n\n<h3 class=\"wp-block-heading\"><strong>Zam\u011bstnan\u00ed m\u016f\u017eete b\u00fdt jako:<\/strong><\/h3>\n\n\n\n<ul class=\"wp-block-list\">\n<li>vyslanci sv\u00e9ho domovsk\u00e9ho st\u00e1tu jako pracovn\u00edk st\u00e1tn\u00ed spr\u00e1vy\/odborn\u00edk,<\/li>\n\n\n\n<li>do\u010dasn\u00ed zam\u011bstanci (interim),<\/li>\n\n\n\n<li>st\u00e1l\u00ed zam\u011bstnanci.<\/li>\n<\/ul>\n\n\n\n<h4 class=\"wp-block-heading\"><strong><em>Vyslan\u00ed odborn\u00edci<\/em><\/strong><\/h4>\n\n\n\n<p>K pr\u00e1ci v NATO se m\u016f\u017eete dostat i nap\u0159\u00edklad jako z\u00e1stupci reprezentuj\u00edc\u00ed z\u00e1jmy \u010cesk\u00e9 republiky u St\u00e1l\u00e9ho zastoupen\u00ed NATO nebo jako zam\u011bstnanci n\u011bkter\u00e9ho z \u010desk\u00fdch ministerstev. Tyto m\u00edsta jsou ale v\u011bt\u0161inou pro zku\u0161en\u011bj\u0161\u00ed zam\u011bstnance st\u00e1tn\u00ed spr\u00e1vy. Nicm\u00e9n\u011b st\u00e1le plat\u00ed, \u017ee pokud m\u00e1te z\u00e1jem pracovat v&nbsp;mezin\u00e1rodn\u00ed organizaci, je dobr\u00e9 <a href=\"http:\/\/www.mzv.cz\/nkm\" target=\"_blank\" rel=\"noreferrer noopener\">vyplnit sv\u016fj profil na NKM.<\/a><\/p>\n\n\n\n<h4 class=\"wp-block-heading\"><em>Do\u010dasn\u00ed zam\u011bstnanci<\/em><\/h4>\n\n\n\n<p>Mezin\u00e1rodn\u00ed t\u00fdm NATO st\u00e1le roz\u0161i\u0159uje datab\u00e1zi potenci\u00e1ln\u00edch kandid\u00e1t\u016f, kte\u0159\u00ed mohou b\u00fdt naj\u00edm\u00e1ni na kr\u00e1tkodob\u00e9 \u00fakoly jako do\u010dasn\u00ed zam\u011bstnanci v hlavn\u00edm s\u00eddle NATO v Bruselu.<\/p>\n\n\n\n<p>Uchaze\u010di mus\u00ed b\u00fdt st\u00e1tn\u00edmi p\u0159\u00edslu\u0161n\u00edky n\u011bkter\u00e9ho \u010dlensk\u00e9ho st\u00e1tu NATO, s dovednost\u00ed v p\u0159\u00edslu\u0161n\u00e9m oboru a znalost\u00ed angli\u010dtiny nebo francouz\u0161tiny. Do\u010dasn\u00e9 \u00fakoly mohou b\u00fdt <strong>v&nbsp;rozmez\u00ed n\u011bkolika hodin t\u00fddn\u011b \u010di v ur\u010dit\u00fdch m\u011bs\u00ed\u010dn\u00edch obdob\u00edch dle pot\u0159eby.<\/strong><\/p>\n\n\n\n<p>Pokud se chcete st\u00e1t do\u010dasn\u00fdm zam\u011bstnancem NATO, nezb\u00fdv\u00e1 v\u00e1m, ne\u017e <a href=\"http:\/\/www.nato.int\/cps\/en\/natohq\/86784.htm\" target=\"_blank\" rel=\"noreferrer noopener\"><strong>vyplnit tento dotazn\u00edk<\/strong><\/a> a poslat ho na <a href=\"mailto:interimstaff@hq.nato.int\" target=\"_blank\" rel=\"noreferrer noopener\">interimstaff@hq.nato.int<\/a> a \u010dekat, zda budete kontaktov\u00e1ni, pokud se n\u011bjak\u00e9 m\u00edsto uvoln\u00ed. Ofici\u00e1ln\u00ed str\u00e1nky NATO bohu\u017eel neposkytuj\u00ed dal\u0161\u00ed informace o kvalifikaci nebo po\u017eadavc\u00edch na interim kandid\u00e1ty.<\/p>\n\n\n\n<h4 class=\"wp-block-heading\"><em>St\u00e1l\u00ed zam\u011bstnanci<\/em><\/h4>\n\n\n\n<p>V\u0161e, co v\u00edme o st\u00e1l\u00fdch zam\u011bstnanc\u00edch, se do\u010dteme v&nbsp;kr\u00e1tk\u00e9m textu na n\u00e1borov\u00e9m port\u00e1le. Tedy, \u017ee <strong>kategorie zam\u011bstnanc\u016f se d\u011bl\u00ed A, B,C a L<\/strong><strong>.<\/strong><\/p>\n\n\n\n<p>L\u00e9ta zku\u0161enosti, co\u017e je jednotka, kter\u00e1 zaj\u00edm\u00e1 hlavn\u011b absolventy, lze jen dovodit. Ke ka\u017ed\u00e9 kategorii je p\u0159i\u0159azeno vzestupn\u00e9 \u010d\u00edslo (nap\u0159 A.1). Zat\u00edmco v&nbsp;<a href=\"http:\/\/www.mladiinfo.cz\/pruvodce-karierou-v-mezinarodnich-organizacich-evropska-unie\/\" target=\"_blank\" rel=\"noreferrer noopener\">EU, o kter\u00e9 jsme psali v minul\u00e9m \u010dl\u00e1nku,<\/a> kde jsou vyhla\u0161ov\u00e1ny n\u00e1bory pro skupiny ur\u010dit\u00e9 skupiny pracovn\u00edk\u016f, nap\u0159. AD5\/AD6 (tedy tzv. administr\u00e1tory nejni\u017e\u0161\u00ed kategorie s&nbsp;minim\u00e1ln\u00ed zku\u0161enost\u00ed), NATO vyhla\u0161uje v\u017edy v\u00fdb\u011brov\u00e9 \u0159\u00edzen\u00ed na ur\u010dit\u00e9 m\u00edsto, kter\u00e9 m\u00e1 specifick\u00e9 po\u017eadavky na vzd\u011bl\u00e1n\u00ed, ale i l\u00e9ta zku\u0161enosti.<\/p>\n\n\n\n<p>Obecn\u011b ale plat\u00ed, \u017ee \u010d\u00edslov\u00e1n\u00ed kategori\u00ed vzr\u016fst\u00e1 spolu s povinnostmi a logicky dostupn\u011bj\u0161\u00ed jsou pro absolventy kategorie A \u2013 p\u0159i d\u016fkladn\u011bj\u0161\u00edm zkoum\u00e1n\u00ed inzer\u00e1t\u016f zjist\u00edte, \u017ee nap\u0159. pro kategorii A.2 jsou po\u017eadov\u00e1ny zhruba dva roky zku\u0161enosti.<\/p>\n\n\n\n<h4 class=\"wp-block-heading\">Kategorie zam\u011bstnanc\u016f v&nbsp;NATO jsou n\u00e1sleduj\u00edc\u00ed:<\/h4>\n\n\n\n<ul class=\"wp-block-list\">\n<li><a href=\"http:\/\/www.nato.int\/cps\/en\/natolive\/87157.htm#AGrade\" target=\"_blank\" rel=\"noreferrer noopener\">Category A<\/a> \u2013 mana\u017eersk\u00e9 pozice<\/li>\n\n\n\n<li><a href=\"http:\/\/www.nato.int\/cps\/en\/natolive\/87157.htm#LGrade\" target=\"_blank\" rel=\"noreferrer noopener\">Category L<\/a>&nbsp;&#8211;&nbsp;lingvistick\u00e9 pozice<\/li>\n\n\n\n<li><a href=\"http:\/\/www.nato.int\/cps\/en\/natolive\/87157.htm#BGrade\" target=\"_blank\" rel=\"noreferrer noopener\">Category B<\/a>&nbsp;&#8211; administrativn\u00ed pozice a IT, asistenti<\/li>\n\n\n\n<li><a href=\"http:\/\/www.nato.int\/cps\/en\/natolive\/87157.htm#CGrade\" target=\"_blank\" rel=\"noreferrer noopener\">Category C<\/a>&nbsp;&#8211; manu\u00e1ln\u00ed a techni\u010dt\u00ed pracovn\u00edci, hasi\u010di a hl\u00edda\u010di<\/li>\n<\/ul>\n\n\n\n<h4 class=\"wp-block-heading\"><em>Kategorie A: mana\u017eersk\u00e9 pozice<\/em><\/h4>\n\n\n\n<p>Kategorie A je rozd\u011blena do <strong>sedmi t\u0159\u00edd od A.1 po A.7 podle vzr\u016fstaj\u00edc\u00ed d\u016fle\u017eitosti<\/strong> pozice od juniorsk\u00e9ho administrativn\u00edho asistenta z\u00e1stupce n\u00e1m\u011bstka gener\u00e1ln\u00edho tajemn\u00edka. Kategorie A vy\u017eaduje krom\u011b vysoko\u0161kolsk\u00e9ho vzd\u011bl\u00e1n\u00ed n\u011bkolika let relevantn\u00ed odborn\u00e9 zku\u0161enosti pro konkr\u00e9tn\u00ed pracovn\u00ed m\u00edsto a znalosti jednoho ze dvou ofici\u00e1ln\u00edch jazyk\u016f NATO (FR, AJ).<\/p>\n\n\n\n<h4 class=\"wp-block-heading\"><em>Kategorie L: Lingvistick\u00e9 pozice<\/em><\/h4>\n\n\n\n<p>Kategorie L je rozd\u011blena do <strong>p\u011bti t\u0159\u00edd od L.1 po L.5<\/strong>. Jedn\u00e1 se o vedouc\u00ed sekce, korektory, tlumo\u010dn\u00edky, p\u0159ekladatele a juniorsk\u00e9 tlumo\u010dn\u00edky, ale <strong>pro valnou v\u011bt\u0161inu \u010cech\u016f je nedostupn\u00e1, jeliko\u017e p\u0159ekladatel\u00e9 mus\u00ed uv\u00e9st francouz\u0161tinu nebo angli\u010dtinu jako sv\u016fj mate\u0159sk\u00fd jazyk.<\/strong><\/p>\n\n\n\n<h4 class=\"wp-block-heading\"><em>Kategorie B: Administrativn\u00ed m\u00edsta<\/em><\/h4>\n\n\n\n<p>Kategorie B jsou \u00fa\u0159edn\u00edci, vysoc\u00ed \u00fa\u0159edn\u00edci, pracovn\u00edci IT. Je v<strong> \u0161esti stupn\u00edch kvalifikace, znovu od B.1 po B.6.<\/strong> Podobn\u011b <a href=\"http:\/\/www.mladiinfo.cz\/pruvodce-karierou-v-mezinarodnich-organizacich-evropska-unie\/\" target=\"_blank\" rel=\"noreferrer noopener\">jako u asistent\u016f v&nbsp;Evropsk\u00e9 unii<\/a>, i tady sta\u010d\u00ed jen st\u0159edo\u0161kolsk\u00e9 vzd\u011bl\u00e1n\u00ed a odborn\u00e1 praxe n\u011bkolik let v podobn\u00e9 funkci. A samoz\u0159ejm\u011b <strong>perfektn\u00ed znalost jednoho z&nbsp;ofici\u00e1ln\u00edch jazyk\u016f<\/strong> a pracovn\u00ed znalost toho druh\u00e9ho.<\/p>\n\n\n\n<p>Zvl\u00e1\u0161tn\u00ed podkategori\u00ed kategorie B jsou asistenti. Ti jsou <strong>v&nbsp;kategori\u00edch od B.3 do B.5.<\/strong> Tato m\u00edsta zahrnuj\u00ed \u0161irokou \u0161k\u00e1lu administrativn\u00edch a podp\u016frn\u00fdch organiza\u010dn\u00edch povinnost\u00ed a kandid\u00e1ti jsou p\u0159edem zvoleni na z\u00e1klad\u011b informac\u00ed poskytnut\u00fdch v jejich formul\u00e1\u0159i. Obecn\u00fd popis pr\u00e1ce, kter\u00e1 se o\u010dek\u00e1v\u00e1 od asistent\u016f, najdete <a href=\"http:\/\/www.nato.int\/structur\/recruit\/info-doc\/generic-post-description.e.pdf\" target=\"_blank\" rel=\"noreferrer noopener\">pod t\u00edmto odkazem<\/a>.<\/p>\n\n\n\n<h4 class=\"wp-block-heading\"><em>Kategorie C<\/em><\/h4>\n\n\n\n<p>Kategorie C se vysoko\u0161kolsk\u00fdch absolvent\u016f moc t\u00fdkat nebude. Pov\u011bt\u0161inou se jedn\u00e1 o techniky, instalat\u00e9ry, elektrik\u00e1\u0159e, \u0159idi\u010de, hasi\u010de a bezpe\u010dnostn\u00ed slu\u017eby C je rozd\u011blen do \u0161esti stup\u0148\u016f ur\u010den\u00fdch od C.6 po C.1.<\/p>\n\n\n<div class=\"wp-block-image\">\n<figure class=\"aligncenter\"><img decoding=\"async\" src=\"http:\/\/cdn.history.com\/sites\/2\/2013\/12\/formation-of-nato-hero-H.jpeg\" alt=\"\"\/><figcaption class=\"wp-element-caption\">NATO. Zdroj: <a href=\"http:\/\/cdn.history.com\/sites\/2\/2013\/12\/formation-of-nato-hero-H.jpeg\" target=\"_blank\" rel=\"noopener noreferrer\">cdn.history.com<\/a><\/figcaption><\/figure>\n<\/div>\n\n\n<h2 class=\"wp-block-heading\">Zam\u011bstn\u00e1n\u00ed v ostatn\u00edch agentur\u00e1ch NATO<\/h2>\n\n\n\n<h4 class=\"wp-block-heading\">Krom\u011b velitelstv\u00ed v Bruselu nab\u00edz\u00ed NATO&nbsp; zam\u011bstn\u00e1n\u00ed i u jedn\u00e9 ze sv\u00fdch agentur:<\/h4>\n\n\n\n<ul class=\"wp-block-list\">\n<li>NATO Communications and Information Agency<\/li>\n\n\n\n<li>NATO Support and Procurement Agency<\/li>\n\n\n\n<li>NATO Science and Technology Organization<\/li>\n\n\n\n<li>NATO Standardization Office<\/li>\n<\/ul>\n\n\n\n<h4 class=\"wp-block-heading\"><a href=\"http:\/\/NATO Communications and Information Agency\" target=\"_blank\" rel=\"noreferrer noopener\"><em>NATO Communications and Information Agency<\/em><\/a><\/h4>\n\n\n\n<p>Krom\u011b zam\u011bstn\u00e1n\u00ed v&nbsp;NATO se <strong>m\u016f\u017eete dostat do n\u011bkter\u00e9 z&nbsp;jejich agentur,<\/strong> nap\u0159\u00edklad do Informa\u010dn\u00ed agentury NATO. Chcete-li se <strong>uch\u00e1zet o pr\u00e1ci v NCI,<\/strong> je t\u0159eba zabrousit na jejich<a href=\"https:\/\/www.ncia.nato.int\/Pages\/Employment\/home.aspx\" target=\"_blank\" rel=\"noreferrer noopener\"> webov\u00e9 str\u00e1nky <\/a>a pou\u017e\u00edt jejich online syst\u00e9m.<\/p>\n\n\n\n<p><strong>Syst\u00e9m n\u00e1b\u011bru funguje podobn\u011b<\/strong> jako v&nbsp;hlavn\u00ed vlajkov\u00e9 organizaci &#8211; i zde se setk\u00e1te s A, B, C, L kategoriemi zam\u011bstnanc\u016f. Takt\u00e9\u017e je t\u0159eba vyplnit profil na ur\u010ditou pozici a absolvovat sadu test\u016f a\u017e po osobn\u00ed posouzen\u00ed.<\/p>\n\n\n\n<h4 class=\"wp-block-heading\"><a href=\"http:\/\/NATO Support and Procurement Agency\" target=\"_blank\" rel=\"noreferrer noopener\"><em><strong>NATO Support and Procurement Agency<\/strong><\/em><\/a><\/h4>\n\n\n\n<p>Pokud stoj\u00edte o pr\u00e1ci v NATO Support a Procurement Agency, tak si p\u0159ipravte o n\u011bco siln\u011bj\u0161\u00ed nervy. Aby byla va\u0161e \u017e\u00e1dost akceptov\u00e1na, tak toti\u017e <strong>mus\u00edte vyplnit hned dvojici&nbsp;dokument\u016f<\/strong>, a to NPSA Application Form a z\u00e1rove\u0148 Post Requirements Form, kter\u00fd se vztahuje ke konkr\u00e9tn\u00edmu m\u00edstu.<\/p>\n\n\n\n<p>Zam\u011bstn\u00e1ni m\u016f\u017eete b\u00fdt pod dv\u011bma statusy, a to bu\u010f na<strong> tzv. voln\u00e9 noze<\/strong> (freelancer), co\u017e jsou jedinci p\u0159ich\u00e1zej\u00edc\u00ed ze soukrom\u00e9 sf\u00e9ry nebo ti, kte\u0159\u00ed ukon\u010dili aktivn\u00ed civiln\u00ed nebo vojenskou slu\u017ebu, nebo<strong> tzv. seconded<\/strong>, co\u017e jsou n\u00e1rodn\u00ed experti, odborn\u00edci uvoln\u011bn\u00ed ze st\u00e1tn\u00ed spr\u00e1vy \u010di arm\u00e1dy k pln\u011bn\u00ed \u00fakol\u016f na \u010dasov\u011b omezenou dobu.<\/p>\n\n\n\n<h4 class=\"wp-block-heading\"><a href=\"http:\/\/NATO Science and Technology Organization\" target=\"_blank\" rel=\"noreferrer noopener\"><strong><em>NATO Science and Technology Organization<\/em><\/strong><\/a><\/h4>\n\n\n\n<p>NATO Science and Technology Organization, neboli NATO STO, se nach\u00e1z\u00ed v Neuilly-sur-Seine, na z\u00e1padn\u00edm p\u0159edm\u011bst\u00ed Pa\u0159\u00ed\u017ee. \u017d\u00e1dosti o pr\u00e1ci by m\u011bly b\u00fdt pod\u00e1ny vypln\u011bn\u00edm formul\u00e1\u0159e ve Wordu a jeho zasl\u00e1n\u00edm na po\u0161tovn\u00ed adresu \u010di elektronicky v PDF na adresu: <a href=\"mailto:hr@cso.nato.int\" target=\"_blank\" rel=\"noreferrer noopener\">hr@cso.nato.int<\/a>.<\/p>\n\n\n\n<h3 class=\"wp-block-heading\"><strong>Tipy na pohovor<\/strong><\/h3>\n\n\n\n<ul class=\"wp-block-list\">\n<li>Projd\u011bte si dokumenty&nbsp;o \u00fakolu&nbsp;NATO agentury nebo body a formulujte si, jak vid\u00edte sv\u00e9 p\u0159\u00edpadn\u00e9 kon\u00e1n\u00ed.<\/li>\n\n\n\n<li>P\u0159e\u010dt\u011bte si po\u0159\u00e1dn\u011b ozn\u00e1men\u00ed o voln\u00e9m pracovn\u00edm m\u00edst\u011b a zva\u017ete, jak obh\u00e1j\u00edte sv\u016fj p\u0159\u00ednos na z\u00e1klad\u011b ji\u017e dosa\u017een\u00fdch zku\u0161enost\u00ed.<\/li>\n\n\n\n<li>P\u0159edv\u00eddejte&nbsp;ot\u00e1zky, kter\u00e9 mohou p\u0159ij\u00edt p\u0159i pohovoru a p\u0159ipravte si odpov\u011bdi p\u0159edem.<\/li>\n\n\n\n<li>B\u011bhem pohovoru se obracejte na \u010dleny pohovorov\u00e9 komise jejich jm\u00e9nem.<\/li>\n\n\n\n<li>Nekomplikujte sv\u00e9 odpov\u011bdi a vyhn\u011bte se zab\u00edh\u00e1n\u00edm do podrobnost\u00ed, ve kter\u00fdch si nejste jisti.<\/li>\n\n\n\n<li>Dbejte na sebev\u011bdom\u00e9, up\u0159\u00edmn\u00e9 vystupov\u00e1n\u00ed a neverb\u00e1ln\u00ed komunikaci, z\u00e1kladem je pevn\u00fd stisk ruky, o\u010dn\u00ed kontakt a \u0159e\u010d t\u011bla.<\/li>\n<\/ul>\n\n\n\n<h3 class=\"wp-block-heading\"><\/h3>\n\n\n\n<p><em>Zdroj:<a href=\"http:\/\/www.nato.int\" target=\"_blank\" rel=\"noreferrer noopener\"> Ofici\u00e1ln\u00ed str\u00e1nky NATO<\/a><\/em><\/p>\n","protected":false},"excerpt":{"rendered":"<p>Sn\u00edte o st\u00e1\u017ei nebo kari\u00e9\u0159e v mezin\u00e1rodn\u00ed organizaci, jakou je NATO? Provedu v\u00e1s procesem od [&hellip;]<\/p>\n","protected":false},"author":1,"featured_media":158,"comment_status":"open","ping_status":"open","sticky":false,"template":"","format":"standard","meta":{"_monsterinsights_skip_tracking":false,"_monsterinsights_sitenote_active":false,"_monsterinsights_sitenote_note":"","_monsterinsights_sitenote_category":0,"_jetpack_memberships_contains_paid_content":false,"footnotes":"","jetpack_publicize_message":"","jetpack_publicize_feature_enabled":true,"jetpack_social_post_already_shared":true,"jetpack_social_options":{"image_generator_settings":{"template":"highway","default_image_id":0,"font":"","enabled":false},"version":2}},"categories":[4,16],"tags":[15,20],"class_list":["post-146","post","type-post","status-publish","format-standard","has-post-thumbnail","hentry","category-co-bylo-predtim","category-kariera","tag-kariera","tag-nato"],"yoast_head":"<!-- This site is optimized with the Yoast SEO plugin v27.5 - https:\/\/yoast.com\/product\/yoast-seo-wordpress\/ -->\n<title>Pr\u016fvodce kari\u00e9rou v mezin\u00e1rodn\u00edch organizac\u00edch: NATO - M\u016fj \u017eivot ve \u0160v\u00e9dsku<\/title>\n<meta name=\"robots\" content=\"index, follow, max-snippet:-1, max-image-preview:large, max-video-preview:-1\" \/>\n<link rel=\"canonical\" href=\"https:\/\/tynavesvedsku.com\/index.php\/2022\/11\/25\/pruvodce-karierou-v-mezinarodnich-organizacich-nato\/\" \/>\n<meta property=\"og:locale\" content=\"cs_CZ\" \/>\n<meta property=\"og:type\" content=\"article\" \/>\n<meta property=\"og:title\" content=\"Pr\u016fvodce kari\u00e9rou v mezin\u00e1rodn\u00edch organizac\u00edch: NATO - M\u016fj \u017eivot ve \u0160v\u00e9dsku\" \/>\n<meta property=\"og:description\" content=\"Sn\u00edte o st\u00e1\u017ei nebo kari\u00e9\u0159e v mezin\u00e1rodn\u00ed organizaci, jakou je NATO? Provedu v\u00e1s procesem od [&hellip;]\" \/>\n<meta property=\"og:url\" content=\"https:\/\/tynavesvedsku.com\/index.php\/2022\/11\/25\/pruvodce-karierou-v-mezinarodnich-organizacich-nato\/\" \/>\n<meta property=\"og:site_name\" content=\"M\u016fj \u017eivot ve \u0160v\u00e9dsku\" \/>\n<meta property=\"article:published_time\" content=\"2022-11-25T14:36:30+00:00\" \/>\n<meta property=\"article:modified_time\" content=\"2022-11-26T16:51:38+00:00\" \/>\n<meta property=\"og:image\" content=\"https:\/\/tynavesvedsku.com\/wp-content\/uploads\/2022\/11\/20210418_161038-scaled.jpg\" \/>\n\t<meta property=\"og:image:width\" content=\"2560\" \/>\n\t<meta property=\"og:image:height\" content=\"1920\" \/>\n\t<meta property=\"og:image:type\" content=\"image\/jpeg\" \/>\n<meta name=\"author\" content=\"tyna\" \/>\n<meta name=\"twitter:card\" content=\"summary_large_image\" \/>\n<meta name=\"twitter:label1\" content=\"Napsal(a)\" \/>\n\t<meta name=\"twitter:data1\" content=\"tyna\" \/>\n\t<meta name=\"twitter:label2\" content=\"Odhadovan\u00e1 doba \u010dten\u00ed\" \/>\n\t<meta name=\"twitter:data2\" content=\"14 minut\" \/>\n<script type=\"application\/ld+json\" class=\"yoast-schema-graph\">{\"@context\":\"https:\\\/\\\/schema.org\",\"@graph\":[{\"@type\":\"Article\",\"@id\":\"https:\\\/\\\/tynavesvedsku.com\\\/index.php\\\/2022\\\/11\\\/25\\\/pruvodce-karierou-v-mezinarodnich-organizacich-nato\\\/#article\",\"isPartOf\":{\"@id\":\"https:\\\/\\\/tynavesvedsku.com\\\/index.php\\\/2022\\\/11\\\/25\\\/pruvodce-karierou-v-mezinarodnich-organizacich-nato\\\/\"},\"author\":{\"name\":\"tyna\",\"@id\":\"https:\\\/\\\/tynavesvedsku.com\\\/#\\\/schema\\\/person\\\/911bb2cdceaf0b9d4c7d56be12f730ec\"},\"headline\":\"Pr\u016fvodce kari\u00e9rou v mezin\u00e1rodn\u00edch organizac\u00edch: NATO\",\"datePublished\":\"2022-11-25T14:36:30+00:00\",\"dateModified\":\"2022-11-26T16:51:38+00:00\",\"mainEntityOfPage\":{\"@id\":\"https:\\\/\\\/tynavesvedsku.com\\\/index.php\\\/2022\\\/11\\\/25\\\/pruvodce-karierou-v-mezinarodnich-organizacich-nato\\\/\"},\"wordCount\":2716,\"commentCount\":0,\"image\":{\"@id\":\"https:\\\/\\\/tynavesvedsku.com\\\/index.php\\\/2022\\\/11\\\/25\\\/pruvodce-karierou-v-mezinarodnich-organizacich-nato\\\/#primaryimage\"},\"thumbnailUrl\":\"https:\\\/\\\/tynavesvedsku.com\\\/wp-content\\\/uploads\\\/2022\\\/11\\\/20210418_161038-scaled.jpg\",\"keywords\":[\"Kari\u00e9ra\",\"NATO\"],\"articleSection\":[\"Co bylo p\u0159edt\u00edm\",\"Pr\u00e1ce\"],\"inLanguage\":\"cs\",\"potentialAction\":[{\"@type\":\"CommentAction\",\"name\":\"Comment\",\"target\":[\"https:\\\/\\\/tynavesvedsku.com\\\/index.php\\\/2022\\\/11\\\/25\\\/pruvodce-karierou-v-mezinarodnich-organizacich-nato\\\/#respond\"]}]},{\"@type\":\"WebPage\",\"@id\":\"https:\\\/\\\/tynavesvedsku.com\\\/index.php\\\/2022\\\/11\\\/25\\\/pruvodce-karierou-v-mezinarodnich-organizacich-nato\\\/\",\"url\":\"https:\\\/\\\/tynavesvedsku.com\\\/index.php\\\/2022\\\/11\\\/25\\\/pruvodce-karierou-v-mezinarodnich-organizacich-nato\\\/\",\"name\":\"Pr\u016fvodce kari\u00e9rou v mezin\u00e1rodn\u00edch organizac\u00edch: NATO - M\u016fj \u017eivot ve \u0160v\u00e9dsku\",\"isPartOf\":{\"@id\":\"https:\\\/\\\/tynavesvedsku.com\\\/#website\"},\"primaryImageOfPage\":{\"@id\":\"https:\\\/\\\/tynavesvedsku.com\\\/index.php\\\/2022\\\/11\\\/25\\\/pruvodce-karierou-v-mezinarodnich-organizacich-nato\\\/#primaryimage\"},\"image\":{\"@id\":\"https:\\\/\\\/tynavesvedsku.com\\\/index.php\\\/2022\\\/11\\\/25\\\/pruvodce-karierou-v-mezinarodnich-organizacich-nato\\\/#primaryimage\"},\"thumbnailUrl\":\"https:\\\/\\\/tynavesvedsku.com\\\/wp-content\\\/uploads\\\/2022\\\/11\\\/20210418_161038-scaled.jpg\",\"datePublished\":\"2022-11-25T14:36:30+00:00\",\"dateModified\":\"2022-11-26T16:51:38+00:00\",\"author\":{\"@id\":\"https:\\\/\\\/tynavesvedsku.com\\\/#\\\/schema\\\/person\\\/911bb2cdceaf0b9d4c7d56be12f730ec\"},\"breadcrumb\":{\"@id\":\"https:\\\/\\\/tynavesvedsku.com\\\/index.php\\\/2022\\\/11\\\/25\\\/pruvodce-karierou-v-mezinarodnich-organizacich-nato\\\/#breadcrumb\"},\"inLanguage\":\"cs\",\"potentialAction\":[{\"@type\":\"ReadAction\",\"target\":[\"https:\\\/\\\/tynavesvedsku.com\\\/index.php\\\/2022\\\/11\\\/25\\\/pruvodce-karierou-v-mezinarodnich-organizacich-nato\\\/\"]}]},{\"@type\":\"ImageObject\",\"inLanguage\":\"cs\",\"@id\":\"https:\\\/\\\/tynavesvedsku.com\\\/index.php\\\/2022\\\/11\\\/25\\\/pruvodce-karierou-v-mezinarodnich-organizacich-nato\\\/#primaryimage\",\"url\":\"https:\\\/\\\/tynavesvedsku.com\\\/wp-content\\\/uploads\\\/2022\\\/11\\\/20210418_161038-scaled.jpg\",\"contentUrl\":\"https:\\\/\\\/tynavesvedsku.com\\\/wp-content\\\/uploads\\\/2022\\\/11\\\/20210418_161038-scaled.jpg\",\"width\":2560,\"height\":1920},{\"@type\":\"BreadcrumbList\",\"@id\":\"https:\\\/\\\/tynavesvedsku.com\\\/index.php\\\/2022\\\/11\\\/25\\\/pruvodce-karierou-v-mezinarodnich-organizacich-nato\\\/#breadcrumb\",\"itemListElement\":[{\"@type\":\"ListItem\",\"position\":1,\"name\":\"Home\",\"item\":\"https:\\\/\\\/tynavesvedsku.com\\\/\"},{\"@type\":\"ListItem\",\"position\":2,\"name\":\"Pr\u016fvodce kari\u00e9rou v mezin\u00e1rodn\u00edch organizac\u00edch: NATO\"}]},{\"@type\":\"WebSite\",\"@id\":\"https:\\\/\\\/tynavesvedsku.com\\\/#website\",\"url\":\"https:\\\/\\\/tynavesvedsku.com\\\/\",\"name\":\"M\u016fj \u017eivot ve \u0160v\u00e9dsku\",\"description\":\"Blog o \u0161v\u00e9d\u0161tin\u011b, cestov\u00e1n\u00ed a \u017eivot\u011b ve \u0160v\u00e9dsku\",\"potentialAction\":[{\"@type\":\"SearchAction\",\"target\":{\"@type\":\"EntryPoint\",\"urlTemplate\":\"https:\\\/\\\/tynavesvedsku.com\\\/?s={search_term_string}\"},\"query-input\":{\"@type\":\"PropertyValueSpecification\",\"valueRequired\":true,\"valueName\":\"search_term_string\"}}],\"inLanguage\":\"cs\"},{\"@type\":\"Person\",\"@id\":\"https:\\\/\\\/tynavesvedsku.com\\\/#\\\/schema\\\/person\\\/911bb2cdceaf0b9d4c7d56be12f730ec\",\"name\":\"tyna\",\"image\":{\"@type\":\"ImageObject\",\"inLanguage\":\"cs\",\"@id\":\"https:\\\/\\\/secure.gravatar.com\\\/avatar\\\/04410c153f8418bab509dfe23b92b5c8343e18b5be3958974c7b7f00fdb9b863?s=96&d=mm&r=g\",\"url\":\"https:\\\/\\\/secure.gravatar.com\\\/avatar\\\/04410c153f8418bab509dfe23b92b5c8343e18b5be3958974c7b7f00fdb9b863?s=96&d=mm&r=g\",\"contentUrl\":\"https:\\\/\\\/secure.gravatar.com\\\/avatar\\\/04410c153f8418bab509dfe23b92b5c8343e18b5be3958974c7b7f00fdb9b863?s=96&d=mm&r=g\",\"caption\":\"tyna\"},\"sameAs\":[\"http:\\\/\\\/tynavesvedsku.com\"],\"url\":\"https:\\\/\\\/tynavesvedsku.com\\\/index.php\\\/author\\\/tyna\\\/\"}]}<\/script>\n<!-- \/ Yoast SEO plugin. -->","yoast_head_json":{"title":"Pr\u016fvodce kari\u00e9rou v mezin\u00e1rodn\u00edch organizac\u00edch: NATO - M\u016fj \u017eivot ve \u0160v\u00e9dsku","robots":{"index":"index","follow":"follow","max-snippet":"max-snippet:-1","max-image-preview":"max-image-preview:large","max-video-preview":"max-video-preview:-1"},"canonical":"https:\/\/tynavesvedsku.com\/index.php\/2022\/11\/25\/pruvodce-karierou-v-mezinarodnich-organizacich-nato\/","og_locale":"cs_CZ","og_type":"article","og_title":"Pr\u016fvodce kari\u00e9rou v mezin\u00e1rodn\u00edch organizac\u00edch: NATO - M\u016fj \u017eivot ve \u0160v\u00e9dsku","og_description":"Sn\u00edte o st\u00e1\u017ei nebo kari\u00e9\u0159e v mezin\u00e1rodn\u00ed organizaci, jakou je NATO? Provedu v\u00e1s procesem od [&hellip;]","og_url":"https:\/\/tynavesvedsku.com\/index.php\/2022\/11\/25\/pruvodce-karierou-v-mezinarodnich-organizacich-nato\/","og_site_name":"M\u016fj \u017eivot ve \u0160v\u00e9dsku","article_published_time":"2022-11-25T14:36:30+00:00","article_modified_time":"2022-11-26T16:51:38+00:00","og_image":[{"width":2560,"height":1920,"url":"https:\/\/tynavesvedsku.com\/wp-content\/uploads\/2022\/11\/20210418_161038-scaled.jpg","type":"image\/jpeg"}],"author":"tyna","twitter_card":"summary_large_image","twitter_misc":{"Napsal(a)":"tyna","Odhadovan\u00e1 doba \u010dten\u00ed":"14 minut"},"schema":{"@context":"https:\/\/schema.org","@graph":[{"@type":"Article","@id":"https:\/\/tynavesvedsku.com\/index.php\/2022\/11\/25\/pruvodce-karierou-v-mezinarodnich-organizacich-nato\/#article","isPartOf":{"@id":"https:\/\/tynavesvedsku.com\/index.php\/2022\/11\/25\/pruvodce-karierou-v-mezinarodnich-organizacich-nato\/"},"author":{"name":"tyna","@id":"https:\/\/tynavesvedsku.com\/#\/schema\/person\/911bb2cdceaf0b9d4c7d56be12f730ec"},"headline":"Pr\u016fvodce kari\u00e9rou v mezin\u00e1rodn\u00edch organizac\u00edch: NATO","datePublished":"2022-11-25T14:36:30+00:00","dateModified":"2022-11-26T16:51:38+00:00","mainEntityOfPage":{"@id":"https:\/\/tynavesvedsku.com\/index.php\/2022\/11\/25\/pruvodce-karierou-v-mezinarodnich-organizacich-nato\/"},"wordCount":2716,"commentCount":0,"image":{"@id":"https:\/\/tynavesvedsku.com\/index.php\/2022\/11\/25\/pruvodce-karierou-v-mezinarodnich-organizacich-nato\/#primaryimage"},"thumbnailUrl":"https:\/\/tynavesvedsku.com\/wp-content\/uploads\/2022\/11\/20210418_161038-scaled.jpg","keywords":["Kari\u00e9ra","NATO"],"articleSection":["Co bylo p\u0159edt\u00edm","Pr\u00e1ce"],"inLanguage":"cs","potentialAction":[{"@type":"CommentAction","name":"Comment","target":["https:\/\/tynavesvedsku.com\/index.php\/2022\/11\/25\/pruvodce-karierou-v-mezinarodnich-organizacich-nato\/#respond"]}]},{"@type":"WebPage","@id":"https:\/\/tynavesvedsku.com\/index.php\/2022\/11\/25\/pruvodce-karierou-v-mezinarodnich-organizacich-nato\/","url":"https:\/\/tynavesvedsku.com\/index.php\/2022\/11\/25\/pruvodce-karierou-v-mezinarodnich-organizacich-nato\/","name":"Pr\u016fvodce kari\u00e9rou v mezin\u00e1rodn\u00edch organizac\u00edch: NATO - M\u016fj \u017eivot ve \u0160v\u00e9dsku","isPartOf":{"@id":"https:\/\/tynavesvedsku.com\/#website"},"primaryImageOfPage":{"@id":"https:\/\/tynavesvedsku.com\/index.php\/2022\/11\/25\/pruvodce-karierou-v-mezinarodnich-organizacich-nato\/#primaryimage"},"image":{"@id":"https:\/\/tynavesvedsku.com\/index.php\/2022\/11\/25\/pruvodce-karierou-v-mezinarodnich-organizacich-nato\/#primaryimage"},"thumbnailUrl":"https:\/\/tynavesvedsku.com\/wp-content\/uploads\/2022\/11\/20210418_161038-scaled.jpg","datePublished":"2022-11-25T14:36:30+00:00","dateModified":"2022-11-26T16:51:38+00:00","author":{"@id":"https:\/\/tynavesvedsku.com\/#\/schema\/person\/911bb2cdceaf0b9d4c7d56be12f730ec"},"breadcrumb":{"@id":"https:\/\/tynavesvedsku.com\/index.php\/2022\/11\/25\/pruvodce-karierou-v-mezinarodnich-organizacich-nato\/#breadcrumb"},"inLanguage":"cs","potentialAction":[{"@type":"ReadAction","target":["https:\/\/tynavesvedsku.com\/index.php\/2022\/11\/25\/pruvodce-karierou-v-mezinarodnich-organizacich-nato\/"]}]},{"@type":"ImageObject","inLanguage":"cs","@id":"https:\/\/tynavesvedsku.com\/index.php\/2022\/11\/25\/pruvodce-karierou-v-mezinarodnich-organizacich-nato\/#primaryimage","url":"https:\/\/tynavesvedsku.com\/wp-content\/uploads\/2022\/11\/20210418_161038-scaled.jpg","contentUrl":"https:\/\/tynavesvedsku.com\/wp-content\/uploads\/2022\/11\/20210418_161038-scaled.jpg","width":2560,"height":1920},{"@type":"BreadcrumbList","@id":"https:\/\/tynavesvedsku.com\/index.php\/2022\/11\/25\/pruvodce-karierou-v-mezinarodnich-organizacich-nato\/#breadcrumb","itemListElement":[{"@type":"ListItem","position":1,"name":"Home","item":"https:\/\/tynavesvedsku.com\/"},{"@type":"ListItem","position":2,"name":"Pr\u016fvodce kari\u00e9rou v mezin\u00e1rodn\u00edch organizac\u00edch: NATO"}]},{"@type":"WebSite","@id":"https:\/\/tynavesvedsku.com\/#website","url":"https:\/\/tynavesvedsku.com\/","name":"M\u016fj \u017eivot ve \u0160v\u00e9dsku","description":"Blog o \u0161v\u00e9d\u0161tin\u011b, cestov\u00e1n\u00ed a \u017eivot\u011b ve \u0160v\u00e9dsku","potentialAction":[{"@type":"SearchAction","target":{"@type":"EntryPoint","urlTemplate":"https:\/\/tynavesvedsku.com\/?s={search_term_string}"},"query-input":{"@type":"PropertyValueSpecification","valueRequired":true,"valueName":"search_term_string"}}],"inLanguage":"cs"},{"@type":"Person","@id":"https:\/\/tynavesvedsku.com\/#\/schema\/person\/911bb2cdceaf0b9d4c7d56be12f730ec","name":"tyna","image":{"@type":"ImageObject","inLanguage":"cs","@id":"https:\/\/secure.gravatar.com\/avatar\/04410c153f8418bab509dfe23b92b5c8343e18b5be3958974c7b7f00fdb9b863?s=96&d=mm&r=g","url":"https:\/\/secure.gravatar.com\/avatar\/04410c153f8418bab509dfe23b92b5c8343e18b5be3958974c7b7f00fdb9b863?s=96&d=mm&r=g","contentUrl":"https:\/\/secure.gravatar.com\/avatar\/04410c153f8418bab509dfe23b92b5c8343e18b5be3958974c7b7f00fdb9b863?s=96&d=mm&r=g","caption":"tyna"},"sameAs":["http:\/\/tynavesvedsku.com"],"url":"https:\/\/tynavesvedsku.com\/index.php\/author\/tyna\/"}]}},"jetpack_publicize_connections":[],"jetpack_featured_media_url":"https:\/\/tynavesvedsku.com\/wp-content\/uploads\/2022\/11\/20210418_161038-scaled.jpg","jetpack_sharing_enabled":true,"_links":{"self":[{"href":"https:\/\/tynavesvedsku.com\/index.php\/wp-json\/wp\/v2\/posts\/146","targetHints":{"allow":["GET"]}}],"collection":[{"href":"https:\/\/tynavesvedsku.com\/index.php\/wp-json\/wp\/v2\/posts"}],"about":[{"href":"https:\/\/tynavesvedsku.com\/index.php\/wp-json\/wp\/v2\/types\/post"}],"author":[{"embeddable":true,"href":"https:\/\/tynavesvedsku.com\/index.php\/wp-json\/wp\/v2\/users\/1"}],"replies":[{"embeddable":true,"href":"https:\/\/tynavesvedsku.com\/index.php\/wp-json\/wp\/v2\/comments?post=146"}],"version-history":[{"count":3,"href":"https:\/\/tynavesvedsku.com\/index.php\/wp-json\/wp\/v2\/posts\/146\/revisions"}],"predecessor-version":[{"id":203,"href":"https:\/\/tynavesvedsku.com\/index.php\/wp-json\/wp\/v2\/posts\/146\/revisions\/203"}],"wp:featuredmedia":[{"embeddable":true,"href":"https:\/\/tynavesvedsku.com\/index.php\/wp-json\/wp\/v2\/media\/158"}],"wp:attachment":[{"href":"https:\/\/tynavesvedsku.com\/index.php\/wp-json\/wp\/v2\/media?parent=146"}],"wp:term":[{"taxonomy":"category","embeddable":true,"href":"https:\/\/tynavesvedsku.com\/index.php\/wp-json\/wp\/v2\/categories?post=146"},{"taxonomy":"post_tag","embeddable":true,"href":"https:\/\/tynavesvedsku.com\/index.php\/wp-json\/wp\/v2\/tags?post=146"}],"curies":[{"name":"wp","href":"https:\/\/api.w.org\/{rel}","templated":true}]}}