{"id":148,"date":"2022-11-25T14:37:58","date_gmt":"2022-11-25T14:37:58","guid":{"rendered":"https:\/\/tynavesvedsku.com\/?p=148"},"modified":"2022-11-26T16:13:28","modified_gmt":"2022-11-26T16:13:28","slug":"pruvodce-karierou-v-mezinarodnich-organizacich-osn","status":"publish","type":"post","link":"https:\/\/tynavesvedsku.com\/index.php\/2022\/11\/25\/pruvodce-karierou-v-mezinarodnich-organizacich-osn\/","title":{"rendered":"Pr\u016fvodce kari\u00e9rou v mezin\u00e1rodn\u00edch organizac\u00edch: OSN"},"content":{"rendered":"\n<p>Usiluje\u0161 o mezin\u00e1rodn\u00ed kari\u00e9ru, ale nev\u00ed\u0161, kde za\u010d\u00edt? Pr\u016fvodce kari\u00e9rou v mezin\u00e1rodn\u00edch organizac\u00edch: OSN.<\/p>\n\n\n\n<!--more-->\n\n\n\n<p>Proto\u017ee je OSN nejv\u011bt\u0161\u00ed, za\u010dneme pr\u00e1v\u011b zde a u toho, jakou \u0161anci m\u00e1 vlastn\u011b mlad\u00fd absolvent. Proto\u017ee \u2013 v\u011b\u0159, nebo ne \u2013 je to v\u011bda. N\u00e1bor\u00e1\u0159i v OSN ti toti\u017e \u0159eknou, \u017ee \u017e\u00e1dat o zam\u011bstn\u00e1n\u00ed m\u016f\u017ee\u0161, ale pravd\u011bpodobnost, \u017ee se ti to povede, nen\u00ed moc velk\u00e1. Jedn\u00edm dechem dodaj\u00ed, \u017ee zkusit m\u016f\u017ee\u0161 v\u0161echno \u2013 t\u0159eba kandidovat na m\u00edsto gener\u00e1ln\u00edho tajemn\u00edka OSN. Ot\u00e1zka je, s jak\u00fdm v\u00fdsledkem.<\/p>\n\n\n\n<p>Nenechme se odradit! Pro mlad\u00e9 lidi (s limitovanou pracovn\u00ed zku\u0161enost\u00ed) p\u0159ece jen existuje n\u011bkolik mo\u017enost\u00ed, jak proniknout do \u00fatrob organizace. V n\u00e1sleduj\u00edc\u00edm \u010dl\u00e1nku projdeme pozice vhodn\u00e9 pro absolventy, kategorie zam\u011bstn\u00e1n\u00ed a doporu\u010d\u00edme p\u00e1r tip\u016f pro pod\u00e1v\u00e1n\u00ed p\u0159ihl\u00e1\u0161ek. Pr\u016fvodce kari\u00e9rou v mezin\u00e1rodn\u00edch organizac\u00edch: OSN.<\/p>\n\n\n\n<h3 class=\"wp-block-heading\"><strong>Pokud po \u0161kole usiluje\u0161 o zam\u011bstn\u00e1n\u00ed v OSN, v\u00fdchoz\u00ed by pro tebe m\u011bly b\u00fdt zejm\u00e9na tyto t\u0159i programy:<\/strong><\/h3>\n\n\n\n<ol class=\"wp-block-list\">\n<li>St\u00e1\u017ee v OSN<\/li>\n\n\n\n<li>UN Volunteers &amp; UN Youth Volunteers<\/li>\n\n\n\n<li>Program pro mlad\u00e9 profesion\u00e1ly (YPP)<\/li>\n<\/ol>\n\n\n\n<h3 class=\"wp-block-heading\"><strong>Pro\u010d zrovna tyto a ne jin\u00e9?<\/strong><\/h3>\n\n\n\n<p>V\u011bt\u0161ina pozic v OSN je vysoce specializovan\u00e1 a vy\u017eaduje praxi. Pokud jsi absolvent, z\u00edskat jen tak pr\u00e1ci u OSN pro tebe bude slo\u017eit\u011bj\u0161\u00ed. Pravd\u011bpodobnost \u00fasp\u011b\u0161nosti se ale zv\u00fd\u0161\u00ed, pokud bude\u0161 ji\u017e m\u00edt s prac\u00ed v organizaci n\u011bjak\u00e9 zku\u0161enosti pr\u00e1v\u011b z t\u011bchto program\u016f, kter\u00e9 jsou vytvo\u0159eny pro mlad\u00e9 jedince.<\/p>\n\n\n\n<h3 class=\"wp-block-heading\"><em><strong>1. ST\u00c1\u017dE V OSN<\/strong><\/em><\/h3>\n\n\n\n<p><\/p>\n\n\n\n<p>St\u00e1\u017eistou m\u016f\u017ee\u0161 b\u00fdt na Headquaters (HQ) nebo v poli (field). St\u00e1\u017ee v OSN <strong>nejsou z valn\u00e9 v\u011bt\u0161iny placen\u00e9<\/strong>, co\u017e ze st\u00e1\u017ee v New Yorku \u010di \u017denev\u011b d\u011bl\u00e1 celkem elitn\u00ed z\u00e1le\u017eitost. Proto na st\u00e1\u017ei potk\u00e1\u0161 v\u011bt\u0161inou mlad\u00e9 lidi z bohat\u0161\u00edch zem\u00ed Severn\u00ed Ameriky a z\u00e1padn\u00ed Evropy, kte\u0159\u00ed maj\u00ed pen\u00edze nebo jsou sponzorov\u00e1ni vl\u00e1dn\u00edmi programy \u010di univerzitou.<\/p>\n\n\n\n<p>P\u0159esto\u017ee <strong>pracuje\u0161 zdarma, na st\u00e1\u017e nen\u00ed jednoduch\u00e9 se dostat<\/strong>, hl\u00e1s\u00ed se na ni mraky konkurent\u016f z cel\u00e9ho sv\u011bta. St\u00e1\u017ee si m\u016f\u017ee\u0161 hledat jednak <a href=\"https:\/\/careers.un.org\/lbw\/home.aspx?viewtype=IP\" target=\"_blank\" rel=\"noreferrer noopener\">na port\u00e1lu s pracovn\u00edmi nab\u00eddkami<\/a> OSN, jednak p\u0159\u00edmo v&nbsp;jednotliv\u00fdch agentur\u00e1ch.<\/p>\n\n\n\n<p>Vzhledem k&nbsp;tomu, \u017ee OSN je gigantick\u00e1 organizace, je t\u00e9m\u011b\u0159<strong> nemo\u017en\u00e9, aby centr\u00e1la, v\u0161echny pobo\u010dky a agentury m\u011bly jednotn\u00fd syst\u00e9m pro v\u00fdb\u011br st\u00e1\u017eist\u016f<\/strong>. Spousta odd\u011blen\u00ed si tak vyb\u00edr\u00e1 vlastn\u00ed st\u00e1\u017eisty, proto se <strong>doporu\u010duje hledat st\u00e1\u017ee i na str\u00e1nk\u00e1ch jednotliv\u00fdch agentur.<\/strong> B\u00fdval\u00e1 st\u00e1\u017eistka z New Yorku rad\u00ed pod\u00e1vat p\u0159ihl\u00e1\u0161ky v\u010das a nevylu\u010dovat ani spont\u00e1nn\u00ed p\u0159ihl\u00e1\u0161ky \u2013 nikdy nev\u00ed\u0161, kdy bude\u0161 m\u00edt \u0161t\u011bst\u00ed.<\/p>\n\n\n\n<p>V\u0161echny zdroje bl\u00edzk\u00e9 OSN se shoduj\u00ed, \u017ee absolvov\u00e1n\u00ed st\u00e1\u017ee je <strong>nejjednodu\u0161\u0161\u00edm vstupn\u00edm bodem ke k\u00fd\u017een\u00e9 kari\u00e9\u0159e.<\/strong> Bude\u0161-li m\u00edt \u0161t\u011bst\u00ed, tak ti po absolvov\u00e1n\u00ed st\u00e1\u017ee nab\u00eddnou kr\u00e1tkodob\u00fd konzultantsk\u00fd kontrakt. St\u00e1\u017e rozhodn\u011b nen\u00ed z\u00e1rukou, \u017ee tento kontrakt dostane\u0161 a jeho hlavn\u00edmi negativy jsou zejm\u00e9na soci\u00e1ln\u00ed nejistoty a jeho kr\u00e1tkodobost \u2013 p\u0159\u00ed\u0161t\u00ed m\u011bs\u00edc ti zni\u010dehonic nemus\u00ed smlouva b\u00fdt prodlou\u017eena\u2026<\/p>\n\n\n\n<p>Pozd\u011bji se do\u010dte\u0161, jak\u00fd je rozd\u00edl mezi jednotliv\u00fdmi profesn\u00edmi stupni. St\u00e1\u017eisti jsou za\u0159azov\u00e1ni na pozici P1 nebo P2, tedy nejni\u017e\u0161\u00ed vstupn\u00ed level pro lidi se zku\u0161enost\u00ed do 2 let. St\u00e1\u017eemi je v podstat\u011b nab\u00eddka pozic pro P1 a P2 vy\u010derp\u00e1na.<\/p>\n\n\n\n<h3 class=\"wp-block-heading\"><strong>Co se st\u00e1\u017eemi, kter\u00e9 jsou neplacen\u00e9<\/strong><\/h3>\n\n\n\n<p>Krom\u011b UN agentur jako WFP, ILO, WTO z\u016fst\u00e1v\u00e1 <strong>pr\u00e1ce zdarma u st\u00e1\u017e\u00ed v&nbsp;OSN smutnou realitou.<\/strong> I proto se zformovala <strong>iniciativa za f\u00e9r podm\u00ednky, kter\u00e1 usilovn\u011b bojuje proti neplacen\u00fdm st\u00e1\u017e\u00edm a znev\u00fdhodn\u011bn\u00edm<\/strong>, kter\u00e9 p\u0159in\u00e1\u0161ej\u00ed lidem, kte\u0159\u00ed nejsou tak bohat\u00ed, aby si mohli st\u00e1\u017e &#8222;dovolit&#8220;. Pomalu se odkr\u00fdvaj\u00ed d\u011bsiv\u00e1 \u010d\u00edsla o po\u010dtu vyko\u0159is\u0165ovan\u00e9 mlad\u00e9 pracovn\u00ed s\u00edly a <strong>zd\u00e1 se, \u017ee se bl\u00fdsk\u00e1 na lep\u0161\u00ed \u010dasy.<\/strong> Iniciativu za spravedliv\u00e9 podm\u00ednky a jej\u00ed d\u00edl\u010d\u00ed \u00fasp\u011bchy m\u016f\u017ee\u0161 sledovat na <a href=\"https:\/\/fairinternshipinitiative.wordpress.com\/home\/\" target=\"_blank\" rel=\"noreferrer noopener\">www.fairinternshipinitiative.wp.com<\/a>&nbsp;nebo v r\u016fzn\u00fdch sv\u011btov\u00fdch m\u00e9di\u00edch, kde se o sv\u016fj slavn\u00fd <a href=\"http:\/\/www.independent.co.uk\/news\/world\/europe\/un-intern-tent-david-hyde-unpaid-stunt-geneva-10457021.html\" target=\"_blank\" rel=\"noreferrer noopener\">p\u0159\u00edb\u011bh d\u011bl\u00ed st\u00e1\u017eista David Hyde<\/a>, kter\u00fd spal ve stanu p\u0159ed Sekretari\u00e1tem.<\/p>\n\n\n\n<h3 class=\"wp-block-heading\"><em><strong>2. DOBROVOLNICK\u00dd PROGRAM UNV<\/strong><\/em><\/h3>\n\n\n\n<p>Pod dobrovolnick\u00fdm programem se skr\u00fdvaj\u00ed dv\u011b nab\u00eddky:<\/p>\n\n\n\n<ul class=\"wp-block-list\">\n<li>UN Youth Volunteer<\/li>\n\n\n\n<li>UN Volunteers<\/li>\n<\/ul>\n\n\n\n<h3 class=\"wp-block-heading\"><strong>UN Youth Volunteer<\/strong><\/h3>\n\n\n\n<p>Dobrovolnick\u00fd program OSN je jednou z vstupn\u00edch bran k dosa\u017een\u00ed zam\u011bstn\u00e1n\u00ed v OSN. Ka\u017edoro\u010dn\u011b se okolo 8 000 lid\u00ed ze 160 zem\u00ed v\u011bnuje v r\u00e1mci OSN nejm\u00e9n\u011b \u0161est m\u011bs\u00edc\u016f sv\u00e9ho \u017eivota dobrovolnick\u00e9 \u010dinnosti.<\/p>\n\n\n\n<p>M\u016f\u017ee\u0161 se <strong>p\u0159ihl\u00e1sit ka\u017ed\u00fd rok na n\u011bkolik pozic<\/strong>, kter\u00e9 vypisuje<a rel=\"noreferrer noopener\" href=\"https:\/\/www.mzv.cz\/jnp\/cz\/zahranicni_vztahy\/rozvojova_spoluprace\/mnohostranna_zrs_cr\/osn\/unv\/index.html\" target=\"_blank\"> MZV \u010cR.<\/a> Tvoje p\u0159ihl\u00e1\u0161ka do programu je prvotn\u011b posuzov\u00e1na \u010desk\u00fdmi n\u00e1bor\u00e1\u0159i, posl\u00e9ze je p\u0159ihl\u00e1\u0161ka postoupena p\u0159\u00edslu\u0161n\u00e9 \u201eduty station\u201d, tedy zemi a agentu\u0159e OSN, kde bude\u0161 p\u016fsobit. O tom, jak\u00e9 to je b\u00fdt dobrovoln\u00edkem OSN, si <a href=\"http:\/\/www.mladiinfo.cz\/rok-v-mongolsku\/\">m\u016f\u017ee\u0161 p\u0159e\u010d\u00edst na Mladiinfo<\/a>.<\/p>\n\n\n\n<h3 class=\"wp-block-heading\">Ka\u017ed\u00fd dobrovoln\u00edk mus\u00ed splnit z\u00e1kladn\u00ed p\u0159edpoklady:<\/h3>\n\n\n\n<ul class=\"wp-block-list\">\n<li>vysoko\u0161kolsk\u00e9 vzd\u011bl\u00e1n\u00ed,<\/li>\n\n\n\n<li>alespo\u0148 jeden a\u017e dva roky profesion\u00e1ln\u00edch zku\u0161enost\u00ed,<\/li>\n\n\n\n<li>19 a\u017e 29 let (pro UN Youth Volunteers),<\/li>\n\n\n\n<li>znalost n\u011bkter\u00e9ho z ofici\u00e1ln\u00edch jazyk\u016f OSN: angli\u010dtiny, francouz\u0161tiny, arab\u0161tiny nebo \u0161pan\u011bl\u0161tiny,<\/li>\n\n\n\n<li>motivace,<\/li>\n\n\n\n<li>p\u0159ipravenost pod\u00edlet se i na kr\u00e1tkodob\u00fdch \u00fakolech (6 \u2013 12 m\u011bs\u00edc\u016f),<\/li>\n\n\n\n<li>p\u0159ipravenost pracovat v m\u00edstech, kde panuj\u00ed n\u00e1ro\u010dn\u00e9 podm\u00ednky.<\/li>\n<\/ul>\n\n\n\n<p><strong>Uz\u00e1v\u011brka p\u0159ihl\u00e1\u0161ek b\u00fdv\u00e1 v z\u00e1\u0159\u00ed.<\/strong> Dobrovoln\u00edci OSN dost\u00e1vaj\u00ed<strong> \u0161t\u011bdr\u00e9 finan\u010dn\u00ed prost\u0159edky na \u017eivobyt\u00ed<\/strong>, kter\u00e9 pokr\u00fdvaj\u00ed z\u00e1kladn\u00ed pot\u0159eby a n\u00e1klady na bydlen\u00ed.<\/p>\n\n\n\n<p>Krom\u011b toho dost\u00e1vaj\u00ed v r\u00e1mci programu tak\u00e9 p\u0159\u00edsp\u011bvek k pokryt\u00ed n\u00e1klad\u016f, kter\u00e9 jsou nezbytn\u00e9 k usazen\u00ed se v dan\u00e9m m\u00edst\u011b, d\u00e1le \u017eivotn\u00ed, zdravotn\u00ed a invalidn\u00ed poji\u0161t\u011bn\u00ed, zp\u00e1te\u010dn\u00ed letenku a nomin\u00e1ln\u00ed p\u0159\u00edsp\u011bvek k pokryt\u00ed n\u00e1klad\u016f na p\u0159es\u00eddlen\u00ed zp\u011bt do p\u016fvodn\u00edho m\u00edsta bydli\u0161t\u011b.<\/p>\n\n\n\n<h3 class=\"wp-block-heading\"><strong>UN Volunteers<\/strong><\/h3>\n\n\n\n<p>Krom\u011b UN Youth Volunteer se m\u016f\u017ee\u0161 st\u00e1t UN Volunteer. Jak\u00fd je v tom rozd\u00edl? Kl\u00ed\u010dov\u00e9 je slovo \u201cYouth.\u201d UN Volunteers mus\u00ed b\u00fdt oproti UN Youth Volunteers <strong>minim\u00e1ln\u011b 25 let<\/strong>. Na UN Volunteers jsou tak\u00e9 kladeny vy\u0161\u0161\u00ed n\u00e1roky, co se t\u00fd\u010de minim\u00e1ln\u00ed kvalifikace i \u00fakol\u016f v pr\u00e1ci. Ohodnocen\u00ed je pak tak\u00e9 v\u011bt\u0161\u00ed.<\/p>\n\n\n\n<p>Pokud se m\u00e1\u0161 z\u00e1jem st\u00e1t se UN Volunteer a je ti 25 a v\u00edce let, <a href=\"http:\/\/www.unv.org\/how-to-volunteer\/register-to-be-a-un-volunteer.html\">zaregistruj se v tzv. roster datab\u00e1zi<\/a>. Vypl\u0148 sv\u016fj profil a pak u\u017e jenom nezb\u00fdv\u00e1 ne\u017e \u010dekat, jestli t\u011b UNV kontaktuje s nab\u00eddkou n\u011bjak\u00e9 pozice. Bohu\u017eel, tato datab\u00e1ze sk\u00fdt\u00e1 tis\u00edce uchaze\u010d\u016f, proto nen\u00ed pravd\u011bpodobnost, \u017ee bude\u0161 kontaktov\u00e1n\/a a vybr\u00e1n\/a, velk\u00e1.<\/p>\n\n\n\n<p>V\u011bt\u0161\u00ed nad\u011bji sk\u00fdt\u00e1 <strong>tzv. special recruitment<\/strong>, kdy se m\u016f\u017ee\u0161 s\u00e1m\/sama hl\u00e1sit na pozice, na kter\u00e9 UNV nena\u0161li kandid\u00e1ty ve sv\u00e9 datab\u00e1zi.<\/p>\n\n\n\n<h3 class=\"wp-block-heading\"><em><strong>3. YOUNG PROFESSIONALS PROGRAMME (YPP)<\/strong><\/em><\/h3>\n\n\n\n<p>Podle \u00fadaj\u016f se do Young Professionals Programme (YPP) hl\u00e1s\u00ed ka\u017edoro\u010dn\u011b 50 000 uchaze\u010d\u016f a m\u00edst je obsazov\u00e1na maxim\u00e1ln\u011b des\u00edtka.<\/p>\n\n\n\n<p>Cel\u00fd proces od pod\u00e1n\u00ed p\u0159ihl\u00e1\u0161ky po ukon\u010den\u00ed \u0159\u00edzen\u00ed zabere zhruba rok a obsazovan\u00e9 obory se ka\u017edoro\u010dn\u011b obm\u011b\u0148uj\u00ed. Jestli\u017ee \u00fasp\u011b\u0161n\u011b projde\u0161 <strong>v\u0161emi t\u0159emi f\u00e1zemi, jsi um\u00edst\u011bn\/a do tzv. rosteru<\/strong>, p\u0159ehledu, ve kter\u00e9m najde\u0161 voln\u00e9 pozice na vstupn\u00edm levelu pro jedince s malou pracovn\u00ed zku\u0161enost\u00ed, tedy i P1-P2. Informace o aktu\u00e1ln\u00edm \u0159\u00edzen\u00ed m\u016f\u017ee\u0161 naj\u00edt na str\u00e1nk\u00e1ch <a href=\"http:\/\/www.mzv.cz\/jnp\/cz\/zahranicni_vztahy\/cr_v_mezinarodnich_organizacich\/osn\/index.html\" target=\"_blank\" rel=\"noreferrer noopener\">Ministerstva zahrani\u010dn\u00edch v\u011bc\u00ed v sekci o OSN.<\/a><\/p>\n\n\n\n<h3 class=\"wp-block-heading\">Jak se hl\u00e1sit?<\/h3>\n\n\n\n<p>Program je mo\u017enou vstupenkou ke st\u00e1l\u00e9mu regul\u00e9rn\u00edmu zam\u011bstn\u00e1n\u00ed v OSN. Otev\u00edr\u00e1n je na ja\u0159e, p\u0159ihla\u0161ovat se m\u016f\u017ee\u0161 do konce l\u00e9ta.<\/p>\n\n\n\n<h3 class=\"wp-block-heading\">Je otev\u0159en\u00fd jednotlivc\u016fm, kte\u0159\u00ed:<\/h3>\n\n\n\n<ul class=\"wp-block-list\">\n<li>jsou mlad\u0161\u00ed ne\u017e 32 let,<\/li>\n\n\n\n<li>maj\u00ed alespo\u0148 bakal\u00e1\u0159sk\u00fd stupe\u0148 vzd\u011bl\u00e1n\u00ed,<\/li>\n\n\n\n<li>um\u00ed perfektn\u011b anglicky nebo francouzsky,<\/li>\n\n\n\n<li>jsou st\u00e1tn\u00edm p\u0159\u00edslu\u0161n\u00edkem zem\u011b, ve kter\u00e9 se kon\u00e1 \u0159\u00edzen\u00ed.<\/li>\n<\/ul>\n\n\n\n<p>Dle zdroj\u016f pracuj\u00edc\u00edch v OSN je <strong>prvn\u00edm o\u0159\u00ed\u0161kem u\u017e vypl\u0148ov\u00e1n\u00ed p\u0159ihl\u00e1\u0161ky.<\/strong> Spousta lid\u00ed skon\u010d\u00ed u\u017e v t\u00e9to f\u00e1zi, je proto d\u016fle\u017eit\u00e9 db\u00e1t <strong>na velmi pe\u010dlivou kontrolu<\/strong> \u2013 zejm\u00e9na se hl\u00e1sit na pozice, ke kter\u00fdm m\u00e1\u0161 vzd\u011bl\u00e1n\u00ed a odpov\u00eddaj\u00edc\u00ed l\u00e9ta zku\u0161enost\u00ed.<\/p>\n\n\n\n<p>P\u0159i vypl\u0148ov\u00e1n\u00ed je d\u016fle\u017eit\u00e9 vyb\u00edrat z drop-down menu, jeliko\u017e screening p\u0159ihl\u00e1\u0161ek je automatick\u00fd. Ne\u017e se dostane\u0161 k n\u00e1ro\u010dn\u00e9 psan\u00e9 a \u00fastn\u00ed zkou\u0161ce, hodnot\u00ed se, zda v\u016fbec spl\u0148uje\u0161 form\u00e1ln\u00ed krit\u00e9ria, jak\u00fdmi jsou v\u011bk a vzd\u011bl\u00e1n\u00ed.<\/p>\n\n\n\n<h3 class=\"wp-block-heading\"><strong>PROGRAM ASOCIOVAN\u00ddCH EXPERT\u016e (JPO)<\/strong><\/h3>\n\n\n\n<p>OSN t\u011b p\u0159ijme jako p\u0159idru\u017een\u00e9ho odborn\u00edka na z\u00e1klad\u011b dvoustrann\u00fdch dohod s vys\u00edlaj\u00edc\u00ed zem\u00ed. C\u00edlem programu je poskytovat pomoc rozvojov\u00fdm zem\u00edm a nab\u00eddnout absolvent\u016fm vysok\u00fdch \u0161kol mo\u017enost z\u00edskat profesn\u00ed zku\u0161enosti v r\u00e1mci programu zam\u011b\u0159en\u00e9ho na profesn\u00ed kapacity OSN.<\/p>\n\n\n\n<h3 class=\"wp-block-heading\"><strong>TYPY ZAM\u011aSTN\u00c1N\u00cd<\/strong><\/h3>\n\n\n\n<h3 class=\"wp-block-heading\">Obecn\u011b lze zam\u011bstnance za\u0159adit na jednu z&nbsp;n\u00e1sleduj\u00edc\u00edch pozic:<\/h3>\n\n\n\n<ul class=\"wp-block-list\">\n<li>Professional a vy\u0161\u0161\u00ed kategorie (P a D)<\/li>\n\n\n\n<li>General Service a souvisej\u00edc\u00ed kategorie (G, TC, S, PIA, LT)<\/li>\n\n\n\n<li>National Professional Officers (NO)<\/li>\n\n\n\n<li>Senior Appointments (SG, DSG, USG a ASG)<\/li>\n\n\n\n<li>Field service (FS)<\/li>\n<\/ul>\n\n\n\n<p>Ka\u017ed\u00e1 z&nbsp;t\u011bchto pozic m\u00e1 dal\u0161\u00ed specifika a vlastn\u00ed ozna\u010den\u00ed pro po\u017eadovanou praxi. Vzhledem k&nbsp;tomu, \u017ee kategorie National Professional Officer a General Service jsou otev\u0159eny pro lok\u00e1ln\u00ed pracovn\u00edky v&nbsp;m\u00edst\u011b agentur a do kategori\u00ed Senior Appointments a Field Service se absolvent nevm\u011bstn\u00e1 kv\u016fli chyb\u011bj\u00edc\u00edm zku\u0161enostem, budeme se dr\u017eet prvn\u00ed kategorie, tedy Professional.<\/p>\n\n\n\n<p>Nejni\u017e\u0161\u00ed pozic\u00ed u kategorie Professional je P1. P1 je vstupn\u00ed pozic\u00ed v programu YPP a nevy\u017eaduje pracovn\u00ed zku\u0161enost. Pozice P1 podobn\u011b jako pozice P2 (ta vy\u017eaduje 2 roky zku\u0161enosti), se ale v&nbsp;HQ OSN t\u00e9m\u011b\u0159 neotev\u00edraj\u00ed.<strong> O n\u011bco v\u00edce \u0161t\u011bst\u00ed bude\u0161 m\u00edt v n\u011bkter\u00fdch agentur\u00e1ch<\/strong>, p\u0159iprav se, \u017ee mus\u00edte disponovat <strong>velice specifickou &nbsp;znalost\u00ed<\/strong> \u2013 na n\u011bkter\u00e9 pozice v oblasti nukle\u00e1rn\u00ed energie nebo u proliferace chemick\u00fdch zbran\u00ed je nutno si vz\u00edt k ruce v\u00fdkladov\u00fd slovn\u00edk.<\/p>\n\n\n\n<p>Dal\u0161\u00ed mo\u017enost\u00ed je z\u00edskat pr\u00e1ci na Sekretari\u00e1tu (HQ), nicm\u00e9n\u011b jako absolvent bude\u0161 za\u010d\u00ednat na \u00farovni P1 a P2, kter\u00fdch se opravdu nevypisuje moc. V\u00fdb\u011brov\u00e9ho \u0159\u00edzen\u00ed se mohou \u00fa\u010dastnit pouze ob\u010dan\u00e9 participuj\u00edc\u00edch st\u00e1t\u016f, tj. st\u00e1t\u016f, je\u017e nejsou v Sekretari\u00e1tu dostate\u010dn\u011b zastoupeny.<\/p>\n\n\n\n<h3 class=\"wp-block-heading\"><strong><em>Do\u010dasn\u00fd pracovn\u00ed pom\u011br v OSN<\/em><\/strong><\/h3>\n\n\n\n<p>Na dobu krat\u0161\u00ed ne\u017e rok se pou\u017e\u00edv\u00e1 <strong>do\u010dasn\u00fd pracovn\u00ed pom\u011br<\/strong> tak, aby se v OSN vypo\u0159\u00e1dali s vy\u0161\u0161\u00ed pot\u0159ebou pracovn\u00edk\u016f v ur\u010dit\u00e9m ro\u010dn\u00edm obdob\u00ed nebo v dob\u011b, kdy jich pot\u0159ebuj\u00ed nejv\u00edce, a dok\u00e1zali tak pokr\u00fdt specifick\u00e9 kr\u00e1tkodob\u00e9 pot\u0159eby.&nbsp;V\u011bt\u0161ina lid\u00ed nejprve dostane podobn\u00fd kr\u00e1tkodob\u011bj\u0161\u00ed kontrakt a teprve pozd\u011bji se jim p\u0159\u00edpadn\u011b nab\u00eddne n\u011bjak\u00e9 vhodn\u00e9 v\u00fdb\u011brov\u00e9 \u0159\u00edzen\u00ed.<\/p>\n\n\n\n<h3 class=\"wp-block-heading\"><strong><em>Konzultanti v OSN<\/em><\/strong><\/h3>\n\n\n\n<p>Konzultanti jsou experti naj\u00edm\u00e1ni OSN na ur\u010dit\u00e9 projekty. M\u00edsto konzultanta<strong> ti m\u016f\u017ee b\u00fdt nab\u00eddnuto t\u0159eba po absolvov\u00e1n\u00ed st\u00e1\u017ee, jedn\u00e1 se v\u0161ak o v\u011bc velice nejistou.<\/strong> Konzultanti jsou naj\u00edm\u00e1ni z\u00e1sadn\u011b na krat\u0161\u00ed dobu a bez soci\u00e1ln\u00edch jistot. Pokud za sebou nem\u00e1\u0161 st\u00e1\u017e, m\u016f\u017ee\u0161 se tak\u00e9 registrovat skrze port\u00e1l Inspira do <a href=\"https:\/\/careers.un.org\/lbw\/home.aspx?viewtype=CON\" target=\"_blank\" rel=\"noreferrer noopener\">Consultant rosteru<\/a>. Bude\u0161 kontaktov\u00e1n\/a, pokud se naskytne vhodn\u00e1 p\u0159\u00edle\u017eitost.<\/p>\n\n\n\n<h3 class=\"wp-block-heading\"><strong>PR\u00c1CE V AGENTUR\u00c1CH OSN<\/strong><\/h3>\n\n\n\n<p>Aby to nebylo tak jednoduch\u00e9, <strong>OSN m\u00e1 n\u011bkolik des\u00edtek agentur,<\/strong> tedy specializovan\u00fdch organizac\u00ed spadaj\u00edc\u00edch pod OSN. Pokud si mysl\u00ed\u0161, \u017ee p\u0159ihla\u0161ov\u00e1n\u00ed je \u00fapln\u011b stejn\u00e9 do ka\u017ed\u00e9 z nich, tak se m\u00fdl\u00ed\u0161. Nejd\u0159\u00edve si projdi <a href=\"http:\/\/www.un.org\/en\/sections\/about-un\/funds-programmes-specialized-agencies-and-others\/index.html\" target=\"_blank\" rel=\"noreferrer noopener\">v\u0161echny agentury, kter\u00e9 pod OSN spadaj\u00ed.<\/a><\/p>\n\n\n\n<p>U v\u0161ech t\u011bchto agentur m\u016f\u017ee\u0161 hledat zam\u011bstn\u00e1n\u00ed. N\u011bkter\u00e9 z nich maj\u00ed <strong>dokonce i zastoupen\u00ed v \u010cesk\u00e9 republice<\/strong>, to znamen\u00e1, \u017ee \u010das od \u010dasu mohou b\u00fdt voln\u00e1 m\u00edsta pro lok\u00e1ln\u00ed pracovn\u00edky. Obecn\u011b se vyplat\u00ed <strong>sledovat str\u00e1nky jednotliv\u00fdch organizac\u00ed<\/strong>, p\u0159\u00edpadn\u011b se zapsat <a href=\"https:\/\/unjoblist.org\/\" target=\"_blank\" rel=\"noreferrer noopener\">do UN Job listu<\/a>, kdy ti ka\u017ed\u00fd t\u00fdden p\u0159ijde e-mail s otev\u00edran\u00fdmi pozicemi.<\/p>\n\n\n\n<p><strong>Pro\u010d?<\/strong> Jeliko\u017e jsou n\u011bkter\u00e1 m\u00edsta vypisov\u00e1na v pracovn\u00edm port\u00e1lu OSN, n\u011bkter\u00e9 do\u010dasn\u00e9 pracovn\u00ed nab\u00eddky jsou inzerov\u00e1ny pouze na str\u00e1nk\u00e1ch jednotliv\u00fdch agentur a<strong> na \u017e\u00e1dn\u00e9 jin\u00e9 str\u00e1nce ne\u017e <a href=\"https:\/\/unjoblist.org\/\" target=\"_blank\" rel=\"noreferrer noopener\">na UN Job listu<\/a> je nenajde\u0161 pohromad\u011b<\/strong>. Aby to bylo je\u0161t\u011b zaj\u00edmav\u011bj\u0161\u00ed, n\u011bkter\u00e9 organizace maj\u00ed \u00fapln\u011b odli\u0161n\u00fd port\u00e1l a i cel\u00fd syst\u00e9m pro pod\u00e1v\u00e1n\u00ed p\u0159ihl\u00e1\u0161ek.<\/p>\n\n\n\n<p><strong>V \u010cesk\u00e9 republice jsou p\u0159\u00edmo zastoupeny tyto agentury:<\/strong><\/p>\n\n\n\n<ul class=\"wp-block-list\">\n<li><a href=\"http:\/\/Informa\u010dn\u00ed centrum OSN v Praze\" target=\"_blank\" rel=\"noreferrer noopener\">Informa\u010dn\u00ed centrum OSN v Praze<\/a><\/li>\n\n\n\n<li><a href=\"http:\/\/www.unhcr-centraleurope.org\/cz\/o-nas.html\" target=\"_blank\" rel=\"noreferrer noopener\">\u00da\u0159ad Vysok\u00e9ho komisa\u0159e OSN pro uprchl\u00edky v \u010cesk\u00e9 republic<\/a>e<\/li>\n\n\n\n<li><a href=\"https:\/\/www.google.cz\/url?sa=t&amp;rct=j&amp;q=&amp;esrc=s&amp;source=web&amp;cd=1&amp;cad=rja&amp;uact=8&amp;ved=0ahUKEwje256eqIfPAhXBoBQKHf7NDLEQFggdMAA&amp;url=http%3A%2F%2Fwww.who.cz%2F&amp;usg=AFQjCNGwpLFgUbUjesWRcO9AypqpTcSgYQ\" target=\"_blank\" rel=\"noreferrer noopener\">Kancel\u00e1\u0159 Sv\u011btov\u00e9 zdravotnick\u00e9 organizace v \u010cesk\u00e9 republice<\/a><\/li>\n\n\n\n<li><a href=\"https:\/\/www.google.cz\/search?q=Kancel%C3%A1%C5%99+Sv%C4%9Btov%C3%A9+zdravotnick%C3%A9+organizace+v+%C4%8Cesk%C3%A9+republice&amp;oq=Kancel%C3%A1%C5%99+Sv%C4%9Btov%C3%A9+zdravotnick%C3%A9+organizace+v+%C4%8Cesk%C3%A9+republice&amp;aqs=chrome..69i57.936j0j9&amp;sourceid=chrome&amp;ie=UTF-8\" target=\"_blank\" rel=\"noreferrer noopener\">\u010cesk\u00fd v\u00fdbor pro UNICEF<\/a><\/li>\n<\/ul>\n\n\n\n<h3 class=\"wp-block-heading\"><strong>JAK NA SAMOTN\u00c9 HLED\u00c1N\u00cd PR\u00c1CE?<\/strong><\/h3>\n\n\n\n<p>Te\u010f u\u017e m\u00e1\u0161 jasno, jak\u00e1 kategorie zam\u011bstn\u00e1n\u00ed je pro tebe nejvhodn\u011bj\u0161\u00ed. <strong>Kde hledat a jak usp\u011bt?<\/strong> Prvn\u00ed kroky by m\u011bly v\u00e9st na ofici\u00e1ln\u00ed str\u00e1nky OSN, <a href=\"https:\/\/inspira.un.org\/psp\/PUNA1J\/?cmd=login&amp;languageCd=ENG\" target=\"_blank\" rel=\"noreferrer noopener\">do port\u00e1lu Inspira<\/a>, kde po vytvo\u0159en\u00ed u\u017eivatelsk\u00e9ho \u00fa\u010dtu najde\u0161 <strong>seznam vypisovan\u00fdch pozic dle zadan\u00fdch krit\u00e9ri\u00ed.<\/strong><\/p>\n\n\n\n<p>U\u017eite\u010dnou pom\u016fckou je tak\u00e9 <a href=\"https:\/\/unjoblist.org\/\" target=\"_blank\" rel=\"noreferrer noopener\">UN job list<\/a>, tedy str\u00e1nka, kde najde\u0161 hezky pohromad\u011b v\u0161echny nab\u00eddky ze v\u0161ech n\u011bkolika des\u00edtek organizac\u00ed. Konkurence je obrovsk\u00e1. Proto rozhodn\u011b nepodce\u0148uj nic od po\u010d\u00e1tku p\u0159ij\u00edmac\u00edho procesu na jakoukoliv pozici.<\/p>\n\n\n\n<h3 class=\"wp-block-heading\"><strong>Zde je p\u00e1r rad, jak usp\u011bt:<\/strong><\/h3>\n\n\n\n<ul class=\"wp-block-list\">\n<li>Vypl\u0148 profil <strong>nadm\u00edru pe\u010dliv\u011b. \u017d\u00e1dn\u00e9 gramatick\u00e9 chyby a p\u0159eklepy!<\/strong><\/li>\n\n\n\n<li>Prostuduj si v\u0161echny typy program\u016f, typ\u016f smluv a kontrakt\u016f.<\/li>\n\n\n\n<li>Hlas se <strong>jen na pozice, na kter\u00e9 m\u00e1\u0161 opravdu vzd\u011bl\u00e1n\u00ed a spln\u011bn\u00e9 po\u017eadavky.<\/strong><\/li>\n\n\n\n<li><strong>P\u0159izp\u016fsob sv\u016fj motiva\u010dn\u00ed dopis dan\u00e9 pozici<\/strong>, dbej na obsa\u017een\u00ed v\u011bt\u0161iny bod\u016f inzer\u00e1tu.<\/li>\n\n\n\n<li>Ilustruj svoje zku\u0161enosti v p\u0159ihl\u00e1\u0161ce konkr\u00e9tn\u00edmi p\u0159\u00edklady.<\/li>\n\n\n\n<li>Prodej svou zku\u0161enost ze zahrani\u010dn\u00edch projekt\u016f a schopnost pracovat v multikulturn\u00edm prost\u0159ed\u00ed.<\/li>\n\n\n\n<li><strong>P\u0159ihl\u00e1\u0161ky na posledn\u00ed chv\u00edli jsou v\u011bt\u0161inou vn\u00edm\u00e1ny s despektem.<\/strong> Spousta lid\u00ed pod\u00e1 svoji p\u0159ihl\u00e1\u0161ku na posledn\u00ed chv\u00edli, tak\u017ee tv\u00e9 p\u0159ihl\u00e1\u0161ce bude personalisty v\u011bnov\u00e1no m\u00e9n\u011b \u010dasu.<\/li>\n<\/ul>\n\n\n\n<h3 class=\"wp-block-heading\">Co n\u00e1sleduje?<\/h3>\n\n\n\n<p>Pokud bude tvoje p\u0159ihl\u00e1\u0161ka akceptov\u00e1na mezi u\u017e\u0161\u00ed v\u00fdb\u011br, je na\u010dase se sezn\u00e1mit s t\u00edm, <strong>co t\u011b m\u016f\u017ee \u010dekat na pohovoru.<\/strong> B\u011bhem p\u0159ij\u00edmac\u00edho \u0159\u00edzen\u00ed se setk\u00e1\u0161 s n\u011b\u010d\u00edm, co se naz\u00fdv\u00e1 <strong>\u201ebehavior\u00e1ln\u00ed pohovory\u201c<\/strong>. Tyto pohovory vych\u00e1zej\u00ed z p\u0159edpokladu, \u017ee nejlep\u0161\u00edm ukazatelem budouc\u00ed v\u00fdkonnosti jsou dosavadn\u00ed chov\u00e1n\u00ed a zku\u0161enosti \u2013 dostane\u0161 za \u00fakol popsat, kdy jsi t\u0159eba p\u0159ed\u010dil\/a sv\u00e9ho nad\u0159\u00edzen\u00e9ho, jak jsi se vypo\u0159\u00e1dal\/a se slo\u017eitou pracovn\u00ed situac\u00ed a podobn\u011b. P\u0159ed samotn\u00fdm pohovorem si prostuduj v\u0161echny mo\u017en\u00e9 p\u0159\u00edru\u010dky, kter\u00e9 OSN k tomuto t\u00e9matu vydala.<\/p>\n\n\n\n<h3 class=\"wp-block-heading\">Slovo z\u00e1v\u011brem<\/h3>\n\n\n\n<p>M\u011bj na pam\u011bti, <strong>\u017ee dostat se k pr\u00e1ci v OSN nen\u00ed jednoduch\u00e9.<\/strong> Vy\u017eaduje to obrovskou motivaci a vytrvalost. Hodiny a hodiny str\u00e1ven\u00e9 nad p\u0159ihl\u00e1\u0161kami a spoustu zklam\u00e1n\u00ed, kdy\u017e to zrovna te\u010f nevyjde<strong>. Je t\u0159eba se obrnit trp\u011blivost\u00ed, co nejv\u00edce vymazlit p\u0159ihl\u00e1\u0161ku a kdy\u017e to nevyjde napoprv\u00e9, tak to zkou\u0161et znovu a znovu!<\/strong><\/p>\n","protected":false},"excerpt":{"rendered":"<p>Usiluje\u0161 o mezin\u00e1rodn\u00ed kari\u00e9ru, ale nev\u00ed\u0161, kde za\u010d\u00edt? Pr\u016fvodce kari\u00e9rou v mezin\u00e1rodn\u00edch organizac\u00edch: OSN.<\/p>\n","protected":false},"author":1,"featured_media":158,"comment_status":"open","ping_status":"open","sticky":false,"template":"","format":"standard","meta":{"_monsterinsights_skip_tracking":false,"_monsterinsights_sitenote_active":false,"_monsterinsights_sitenote_note":"","_monsterinsights_sitenote_category":0,"_jetpack_memberships_contains_paid_content":false,"footnotes":"","jetpack_publicize_message":"","jetpack_publicize_feature_enabled":true,"jetpack_social_post_already_shared":true,"jetpack_social_options":{"image_generator_settings":{"template":"highway","default_image_id":0,"font":"","enabled":false},"version":2}},"categories":[4,16],"tags":[15],"class_list":["post-148","post","type-post","status-publish","format-standard","has-post-thumbnail","hentry","category-co-bylo-predtim","category-kariera","tag-kariera"],"yoast_head":"<!-- This site is optimized with the Yoast SEO plugin v27.5 - https:\/\/yoast.com\/product\/yoast-seo-wordpress\/ -->\n<title>Pr\u016fvodce kari\u00e9rou v mezin\u00e1rodn\u00edch organizac\u00edch: OSN - M\u016fj \u017eivot ve \u0160v\u00e9dsku<\/title>\n<meta name=\"robots\" content=\"index, follow, max-snippet:-1, max-image-preview:large, max-video-preview:-1\" \/>\n<link rel=\"canonical\" href=\"https:\/\/tynavesvedsku.com\/index.php\/2022\/11\/25\/pruvodce-karierou-v-mezinarodnich-organizacich-osn\/\" \/>\n<meta property=\"og:locale\" content=\"cs_CZ\" \/>\n<meta property=\"og:type\" content=\"article\" \/>\n<meta property=\"og:title\" content=\"Pr\u016fvodce kari\u00e9rou v mezin\u00e1rodn\u00edch organizac\u00edch: OSN - M\u016fj \u017eivot ve \u0160v\u00e9dsku\" \/>\n<meta property=\"og:description\" content=\"Usiluje\u0161 o mezin\u00e1rodn\u00ed kari\u00e9ru, ale nev\u00ed\u0161, kde za\u010d\u00edt? Pr\u016fvodce kari\u00e9rou v mezin\u00e1rodn\u00edch organizac\u00edch: OSN.\" \/>\n<meta property=\"og:url\" content=\"https:\/\/tynavesvedsku.com\/index.php\/2022\/11\/25\/pruvodce-karierou-v-mezinarodnich-organizacich-osn\/\" \/>\n<meta property=\"og:site_name\" content=\"M\u016fj \u017eivot ve \u0160v\u00e9dsku\" \/>\n<meta property=\"article:published_time\" content=\"2022-11-25T14:37:58+00:00\" \/>\n<meta property=\"article:modified_time\" content=\"2022-11-26T16:13:28+00:00\" \/>\n<meta property=\"og:image\" content=\"https:\/\/tynavesvedsku.com\/wp-content\/uploads\/2022\/11\/20210418_161038-scaled.jpg\" \/>\n\t<meta property=\"og:image:width\" content=\"2560\" \/>\n\t<meta property=\"og:image:height\" content=\"1920\" \/>\n\t<meta property=\"og:image:type\" content=\"image\/jpeg\" \/>\n<meta name=\"author\" content=\"tyna\" \/>\n<meta name=\"twitter:card\" content=\"summary_large_image\" \/>\n<meta name=\"twitter:label1\" content=\"Napsal(a)\" \/>\n\t<meta name=\"twitter:data1\" content=\"tyna\" \/>\n\t<meta name=\"twitter:label2\" content=\"Odhadovan\u00e1 doba \u010dten\u00ed\" \/>\n\t<meta name=\"twitter:data2\" content=\"14 minut\" \/>\n<script type=\"application\/ld+json\" class=\"yoast-schema-graph\">{\"@context\":\"https:\\\/\\\/schema.org\",\"@graph\":[{\"@type\":\"Article\",\"@id\":\"https:\\\/\\\/tynavesvedsku.com\\\/index.php\\\/2022\\\/11\\\/25\\\/pruvodce-karierou-v-mezinarodnich-organizacich-osn\\\/#article\",\"isPartOf\":{\"@id\":\"https:\\\/\\\/tynavesvedsku.com\\\/index.php\\\/2022\\\/11\\\/25\\\/pruvodce-karierou-v-mezinarodnich-organizacich-osn\\\/\"},\"author\":{\"name\":\"tyna\",\"@id\":\"https:\\\/\\\/tynavesvedsku.com\\\/#\\\/schema\\\/person\\\/911bb2cdceaf0b9d4c7d56be12f730ec\"},\"headline\":\"Pr\u016fvodce kari\u00e9rou v mezin\u00e1rodn\u00edch organizac\u00edch: OSN\",\"datePublished\":\"2022-11-25T14:37:58+00:00\",\"dateModified\":\"2022-11-26T16:13:28+00:00\",\"mainEntityOfPage\":{\"@id\":\"https:\\\/\\\/tynavesvedsku.com\\\/index.php\\\/2022\\\/11\\\/25\\\/pruvodce-karierou-v-mezinarodnich-organizacich-osn\\\/\"},\"wordCount\":2770,\"commentCount\":0,\"image\":{\"@id\":\"https:\\\/\\\/tynavesvedsku.com\\\/index.php\\\/2022\\\/11\\\/25\\\/pruvodce-karierou-v-mezinarodnich-organizacich-osn\\\/#primaryimage\"},\"thumbnailUrl\":\"https:\\\/\\\/tynavesvedsku.com\\\/wp-content\\\/uploads\\\/2022\\\/11\\\/20210418_161038-scaled.jpg\",\"keywords\":[\"Kari\u00e9ra\"],\"articleSection\":[\"Co bylo p\u0159edt\u00edm\",\"Pr\u00e1ce\"],\"inLanguage\":\"cs\",\"potentialAction\":[{\"@type\":\"CommentAction\",\"name\":\"Comment\",\"target\":[\"https:\\\/\\\/tynavesvedsku.com\\\/index.php\\\/2022\\\/11\\\/25\\\/pruvodce-karierou-v-mezinarodnich-organizacich-osn\\\/#respond\"]}]},{\"@type\":\"WebPage\",\"@id\":\"https:\\\/\\\/tynavesvedsku.com\\\/index.php\\\/2022\\\/11\\\/25\\\/pruvodce-karierou-v-mezinarodnich-organizacich-osn\\\/\",\"url\":\"https:\\\/\\\/tynavesvedsku.com\\\/index.php\\\/2022\\\/11\\\/25\\\/pruvodce-karierou-v-mezinarodnich-organizacich-osn\\\/\",\"name\":\"Pr\u016fvodce kari\u00e9rou v mezin\u00e1rodn\u00edch organizac\u00edch: OSN - M\u016fj \u017eivot ve \u0160v\u00e9dsku\",\"isPartOf\":{\"@id\":\"https:\\\/\\\/tynavesvedsku.com\\\/#website\"},\"primaryImageOfPage\":{\"@id\":\"https:\\\/\\\/tynavesvedsku.com\\\/index.php\\\/2022\\\/11\\\/25\\\/pruvodce-karierou-v-mezinarodnich-organizacich-osn\\\/#primaryimage\"},\"image\":{\"@id\":\"https:\\\/\\\/tynavesvedsku.com\\\/index.php\\\/2022\\\/11\\\/25\\\/pruvodce-karierou-v-mezinarodnich-organizacich-osn\\\/#primaryimage\"},\"thumbnailUrl\":\"https:\\\/\\\/tynavesvedsku.com\\\/wp-content\\\/uploads\\\/2022\\\/11\\\/20210418_161038-scaled.jpg\",\"datePublished\":\"2022-11-25T14:37:58+00:00\",\"dateModified\":\"2022-11-26T16:13:28+00:00\",\"author\":{\"@id\":\"https:\\\/\\\/tynavesvedsku.com\\\/#\\\/schema\\\/person\\\/911bb2cdceaf0b9d4c7d56be12f730ec\"},\"breadcrumb\":{\"@id\":\"https:\\\/\\\/tynavesvedsku.com\\\/index.php\\\/2022\\\/11\\\/25\\\/pruvodce-karierou-v-mezinarodnich-organizacich-osn\\\/#breadcrumb\"},\"inLanguage\":\"cs\",\"potentialAction\":[{\"@type\":\"ReadAction\",\"target\":[\"https:\\\/\\\/tynavesvedsku.com\\\/index.php\\\/2022\\\/11\\\/25\\\/pruvodce-karierou-v-mezinarodnich-organizacich-osn\\\/\"]}]},{\"@type\":\"ImageObject\",\"inLanguage\":\"cs\",\"@id\":\"https:\\\/\\\/tynavesvedsku.com\\\/index.php\\\/2022\\\/11\\\/25\\\/pruvodce-karierou-v-mezinarodnich-organizacich-osn\\\/#primaryimage\",\"url\":\"https:\\\/\\\/tynavesvedsku.com\\\/wp-content\\\/uploads\\\/2022\\\/11\\\/20210418_161038-scaled.jpg\",\"contentUrl\":\"https:\\\/\\\/tynavesvedsku.com\\\/wp-content\\\/uploads\\\/2022\\\/11\\\/20210418_161038-scaled.jpg\",\"width\":2560,\"height\":1920},{\"@type\":\"BreadcrumbList\",\"@id\":\"https:\\\/\\\/tynavesvedsku.com\\\/index.php\\\/2022\\\/11\\\/25\\\/pruvodce-karierou-v-mezinarodnich-organizacich-osn\\\/#breadcrumb\",\"itemListElement\":[{\"@type\":\"ListItem\",\"position\":1,\"name\":\"Home\",\"item\":\"https:\\\/\\\/tynavesvedsku.com\\\/\"},{\"@type\":\"ListItem\",\"position\":2,\"name\":\"Pr\u016fvodce kari\u00e9rou v mezin\u00e1rodn\u00edch organizac\u00edch: OSN\"}]},{\"@type\":\"WebSite\",\"@id\":\"https:\\\/\\\/tynavesvedsku.com\\\/#website\",\"url\":\"https:\\\/\\\/tynavesvedsku.com\\\/\",\"name\":\"M\u016fj \u017eivot ve \u0160v\u00e9dsku\",\"description\":\"Blog o \u0161v\u00e9d\u0161tin\u011b, cestov\u00e1n\u00ed a \u017eivot\u011b ve \u0160v\u00e9dsku\",\"potentialAction\":[{\"@type\":\"SearchAction\",\"target\":{\"@type\":\"EntryPoint\",\"urlTemplate\":\"https:\\\/\\\/tynavesvedsku.com\\\/?s={search_term_string}\"},\"query-input\":{\"@type\":\"PropertyValueSpecification\",\"valueRequired\":true,\"valueName\":\"search_term_string\"}}],\"inLanguage\":\"cs\"},{\"@type\":\"Person\",\"@id\":\"https:\\\/\\\/tynavesvedsku.com\\\/#\\\/schema\\\/person\\\/911bb2cdceaf0b9d4c7d56be12f730ec\",\"name\":\"tyna\",\"image\":{\"@type\":\"ImageObject\",\"inLanguage\":\"cs\",\"@id\":\"https:\\\/\\\/secure.gravatar.com\\\/avatar\\\/04410c153f8418bab509dfe23b92b5c8343e18b5be3958974c7b7f00fdb9b863?s=96&d=mm&r=g\",\"url\":\"https:\\\/\\\/secure.gravatar.com\\\/avatar\\\/04410c153f8418bab509dfe23b92b5c8343e18b5be3958974c7b7f00fdb9b863?s=96&d=mm&r=g\",\"contentUrl\":\"https:\\\/\\\/secure.gravatar.com\\\/avatar\\\/04410c153f8418bab509dfe23b92b5c8343e18b5be3958974c7b7f00fdb9b863?s=96&d=mm&r=g\",\"caption\":\"tyna\"},\"sameAs\":[\"http:\\\/\\\/tynavesvedsku.com\"],\"url\":\"https:\\\/\\\/tynavesvedsku.com\\\/index.php\\\/author\\\/tyna\\\/\"}]}<\/script>\n<!-- \/ Yoast SEO plugin. -->","yoast_head_json":{"title":"Pr\u016fvodce kari\u00e9rou v mezin\u00e1rodn\u00edch organizac\u00edch: OSN - M\u016fj \u017eivot ve \u0160v\u00e9dsku","robots":{"index":"index","follow":"follow","max-snippet":"max-snippet:-1","max-image-preview":"max-image-preview:large","max-video-preview":"max-video-preview:-1"},"canonical":"https:\/\/tynavesvedsku.com\/index.php\/2022\/11\/25\/pruvodce-karierou-v-mezinarodnich-organizacich-osn\/","og_locale":"cs_CZ","og_type":"article","og_title":"Pr\u016fvodce kari\u00e9rou v mezin\u00e1rodn\u00edch organizac\u00edch: OSN - M\u016fj \u017eivot ve \u0160v\u00e9dsku","og_description":"Usiluje\u0161 o mezin\u00e1rodn\u00ed kari\u00e9ru, ale nev\u00ed\u0161, kde za\u010d\u00edt? Pr\u016fvodce kari\u00e9rou v mezin\u00e1rodn\u00edch organizac\u00edch: OSN.","og_url":"https:\/\/tynavesvedsku.com\/index.php\/2022\/11\/25\/pruvodce-karierou-v-mezinarodnich-organizacich-osn\/","og_site_name":"M\u016fj \u017eivot ve \u0160v\u00e9dsku","article_published_time":"2022-11-25T14:37:58+00:00","article_modified_time":"2022-11-26T16:13:28+00:00","og_image":[{"width":2560,"height":1920,"url":"https:\/\/tynavesvedsku.com\/wp-content\/uploads\/2022\/11\/20210418_161038-scaled.jpg","type":"image\/jpeg"}],"author":"tyna","twitter_card":"summary_large_image","twitter_misc":{"Napsal(a)":"tyna","Odhadovan\u00e1 doba \u010dten\u00ed":"14 minut"},"schema":{"@context":"https:\/\/schema.org","@graph":[{"@type":"Article","@id":"https:\/\/tynavesvedsku.com\/index.php\/2022\/11\/25\/pruvodce-karierou-v-mezinarodnich-organizacich-osn\/#article","isPartOf":{"@id":"https:\/\/tynavesvedsku.com\/index.php\/2022\/11\/25\/pruvodce-karierou-v-mezinarodnich-organizacich-osn\/"},"author":{"name":"tyna","@id":"https:\/\/tynavesvedsku.com\/#\/schema\/person\/911bb2cdceaf0b9d4c7d56be12f730ec"},"headline":"Pr\u016fvodce kari\u00e9rou v mezin\u00e1rodn\u00edch organizac\u00edch: OSN","datePublished":"2022-11-25T14:37:58+00:00","dateModified":"2022-11-26T16:13:28+00:00","mainEntityOfPage":{"@id":"https:\/\/tynavesvedsku.com\/index.php\/2022\/11\/25\/pruvodce-karierou-v-mezinarodnich-organizacich-osn\/"},"wordCount":2770,"commentCount":0,"image":{"@id":"https:\/\/tynavesvedsku.com\/index.php\/2022\/11\/25\/pruvodce-karierou-v-mezinarodnich-organizacich-osn\/#primaryimage"},"thumbnailUrl":"https:\/\/tynavesvedsku.com\/wp-content\/uploads\/2022\/11\/20210418_161038-scaled.jpg","keywords":["Kari\u00e9ra"],"articleSection":["Co bylo p\u0159edt\u00edm","Pr\u00e1ce"],"inLanguage":"cs","potentialAction":[{"@type":"CommentAction","name":"Comment","target":["https:\/\/tynavesvedsku.com\/index.php\/2022\/11\/25\/pruvodce-karierou-v-mezinarodnich-organizacich-osn\/#respond"]}]},{"@type":"WebPage","@id":"https:\/\/tynavesvedsku.com\/index.php\/2022\/11\/25\/pruvodce-karierou-v-mezinarodnich-organizacich-osn\/","url":"https:\/\/tynavesvedsku.com\/index.php\/2022\/11\/25\/pruvodce-karierou-v-mezinarodnich-organizacich-osn\/","name":"Pr\u016fvodce kari\u00e9rou v mezin\u00e1rodn\u00edch organizac\u00edch: OSN - M\u016fj \u017eivot ve \u0160v\u00e9dsku","isPartOf":{"@id":"https:\/\/tynavesvedsku.com\/#website"},"primaryImageOfPage":{"@id":"https:\/\/tynavesvedsku.com\/index.php\/2022\/11\/25\/pruvodce-karierou-v-mezinarodnich-organizacich-osn\/#primaryimage"},"image":{"@id":"https:\/\/tynavesvedsku.com\/index.php\/2022\/11\/25\/pruvodce-karierou-v-mezinarodnich-organizacich-osn\/#primaryimage"},"thumbnailUrl":"https:\/\/tynavesvedsku.com\/wp-content\/uploads\/2022\/11\/20210418_161038-scaled.jpg","datePublished":"2022-11-25T14:37:58+00:00","dateModified":"2022-11-26T16:13:28+00:00","author":{"@id":"https:\/\/tynavesvedsku.com\/#\/schema\/person\/911bb2cdceaf0b9d4c7d56be12f730ec"},"breadcrumb":{"@id":"https:\/\/tynavesvedsku.com\/index.php\/2022\/11\/25\/pruvodce-karierou-v-mezinarodnich-organizacich-osn\/#breadcrumb"},"inLanguage":"cs","potentialAction":[{"@type":"ReadAction","target":["https:\/\/tynavesvedsku.com\/index.php\/2022\/11\/25\/pruvodce-karierou-v-mezinarodnich-organizacich-osn\/"]}]},{"@type":"ImageObject","inLanguage":"cs","@id":"https:\/\/tynavesvedsku.com\/index.php\/2022\/11\/25\/pruvodce-karierou-v-mezinarodnich-organizacich-osn\/#primaryimage","url":"https:\/\/tynavesvedsku.com\/wp-content\/uploads\/2022\/11\/20210418_161038-scaled.jpg","contentUrl":"https:\/\/tynavesvedsku.com\/wp-content\/uploads\/2022\/11\/20210418_161038-scaled.jpg","width":2560,"height":1920},{"@type":"BreadcrumbList","@id":"https:\/\/tynavesvedsku.com\/index.php\/2022\/11\/25\/pruvodce-karierou-v-mezinarodnich-organizacich-osn\/#breadcrumb","itemListElement":[{"@type":"ListItem","position":1,"name":"Home","item":"https:\/\/tynavesvedsku.com\/"},{"@type":"ListItem","position":2,"name":"Pr\u016fvodce kari\u00e9rou v mezin\u00e1rodn\u00edch organizac\u00edch: OSN"}]},{"@type":"WebSite","@id":"https:\/\/tynavesvedsku.com\/#website","url":"https:\/\/tynavesvedsku.com\/","name":"M\u016fj \u017eivot ve \u0160v\u00e9dsku","description":"Blog o \u0161v\u00e9d\u0161tin\u011b, cestov\u00e1n\u00ed a \u017eivot\u011b ve \u0160v\u00e9dsku","potentialAction":[{"@type":"SearchAction","target":{"@type":"EntryPoint","urlTemplate":"https:\/\/tynavesvedsku.com\/?s={search_term_string}"},"query-input":{"@type":"PropertyValueSpecification","valueRequired":true,"valueName":"search_term_string"}}],"inLanguage":"cs"},{"@type":"Person","@id":"https:\/\/tynavesvedsku.com\/#\/schema\/person\/911bb2cdceaf0b9d4c7d56be12f730ec","name":"tyna","image":{"@type":"ImageObject","inLanguage":"cs","@id":"https:\/\/secure.gravatar.com\/avatar\/04410c153f8418bab509dfe23b92b5c8343e18b5be3958974c7b7f00fdb9b863?s=96&d=mm&r=g","url":"https:\/\/secure.gravatar.com\/avatar\/04410c153f8418bab509dfe23b92b5c8343e18b5be3958974c7b7f00fdb9b863?s=96&d=mm&r=g","contentUrl":"https:\/\/secure.gravatar.com\/avatar\/04410c153f8418bab509dfe23b92b5c8343e18b5be3958974c7b7f00fdb9b863?s=96&d=mm&r=g","caption":"tyna"},"sameAs":["http:\/\/tynavesvedsku.com"],"url":"https:\/\/tynavesvedsku.com\/index.php\/author\/tyna\/"}]}},"jetpack_publicize_connections":[],"jetpack_featured_media_url":"https:\/\/tynavesvedsku.com\/wp-content\/uploads\/2022\/11\/20210418_161038-scaled.jpg","jetpack_sharing_enabled":true,"_links":{"self":[{"href":"https:\/\/tynavesvedsku.com\/index.php\/wp-json\/wp\/v2\/posts\/148","targetHints":{"allow":["GET"]}}],"collection":[{"href":"https:\/\/tynavesvedsku.com\/index.php\/wp-json\/wp\/v2\/posts"}],"about":[{"href":"https:\/\/tynavesvedsku.com\/index.php\/wp-json\/wp\/v2\/types\/post"}],"author":[{"embeddable":true,"href":"https:\/\/tynavesvedsku.com\/index.php\/wp-json\/wp\/v2\/users\/1"}],"replies":[{"embeddable":true,"href":"https:\/\/tynavesvedsku.com\/index.php\/wp-json\/wp\/v2\/comments?post=148"}],"version-history":[{"count":2,"href":"https:\/\/tynavesvedsku.com\/index.php\/wp-json\/wp\/v2\/posts\/148\/revisions"}],"predecessor-version":[{"id":182,"href":"https:\/\/tynavesvedsku.com\/index.php\/wp-json\/wp\/v2\/posts\/148\/revisions\/182"}],"wp:featuredmedia":[{"embeddable":true,"href":"https:\/\/tynavesvedsku.com\/index.php\/wp-json\/wp\/v2\/media\/158"}],"wp:attachment":[{"href":"https:\/\/tynavesvedsku.com\/index.php\/wp-json\/wp\/v2\/media?parent=148"}],"wp:term":[{"taxonomy":"category","embeddable":true,"href":"https:\/\/tynavesvedsku.com\/index.php\/wp-json\/wp\/v2\/categories?post=148"},{"taxonomy":"post_tag","embeddable":true,"href":"https:\/\/tynavesvedsku.com\/index.php\/wp-json\/wp\/v2\/tags?post=148"}],"curies":[{"name":"wp","href":"https:\/\/api.w.org\/{rel}","templated":true}]}}