{"id":150,"date":"2022-11-25T14:39:44","date_gmt":"2022-11-25T14:39:44","guid":{"rendered":"https:\/\/tynavesvedsku.com\/?p=150"},"modified":"2022-11-26T16:07:26","modified_gmt":"2022-11-26T16:07:26","slug":"kariera-v-mezinarodnich-organizacich-obse","status":"publish","type":"post","link":"https:\/\/tynavesvedsku.com\/index.php\/2022\/11\/25\/kariera-v-mezinarodnich-organizacich-obse\/","title":{"rendered":"Kari\u00e9ra v mezin\u00e1rodn\u00edch organizac\u00edch: OBSE"},"content":{"rendered":"\n<p>Kari\u00e9ra v mezin\u00e1rodn\u00edch organizac\u00edch: OBSE? V\u0161ichni zn\u00e1me OBSE neboli <strong>Organizaci pro bezpe\u010dnost a spolupr\u00e1ci v&nbsp;Evrop\u011b,<\/strong> kter\u00e1 vznikla v&nbsp;roce 1975.<\/p>\n\n\n\n<!--more-->\n\n\n\n<h3 class=\"wp-block-heading\">Kari\u00e9ra v mezin\u00e1rodn\u00edch organizac\u00edch: OBSE<\/h3>\n\n\n\n<p>Kari\u00e9ra v mezin\u00e1rodn\u00edch organizac\u00edch: OBSE? V\u0161ichni zn\u00e1me OBSE neboli <strong>Organizaci pro bezpe\u010dnost a spolupr\u00e1ci v&nbsp;Evrop\u011b,<\/strong> kter\u00e1 vznikla v&nbsp;roce 1975&nbsp;p\u0159etvo\u0159en\u00edm z&nbsp;Konference o&nbsp;bezpe\u010dnosti a spolupr\u00e1ci v&nbsp;Evrop\u011b na z\u00e1klad\u011b Helsinsk\u00e9ho aktu. Nyn\u00ed m\u00e1 organizace zhruba <strong>3 500 zam\u011bstnanc\u016f.<\/strong><\/p>\n\n\n\n<blockquote class=\"wp-block-quote is-layout-flow wp-block-quote-is-layout-flow\">\n<p><strong>V\u00ed\u0161, jak se st\u00e1t jedn\u00edm z nich? Porad\u00edm ti v n\u00e1sleduj\u00edc\u00edm \u010dl\u00e1nku.<\/strong><\/p>\n<\/blockquote>\n\n\n\n<p>Jako obvykle za\u010dn\u011bme stru\u010dn\u00fdm p\u0159ehledem, <strong>jak\u00e9 p\u0159\u00edle\u017eitosti na tebe \u010dekaj\u00ed v OBSE. <\/strong>Vysoko\u0161kol\u0161t\u00ed studenti a absolventi by nem\u011bli p\u0159ehl\u00e9dnout mo\u017enosti<strong> st\u00e1\u017e\u00ed, program pro mlad\u00e9 profesion\u00e1ly (JPO), v\u00fdzkumn\u00e9 stipendium <\/strong>ale i<strong> volebn\u00ed pozorovatelstv\u00ed.<\/strong><\/p>\n\n\n\n<h3 class=\"wp-block-heading\">Co vlastn\u011b OBSE nab\u00edz\u00ed?<\/h3>\n\n\n\n<h3 class=\"wp-block-heading\">&nbsp;&nbsp;&nbsp;&nbsp;&nbsp;&nbsp;&nbsp; 1. St\u00e1\u017ee<\/h3>\n\n\n\n<ul class=\"wp-block-list\">\n<li>St\u00e1\u017e u St\u00e1l\u00e9 mise ve V\u00eddni<\/li>\n\n\n\n<li>St\u00e1\u017e na Sekretari\u00e1tu nebo u poln\u00ed mise<\/li>\n\n\n\n<li>St\u00e1\u017e v&nbsp;Parlamentn\u00edm shrom\u00e1\u017ed\u011bn\u00ed<\/li>\n<\/ul>\n\n\n\n<h3 class=\"wp-block-heading\">2. V\u00fdzkumn\u00e1 stipendia<\/h3>\n\n\n\n<ul class=\"wp-block-list\">\n<li>Research in Residence Programme v Praze<\/li>\n<\/ul>\n\n\n\n<h3 class=\"wp-block-heading\">3.&nbsp;Zam\u011bstn\u00e1n\u00ed na pln\u00fd \u00favazek<\/h3>\n\n\n\n<ul class=\"wp-block-list\">\n<li>Kontrahovan\u00e9 pozice<\/li>\n\n\n\n<li>Sekondovan\u00e9 pozice\n<ul class=\"wp-block-list\">\n<li>Program mlad\u00fdch profesion\u00e1l\u016f &#8211; JPO<\/li>\n\n\n\n<li>Sekondanti v poln\u00edch mis\u00edch OBSE, v Sekretari\u00e1tu a dal\u0161\u00edch instituc\u00edch OBSE<\/li>\n\n\n\n<li>Volebn\u00ed pozorovatel\u00e9<\/li>\n<\/ul>\n<\/li>\n\n\n\n<li>Do\u010dasn\u00ed zam\u011bstnanci a konzultanti<\/li>\n<\/ul>\n\n\n<div class=\"wp-block-image\">\n<figure class=\"aligncenter\"><img decoding=\"async\" src=\"https:\/\/i.ytimg.com\/vi\/HHW0_3tCPYY\/hq720.jpg\" alt=\"\"\/><figcaption class=\"wp-element-caption\"><em>OBSE. <\/em>Zdroj<em>: <a href=\"http:\/\/www.osce.org\/\" target=\"_blank\" rel=\"noopener noreferrer\">osce.org<\/a><\/em><\/figcaption><\/figure>\n<\/div>\n\n\n<h2 class=\"wp-block-heading\"><strong>1. Mo\u017enosti st\u00e1\u017ee v OBSE<\/strong><\/h2>\n\n\n\n<p>V OBSE je mo\u017eno vykonat hned n\u011bkolik druh\u016f st\u00e1\u017e\u00ed.&nbsp;<a rel=\"noreferrer noopener\" href=\"http:\/\/www.mladiinfo.cz\/staz-v-organizaci-pro-bezpecnost-a-spolupraci\/\" target=\"_blank\">St\u00e1\u017e u St\u00e1l\u00e9 mise ve V\u00eddni<\/a>, st\u00e1\u017e <strong>na Sekretari\u00e1tu<\/strong> a st\u00e1\u017e <strong>v Parlamentn\u00edm shrom\u00e1\u017ed\u011bn\u00ed.<\/strong><\/p>\n\n\n\n<h3 class=\"wp-block-heading\">A. St\u00e1\u017e u St\u00e1l\u00e9 mise ve V\u00eddni<\/h3>\n\n\n\n<p>Tato st\u00e1\u017e je <strong>vyhla\u0161ov\u00e1na na str\u00e1nk\u00e1ch MVZ<\/strong> n\u011bkolikr\u00e1t ro\u010dn\u011b.<\/p>\n\n\n\n<p><strong>Jak se na st\u00e1\u017e dostat?<\/strong> <strong>N\u011bkolikam\u011bs\u00ed\u010dn\u00ed st\u00e1\u017e,<\/strong> na kter\u00e9 se od tebe o\u010dek\u00e1v\u00e1 \u0161irok\u00e1 \u0161k\u00e1la \u00fakol\u016f od \u00fa\u010dasti na konferenc\u00edch po p\u0159\u00edpravy re\u0161er\u0161\u00ed a podklad\u016f pro pot\u0159eby St\u00e1l\u00e9 mise a jedn\u00e1n\u00ed deleg\u00e1t\u016f, <strong>se kon\u00e1 ve V\u00eddni.<\/strong><\/p>\n\n\n\n<p>Nutn\u00e1 je&nbsp;<strong>znalost angli\u010dtiny <\/strong>a v\u00edtan\u00e1 je<strong> i francouz\u0161tina.<\/strong> Z\u00e1jemci mus\u00ed b\u00fdt \u010desk\u00fdmi st\u00e1tn\u00edmi p\u0159\u00edslu\u0161n\u00edky, studenty prezen\u010dn\u00ed formy vysoko\u0161kolsk\u00e9ho studia, \u010di absolventy vysok\u00e9 \u0161koly <strong>nejpozd\u011bji do 1 roku po ukon\u010den\u00ed studia.<\/strong><\/p>\n\n\n\n<p>Na tuto st\u00e1\u017e, ji\u017e tradi\u010dn\u011b vyhla\u0161ovanou v&nbsp;pr\u016fb\u011bhu roku, se <strong>lze hl\u00e1sit zasl\u00e1n\u00edm ur\u010den\u00fdch dokument\u016f p\u0159es e-mail.<\/strong> Bohu\u017eel <strong>nen\u00ed placen\u00e1<\/strong> &#8211; po dobu trv\u00e1n\u00ed st\u00e1\u017ee si st\u00e1\u017eista hrad\u00ed n\u00e1klady s n\u00ed spojen\u00e9 ze sv\u00fdch prost\u0159edk\u016f a nevznik\u00e1 ani n\u00e1rok na ubytov\u00e1n\u00ed.<\/p>\n\n\n<div class=\"wp-block-image\">\n<figure class=\"aligncenter\"><img decoding=\"async\" src=\"http:\/\/www.mzv.cz\/public\/f2\/ae\/a9\/1579665_1359282_Flags_of_the_OSCE_participating_States__OSCE_Mikhail_Evstafiev_.jpg\" alt=\"\"\/><figcaption class=\"wp-element-caption\"><em>Flags of the OSCE participating States (OSCE\/Mikhail Evstafiev). Zdroj: <a href=\"http:\/\/www.mzv.cz\/mission.vienna\/cz\/organizace_v_pusobnosti_mise\/obse\/rozhodovaci_organy_obse\/index.html\">mzv.cz\/mission.vienna<\/a><\/em><\/figcaption><\/figure>\n<\/div>\n\n\n<h3 class=\"wp-block-heading\">B. St\u00e1\u017e na Sekretari\u00e1tu a mis\u00edch<\/h3>\n\n\n\n<p>OBSE nab\u00edz\u00ed omezen\u00fd po\u010det m\u00edst pro st\u00e1\u017eisty <strong>do dvou let po ukon\u010den\u00ed studia<\/strong> a z\u00e1rove\u0148 s horn\u00ed v\u011bkovou hranic\u00ed pro \u017eadatele &#8211;<strong> 30 let.<\/strong><\/p>\n\n\n\n<p>U po\u017eadavk\u016f je samoz\u0159ejmost\u00ed angli\u010dtina a podle m\u00edsta st\u00e1\u017ee mohou n\u011bkter\u00e9 poln\u00ed operace vy\u017eadovat pracovn\u00ed znalost ru\u0161tiny, \u010di jin\u00fdch specifick\u00fdch&nbsp; n\u00e1rok\u016f, kter\u00e9 jsou <strong>up\u0159esn\u011bny v ozn\u00e1men\u00ed o voln\u00e9m m\u00edst\u011b.<\/strong><\/p>\n\n\n\n<p>St\u00e1\u017ee obvykle trvaj\u00ed <strong>mezi dv\u011bma a\u017e \u0161esti m\u011bs\u00edci <\/strong>a jsou<strong> neplacen\u00e9.<\/strong> Jako kompenzaci chyb\u011bj\u00edc\u00edho stipendia maj\u00ed st\u00e1\u017eist\u00e9 nepoch\u00e1zej\u00edc\u00ed z m\u00edsta kon\u00e1n\u00ed OBSE<strong>&nbsp;n\u00e1rok na \u010d\u00e1ste\u010dnou \u00fahradu \u017eivotn\u00edch n\u00e1klad\u016f.<\/strong><\/p>\n\n\n\n<p>Na st\u00e1\u017ee se m\u016f\u017ee\u0161 hl\u00e1sit prost\u0159ednictv\u00edm <a href=\"https:\/\/employment.osce.org\/OA_HTML\/RF.jsp?function_id=14338&amp;resp_id=23350&amp;resp_appl_id=800&amp;security_group_id=0&amp;lang_code=US&amp;params=g4u81zWqQkz-Yn.3HweAo6IHjqEWXyb2Xg8mLS4Yvoy6wIajMhkmd9hGFTWt2HXU&amp;oas=qcr6PIEXnLk3YfkpUL9M2A..\" target=\"_blank\" rel=\"noreferrer noopener\">online port\u00e1lu iRecruitment.<\/a> Spont\u00e1nn\u00ed p\u0159ihl\u00e1\u0161ky<strong> nejsou p\u0159ij\u00edm\u00e1ny<\/strong>, je pot\u0159eba se hl\u00e1sit na ur\u010dit\u00e9 pracovn\u00ed m\u00edsto.<\/p>\n\n\n\n<p>M\u00edsta pro st\u00e1\u017eisty jsou <strong>vyhla\u0161ov\u00e1na v&nbsp;pr\u016fb\u011bhu roku,<\/strong> proto se doporu\u010duje uchaze\u010d\u016fm kontrolovat <a href=\"https:\/\/employment.osce.org\/OA_HTML\/RF.jsp?function_id=14338&amp;resp_id=23350&amp;resp_appl_id=800&amp;security_group_id=0&amp;lang_code=US&amp;params=g4u81zWqQkz-Yn.3HweAo6IHjqEWXyb2Xg8mLS4Yvoy6wIajMhkmd9hGFTWt2HXU&amp;oas=qcr6PIEXnLk3YfkpUL9M2A..\" target=\"_blank\" rel=\"noreferrer noopener\">iRecruitment<\/a> pravideln\u011b. Na ka\u017ed\u00e9 m\u00edsto jsou specifikov\u00e1ny po\u017eadavky na uchaze\u010de, kter\u00e9 si je t\u0159eba proj\u00edt.<\/p>\n\n\n\n<h3 class=\"wp-block-heading\">C. St\u00e1\u017e v Parlamentn\u00edm shrom\u00e1\u017ed\u011bn\u00ed<\/h3>\n\n\n\n<p>Parlamentn\u00ed shrom\u00e1\u017ed\u011bn\u00ed Mezin\u00e1rodn\u00ed sekretari\u00e1t OBSE pravideln\u011b <strong>zapojuje osm nebo dev\u011bt<\/strong> student\u016f <strong>politologie, pr\u00e1va a mezin\u00e1rodn\u00edch vztah\u016f<\/strong> z univerzit v zem\u00edch OBSE jako mlad\u00e9 v\u00fdzkumn\u00edky. Tato nab\u00eddka plat\u00ed pro <strong>vysoko\u0161kolsk\u00e9 studenty ve v\u011bku od 21 do 26 let<\/strong> s akademick\u00fdm z\u00e1jmem o politiku regionu OBSE, a to zejm\u00e9na v b\u00fdval\u00e9m Sov\u011btsk\u00e9m svazu.<\/p>\n\n\n\n<h4 class=\"wp-block-heading\"><em><strong>A co t\u011b \u010dek\u00e1 za \u00fakoly?<\/strong><\/em><\/h4>\n\n\n\n<p>Prim\u00e1rn\u00edm \u00fakolem st\u00e1\u017eist\u016f je pracovat na r\u016fzn\u00fdch projektech a poskytnout pomoc sv\u00fdm \u00fa\u0159edn\u00edk\u016fm a zam\u011bstnanc\u016fm. Tak\u00e9 m\u016f\u017ee\u0161 zpracov\u00e1vat reporty pro parlamentn\u00ed delegace, volebn\u00ed a pozorovatelsk\u00e9 mise a podobn\u011b.<\/p>\n\n\n\n<p>Nutn\u00e1 je vynikaj\u00edc\u00ed<strong> angli\u010dtina a jeden dal\u0161\u00ed \u00fa\u0159edn\u00ed jazyk OBSE<\/strong> (francouz\u0161tina, n\u011bm\u010dina, ital\u0161tina, ru\u0161tina nebo \u0161pan\u011bl\u0161tina) je \u017e\u00e1douc\u00ed.<\/p>\n\n\n\n<p>Tato st\u00e1\u017e je vykon\u00e1v\u00e1na <strong>po dobu \u0161esti m\u011bs\u00edc\u016f<\/strong>&nbsp;a je honorov\u00e1na <strong>564 \u20ac m\u011bs\u00ed\u010dn\u011b<\/strong>, co\u017e pokr\u00fdv\u00e1 minim\u00e1ln\u00ed \u017eivotn\u00ed n\u00e1klady <strong>v Kodani <\/strong>nebo<strong> ve V\u00eddni.<\/strong><\/p>\n\n\n\n<p>Pozice jsou <strong>otev\u00edr\u00e1ny dvakr\u00e1t ro\u010dn\u011b<\/strong> &#8211; &nbsp;na p\u0159elomu z\u00e1\u0159\u00ed a \u0159\u00edjna a v \u00fanoru a\u017e b\u0159eznu.<\/p>\n\n\n<div class=\"wp-block-image size-medium wp-image-34205\">\n<figure class=\"aligncenter\"><img decoding=\"async\" src=\"https:\/\/mladiinfo.cz\/\/wp-content\/uploads\/2017\/02\/13880243_10153605139826386_4091379857696690323_n-39e50xil4d4izhgv50lr0g-300x150.jpg\" alt=\"\" class=\"wp-image-34205\"\/><figcaption class=\"wp-element-caption\"><em>OSCE PA. Zdroj: <\/em><a href=\"https:\/\/www.osce.org\/\" target=\"_blank\" rel=\"noopener noreferrer\"><em>https:\/\/www.osce.org<\/em>\/<\/a><\/figcaption><\/figure>\n<\/div>\n\n\n<h2 class=\"wp-block-heading\"><strong>2. V\u00fdzkumn\u00e9 stipendium OBSE<\/strong><\/h2>\n\n\n\n<p>P\u00ed\u0161e\u0161 diplomovou nebo dizerta\u010dn\u00ed pr\u00e1ci na t\u00e9ma, kter\u00fdm se OBSE zab\u00fdv\u00e1? Vyd\u00e1v\u00e1\u0161 knihu?<\/p>\n\n\n\n<p>Pak pro tebe m\u00e1me dobrou zpr\u00e1vu. Zrovna v Praze se toti\u017e nach\u00e1z\u00ed <strong>V\u00fdzkumn\u00e1 kancel\u00e1\u0159 OBSE, <\/strong>kter\u00e1 nab\u00edz\u00ed mlad\u00fdm v\u00fdzkumn\u00edk\u016fm nahl\u00e9dnut\u00ed do sv\u00fdch archiv\u016f. V r\u00e1mci programu zde m\u016f\u017ee\u0161 pob\u00fdt <strong>po&nbsp;dobu dvou a\u017e t\u0159\u00ed m\u011bs\u00edc\u016f<\/strong> v z\u00e1vislosti na povaze v\u00fdzkumu a harmonogramu \u00fa\u0159adu. Tv\u016fj projekt by m\u011bl b\u00fdt v n\u011bkter\u00e9m z \u00fa\u0159edn\u00edch jazyk\u016f a dal\u0161\u00ed podm\u00ednkou je zasl\u00e1n\u00ed kopi\u00ed publikovan\u00fdch nebo nepublikovan\u00fdch prac\u00ed po jejich dokon\u010den\u00ed.<\/p>\n\n\n\n<h3 class=\"wp-block-heading\">Zhruba 6 m\u011bs\u00edc\u016f p\u0159ed tv\u00fdm pl\u00e1novan\u00fdm p\u0159\u00edjezdem je t\u0159eba zaslat:<\/h3>\n\n\n\n<ul class=\"wp-block-list\">\n<li>prohl\u00e1\u0161en\u00ed o z\u00e1m\u011bru, kter\u00fd zahrnuje tvoje preferovan\u00e9 term\u00edny,<\/li>\n\n\n\n<li>pln\u00fd n\u00e1stin projektu a tv\u00e9ho finan\u010dn\u00edho pl\u00e1nu,<\/li>\n\n\n\n<li>tv\u016fj \u017eivotopis, z n\u011bho\u017e je jasn\u00e9 pov\u011b\u0159en\u00ed k v\u00fdzkumu,<\/li>\n\n\n\n<li>p\u0159edchoz\u00ed publikace, pokud jsou.<\/li>\n<\/ul>\n\n\n\n<p>Pro dal\u0161\u00ed informace se m\u016f\u017ee\u0161 pod\u00edvat do t\u00e9to publikace o <a href=\"http:\/\/www.osce.org\/networks\/102310?download=true\" target=\"_blank\" rel=\"noreferrer noopener\">Researcher-in-residence programme<\/a>.<\/p>\n\n\n\n<h2 class=\"wp-block-heading\"><strong>3. Zam\u011bstn\u00e1n\u00ed v OBSE<\/strong><\/h2>\n\n\n\n<h5 class=\"wp-block-heading\">V OBSE m\u016f\u017ee\u0161 b\u00fdt zam\u011bstn\u00e1n\u00ed na n\u011bkolikeru typu m\u00edst:<\/h5>\n\n\n\n<ul class=\"wp-block-list\">\n<li>kontraktovan\u00e1,<\/li>\n\n\n\n<li>sekondovan\u00e1,<\/li>\n\n\n\n<li>do\u010dasn\u00e1 a konzultantsk\u00e1.<\/li>\n<\/ul>\n\n\n\n<p>Nyn\u00ed mluv\u00edme o pro n\u00e1s relevantn\u011bj\u0161\u00ed kategorii zam\u011bstnanc\u016f sekretari\u00e1tu, na obdobn\u00e9m principu jsou rozd\u011bleni i zam\u011bstnanci poln\u00edch mis\u00ed.<\/p>\n\n\n\n<h3 class=\"wp-block-heading\"><em><strong>Jak\u00fd je rozd\u00edl mezi t\u011bmito typy zam\u011bstn\u00e1n\u00ed?<\/strong><\/em><\/h3>\n\n\n\n<p>Pokud je expert sekondov\u00e1n, pod\u00edl\u00ed se na jeho n\u00e1kladech v\u011bt\u0161inou vys\u00edlaj\u00edc\u00ed zem\u011b.&nbsp;<a href=\"http:\/\/www.mladiinfo.cz\/pruvodce-karierou-v-mezinarodnich-organizacich-osn\/\" target=\"_blank\" rel=\"noreferrer noopener\">Narozd\u00edl od OSN<\/a> nem\u00e1 v OBSE \u017e\u00e1dn\u00e1 zem\u011b ofici\u00e1ln\u011b p\u0159id\u011blenu kv\u00f3tu pro po\u010det sv\u00fdch zam\u011bstnanc\u016f \u2013 neofici\u00e1ln\u011b v\u0161ak n\u011bkter\u00e9 zem\u011b sv\u00e9 zastoupen\u00ed samoz\u0159ejm\u011b bedliv\u011b pozoruj\u00ed jako prost\u0159edek neform\u00e1ln\u00edho politick\u00e9ho vlivu na fungov\u00e1n\u00ed jak jednotliv\u00fdch instituc\u00ed a org\u00e1n\u016f.<\/p>\n\n\n\n<p>Ne\u017e se pust\u00ed\u0161 do prohl\u00ed\u017een\u00ed inzer\u00e1t\u016f k jednotliv\u00fdm pozic\u00edm, je t\u0159eba se zorientovat ve \u0161k\u00e1le, kter\u00e1 je pou\u017e\u00edv\u00e1na pro ozna\u010dov\u00e1n\u00ed pozic.<\/p>\n\n\n\n<p>V\u00fdrazn\u00e9ho rozd\u00edlu mezi kontrahovan\u00fdmi a sekondovan\u00fdmi pozicemi nen\u00ed&nbsp;na rozd\u00edl od jin\u00fdch&nbsp;<a href=\"http:\/\/www.mladiinfo.cz\/pruvodce-karierou-v-mezinarodnich-organizacich-osn\/\" target=\"_blank\" rel=\"noreferrer noopener\">mezin\u00e1rodn\u00edch organizac\u00ed jako je t\u0159eba OSN<\/a>, kde m\u00e1 tzv. kontrahovan\u00fd pracovn\u00edk mnohem men\u0161\u00ed pracovn\u00ed jistoty, nebo <a href=\"http:\/\/www.mladiinfo.cz\/pruvodce-karierou-v-mezinarodnich-organizacich-evropska-unie\/\" target=\"_blank\" rel=\"noreferrer noopener\">s pozic\u00ed kontrahovah\u00e9ho pracovn\u00edka v EU,<\/a> kde je tento typ smlouvy pou\u017e\u00edv\u00e1n na \u010dasov\u011b ohrani\u010den\u00e9 anga\u017em\u00e1.<\/p>\n\n\n\n<p><strong>Co se ozna\u010dov\u00e1n\u00ed pozic t\u00fd\u010de,<\/strong> OBSE p\u0159ejalo modifikovanou \u0161k\u00e1lu vytvo\u0159enou OSN, jak jsme ji&nbsp;ji\u017e d\u0159\u00edve prob\u00edrali v <a href=\"http:\/\/www.mladiinfo.cz\/pruvodce-karierou-v-mezinarodnich-organizacich-osn\/\" target=\"_blank\" rel=\"noreferrer noopener\">\u010dl\u00e1nku o kari\u00e9rn\u00edch p\u0159le\u017eitostech v OSN<\/a>:<\/p>\n\n\n\n<ul class=\"wp-block-list\">\n<li><strong>general staff<\/strong> &#8211; administrativn\u011b techni\u010dt\u00ed pracovn\u00edci<\/li>\n\n\n\n<li><strong>professional staff &#8211;<\/strong> diplomatick\u00e1 m\u00edsta\n<ul class=\"wp-block-list\">\n<li><strong>juniorn\u00ed diplomatick\u00e1 m\u00edsta<\/strong> &#8211; \u00farove\u0148 P1 \u2013 P2<\/li>\n\n\n\n<li><strong>seniorn\u00ed diplomatick\u00e1 m\u00edsta<\/strong>&nbsp;&#8211; \u00farove\u0148 P3 \u2013 P5 (nejm\u00e9n\u011b 10 let praxe)<\/li>\n\n\n\n<li><strong>vedouc\u00ed pozice<\/strong> &#8211; \u00farove\u0148 D<\/li>\n<\/ul>\n<\/li>\n<\/ul>\n\n\n\n<p>\u017dadatel\u00e9 v kategorii General Service (GS) mus\u00ed m\u00edt st\u0159edn\u00ed vzd\u011bl\u00e1n\u00ed a \u00fam\u011brn\u00fd po\u010det let p\u0159\u00edslu\u0161n\u00e9 pracovn\u00ed zku\u0161enosti.<\/p>\n\n\n\n<p>Na pozice Professional (P) (a pota\u017emo i v n\u00e1m zat\u00edm vzd\u00e1len\u00e9 kategorii Director) mus\u00ed m\u00edt \u017eadatel vysoko\u0161kolsk\u00e9 vzd\u011bl\u00e1n\u00ed, v\u010detn\u011b n\u011bkolika let zku\u0161enost\u00ed na n\u00e1rodn\u00ed \u010di mezin\u00e1rodn\u00ed \u00farovni v p\u0159\u00edslu\u0161n\u00e9m oboru.<\/p>\n\n\n<div class=\"wp-block-image size-medium\">\n<figure class=\"aligncenter\"><img decoding=\"async\" src=\"http:\/\/www.osce.org\/sites\/default\/themes\/osce_tao\/images\/logo@2x.png\" alt=\"\"\/><figcaption class=\"wp-element-caption\"><em>OBSE logo. Zdroj:&nbsp;<a href=\"http:\/\/www.osce.org\/sites\/default\/themes\/osce_tao\/images\/logo@2x.png\" target=\"_blank\" rel=\"noopener noreferrer\">osce.org\/<\/a><\/em><\/figcaption><\/figure>\n<\/div>\n\n\n<h3 class=\"wp-block-heading\">KONTRAHOVAN\u00c1 M\u00cdSTA<\/h3>\n\n\n\n<p>Na kontrahovan\u00e9 m\u00edsto<strong> se vypisuje v\u00fdb\u011brov\u00e9 <\/strong><strong>\u0159\u00edzen\u00ed&nbsp;<\/strong>s konkurenc\u00ed, kter\u00e1 \u010d\u00edt\u00e1 n\u011bkolik stovek hlav. Lze se do n\u011bj p\u0159ihl\u00e1sit p\u0159es port\u00e1l <a href=\"https:\/\/employment.osce.org\/OA_HTML\/OA.jsp?page=\/oracle\/apps\/irc\/candidateSelfService\/webui\/AplHomePG&amp;_ri=821&amp;OAPB=IRC_BRAND&amp;_ti=1436463600&amp;oapc=14&amp;OAMC=75509_73_0&amp;menu=Y&amp;oaMenuLevel=1&amp;oas=Nuf4L_b-wJy9mvwwFzUdMg..\" target=\"_blank\" rel=\"noreferrer noopener\">iRecruitment<\/a>. P\u0159esn\u00e9 po\u017eadavky pro tato m\u00edsta je t\u011b\u017ek\u00e9 specifikovat, jeliko\u017e ka\u017ed\u00e1 nab\u00eddka se li\u0161\u00ed jednak svou n\u00e1pln\u00ed, jednak \u00farovn\u00ed (od P1 po P5).<\/p>\n\n\n\n<h3 class=\"wp-block-heading\">SEKONDOVAN\u00c1 M\u00cdSTA<\/h3>\n\n\n\n<p><strong>Co je zvl\u00e1\u0161tnost\u00ed pro tento druh m\u00edst?<\/strong> U t\u011bchto m\u00edst je vy\u017eadov\u00e1na podpora zem\u011b, jej\u00edm\u017e je uchaze\u010d ob\u010danem. To znamen\u00e1, \u017ee tvoje nominace podl\u00e9h\u00e1 schvalovac\u00ed procedu\u0159e MVZ \u2013 tj. o nominaci rozhoduje a n\u00e1sledn\u011b informuje NKM, tedy N\u00e1rodn\u00ed kontaktn\u00ed m\u00edsto.<\/p>\n\n\n\n<p>Hned po vypln\u011bn\u00ed a odesl\u00e1n\u00ed je tedy p\u0159ihl\u00e1\u0161ka automaticky <strong>doru\u010dena na sekretari\u00e1t OBSE a sou\u010dasn\u011b na N\u00e1rodn\u00ed kontaktn\u00ed m\u00edsto<\/strong>. P\u0159ihl\u00e1\u0161ka by tedy m\u011bla b\u00fdt vypln\u011bna minim\u00e1ln\u011b t\u00fdden p\u0159ed avizovan\u00fdm deadlinem tak, aby NMK stihlo rozhodnout o podpo\u0159e tv\u00e9 kandidatury.<\/p>\n\n\n\n<p>\u010cesk\u00e1 republika prov\u00e1d\u00ed ur\u010dit\u00fd <strong>p\u0159edv\u00fdb\u011br, <\/strong>spo\u010d\u00edvaj\u00edc\u00ed zejm\u00e9na v ov\u011b\u0159en\u00ed n\u00e1le\u017eitost\u00ed podan\u00e9 p\u0159ihl\u00e1\u0161ky a jej\u00edho souladu s&nbsp;vypsan\u00fdmi po\u017eadavky v\u00fdb\u011brov\u00e9ho \u0159\u00edzen\u00ed<strong>.<\/strong> B\u011bhem t\u00e9to doby by m\u011bl b\u00fdt kandid\u00e1t k&nbsp;dispozici pro p\u0159\u00edpadn\u00e9 dopl\u0148uj\u00edc\u00ed dotazy \u010di pohovor s&nbsp;pracovn\u00edky NKM.<\/p>\n\n\n\n<p>Tv\u00e1 p\u0159ihl\u00e1\u0161ka mus\u00ed b\u00fdt tedy nominov\u00e1na MZV a <strong>teprve pak jsi za\u0159azen\/a do v\u00fdb\u011brov\u00e9ho \u0159\u00edzen\u00ed<\/strong> OBSE. Pokud jsi za\u0159azen\/a do u\u017e\u0161\u00edho v\u00fdb\u011bru, jsi jako kandid\u00e1ti kontaktov\u00e1n\/a k telefonick\u00e9mu pohovoru ze strany OBSE.<\/p>\n\n\n\n<p>Ka\u017ed\u00fd <strong>domovsk\u00fd st\u00e1t <\/strong>je<strong> zodpov\u011bdn\u00fd za finan\u010dn\u00ed kompenzaci<\/strong> sekondovan\u00e9 pozice. OBSE plat\u00ed pouze \u017eivotn\u00ed n\u00e1klady vyslan\u00e9ho pracovn\u00edka, v\u0161e ostatn\u00ed je v&nbsp;gesci n\u00e1rodn\u00edho vys\u00edlatele. V na\u0161em p\u0159\u00edpad\u011b <strong>neposkytuje \u010cesk\u00e1 republika sekondovan\u00fdm pracovn\u00edk\u016fm v&nbsp;OBSE plat<\/strong>, ani za n\u011bj neplat\u00ed soci\u00e1ln\u00ed a zdravotn\u00ed poji\u0161t\u011bn\u00ed, nav\u00edc je t\u0159eba kandidaturu na sekondovan\u00e9 m\u00edsto p\u0159edem zv\u00e1\u017eit, hlavn\u011b si vyjasnit vztahy ve tv\u00e9m aktu\u00e1ln\u00edm zam\u011bstn\u00e1n\u00ed, aby se p\u0159ede\u0161lo tv\u00e9mu odm\u00edtnut\u00ed potom, co t\u011b vyberou.<\/p>\n\n\n\n<h3 class=\"wp-block-heading\"><em><strong>Jak na to?<\/strong><\/em><\/h3>\n\n\n\n<p>V p\u0159\u00edpad\u011b, \u017ee m\u00e1\u0161 z\u00e1jem o n\u011bkter\u00e9 z m\u00edst, <a href=\"http:\/\/www.osce.org\/employment\/vacancies\">m\u016f\u017ee\u0161 vyplnit p\u0159ihl\u00e1\u0161ku<\/a>. Seznam sekondovan\u00fdch m\u00edst najde\u0161 na <a href=\"http:\/\/www.osce.org\/employment\/vacancies\" target=\"_blank\" rel=\"noreferrer noopener\">str\u00e1nce OBSE, kter\u00e1 se v\u011bnuje zam\u011bstn\u00e1n\u00ed<\/a>. Posl\u00e9ze bude\u0161 vyzv\u00e1n\/a k identifikaci tv\u00e9ho domovsk\u00e9ho st\u00e1tu a odtud p\u0159esm\u011brov\u00e1n\u00ed na port\u00e1l <a href=\"https:\/\/employment.osce.org\/OA_HTML\/RF.jsp?function_id=14338&amp;resp_id=23350&amp;resp_appl_id=800&amp;security_group_id=0&amp;lang_code=US&amp;params=g4u81zWqQkz-Yn.3HweAo6IHjqEWXyb2Xg8mLS4Yvoy6wIajMhkmd9hGFTWt2HXU&amp;oas=qcr6PIEXnLk3YfkpUL9M2A..\" target=\"_blank\" rel=\"noreferrer noopener\">iRecruitment<\/a>. P\u0159i v\u00fdb\u011bru pozice se nezapome\u0148 d\u00edvat na to, zda spl\u0148uje\u0161 po\u017eadavky na praxi, jeliko\u017e \u0159ada sekondovan\u00fdch pozic vy\u017eaduje minim\u00e1ln\u011b p\u00e1r let pracovn\u00edch zku\u0161enost\u00ed.<\/p>\n\n\n<div class=\"wp-block-image size-medium wp-image-31125\">\n<figure class=\"aligncenter\"><img decoding=\"async\" src=\"https:\/\/mladiinfo.cz\/\/wp-content\/uploads\/2019\/07\/laptop-300x200.jpg\" alt=\"\" class=\"wp-image-31125\"\/><figcaption class=\"wp-element-caption\"><em>Ilustra\u010dn\u00ed foto. Zdroj: <a href=\"https:\/\/pixabay.com\/photos\/laptop-code-programming-computer-2557586\/\" target=\"_blank\" rel=\"noopener noreferrer\">pixabay.com<\/a><\/em><\/figcaption><\/figure>\n<\/div>\n\n\n<h3 class=\"wp-block-heading\"><strong>Junior Professional Officer Programme<\/strong><\/h3>\n\n\n\n<p>Zvl\u00e1\u0161tn\u00edm druhem sekondovan\u00e9 pozice je program, kter\u00fd je speci\u00e1ln\u011b <strong>pro studenty a mlad\u00e9 absolventy<\/strong> &#8211; &nbsp;<strong><a href=\"https:\/\/jobs.osce.org\/employment-types\/junior-professional-officer-programme\" target=\"_blank\" rel=\"noreferrer noopener\">Junior Professional Officer Programme<\/a>.<\/strong><\/p>\n\n\n\n<p>Pro ty z&nbsp;v\u00e1s, kte\u0159\u00ed u\u017e se c\u00edt\u00ed p\u0159\u00edli\u0161 sta\u0159\u00ed na st\u00e1\u017e a p\u0159\u00edli\u0161 mlad\u00ed na sekondovanou pozici, se nab\u00edz\u00ed program pro mlad\u00e9 profesion\u00e1ly. Jedn\u00e1 se o zvl\u00e1\u0161tn\u00ed typ sekondovan\u00fdch pozic, kter\u00e9 se zakl\u00e1daj\u00ed <strong>na minim\u00e1ln\u00edch pracovn\u00edch zku\u0161enostech.<\/strong> Ve dvou b\u011bz\u00edch ro\u010dn\u011b se nab\u00edz\u00ed <strong>m\u00edsta pro 6 mlad\u00fdch jedinc\u016f<\/strong>, kte\u0159\u00ed ned\u00e1vno ukon\u010dili vysoko\u0161kolsk\u00e9 vzd\u011bl\u00e1n\u00ed.<\/p>\n\n\n\n<p>Podle dostupn\u00fdch zdroj\u016f je t\u0159eba splnit n\u011bkolik podm\u00ednek k p\u0159ihl\u00e1\u0161en\u00ed se do tohoto programu. Samoz\u0159ejmost\u00ed je znalost angli\u010dtiny a pokud um\u00ed\u0161 rusky, je to v\u00edtan\u00e1 v\u00fdhoda. <strong>V\u011bkem nesm\u00ed\u0161 p\u0159es\u00e1hnout 30 let.<\/strong><\/p>\n\n\n\n<p>Cel\u00fd program je dlouh\u00fd<strong> 9 m\u011bs\u00edc\u016f, <\/strong>z \u010deho\u017e str\u00e1v\u00ed\u0161<strong>&nbsp;3 m\u011bs\u00edce na sekretari\u00e1tu <\/strong>a<strong> 6 m\u011bs\u00edc\u016f v&nbsp;mis\u00edch<\/strong> nebo v dal\u0161\u00edch OBSE instituc\u00edch. Tento program ti <strong>nezaru\u010duje zam\u011bstn\u00e1n\u00ed<\/strong> po ukon\u010den\u00ed tohoto programu, nicm\u00e9n\u011b tv\u00e9 \u0161ance by m\u011bly b\u00fdt mnohem slu\u0161n\u011bj\u0161\u00ed.<\/p>\n\n\n\n<p>Jako m\u00edrn\u011b problematick\u00e1 se dle ex-st\u00e1\u017eist\u016f se m\u016f\u017ee ukazovat <strong>n\u00e1vaznost programu na dal\u0161\u00ed zam\u011bstn\u00e1n\u00ed<\/strong>, kdy vypsan\u00e9 pozice v&nbsp;organizaci vy\u017eaduj\u00ed 3-6 let praxe, co\u017e je pro \u010derstv\u00e9ho absolventa s&nbsp;ro\u010dn\u00ed zku\u0161enost\u00ed v&nbsp;tomto programu t\u00e9m\u011b\u0159 nemo\u017en\u00e9 dos\u00e1hnout.<\/p>\n\n\n\n<p>Na str\u00e1nk\u00e1ch OBSE najde\u0161, \u017ee p\u0159i v\u00fdb\u011bru kandid\u00e1t\u016f, obdobn\u011b jako u ostatn\u00edch sekondovan\u00fdch m\u00edst, asistuje n\u00e1rodn\u00ed sty\u010dn\u00fd bod, jeho\u017e <a href=\"http:\/\/www.mzv.cz\/nkm\" target=\"_blank\" rel=\"noreferrer noopener\">funkci u n\u00e1s pln\u00ed NMK.<\/a><\/p>\n\n\n\n<p>OBSE organizuje b\u011bhem roku<strong>&nbsp;2 b\u011bhy pro JPO<\/strong> &#8211; jeden z nich&nbsp;<strong>je hrazen z prost\u0159edk\u016f OBSE,<\/strong> druh\u00fd mus\u00ed platit \u010desk\u00e1 strana sama. V p\u0159\u00edpad\u011b, \u017ee se jedn\u00e1 o b\u011bh hrazen\u00fd z rozpo\u010dtu \u010cesk\u00e9 republiky, nen\u00ed nominace kandid\u00e1t\u016f s ohledem na extr\u00e9mn\u00ed finan\u010dn\u00ed n\u00e1ro\u010dnost podporov\u00e1na.<\/p>\n\n\n\n<p>Pokud se bude\u0161 hl\u00e1sit do JPO programu, dej si pozor, o jak\u00fd typ sekondmentu se jedn\u00e1 &#8211; v p\u0159ekladu zda bude\u0161 nebo nebude\u0161 m\u00edt n\u00e1rok na finan\u010dn\u00ed podporu od OBSE. Tato informace je uvedena ve vyhl\u00e1\u0161en\u00e9m v\u00fdb\u011brov\u00e9m \u0159\u00edzen\u00ed.<\/p>\n\n\n<div class=\"wp-block-image size-medium wp-image-34185\">\n<figure class=\"aligncenter\"><img decoding=\"async\" src=\"https:\/\/mladiinfo.cz\/\/wp-content\/uploads\/2020\/01\/hiring-1977803_640-300x225.jpg\" alt=\"job search hiring the best\" class=\"wp-image-34185\"\/><figcaption class=\"wp-element-caption\"><em>Ilustra\u010dn\u00ed foto, Tumisu. Zdroj: <a href=\"https:\/\/pixabay.com\/illustrations\/hiring-recruitment-job-hire-1977803\/\" target=\"_blank\" rel=\"noopener noreferrer\">pixabay.com<\/a><\/em><\/figcaption><\/figure>\n<\/div>\n\n\n<h3 class=\"wp-block-heading\">Voln\u00e9 pozice<\/h3>\n\n\n\n<p>Ozn\u00e1men\u00ed o voln\u00fdch pozic\u00edch v&nbsp;JPO programu je obvykle <strong>vyd\u00e1no v \u0159\u00edjnu<\/strong> pro ten b\u011bh, kter\u00fd je zah\u00e1jen v b\u0159eznu n\u00e1sleduj\u00edc\u00edho roku, a ozn\u00e1men\u00ed k&nbsp;druh\u00e9mu b\u011bhu se obvykle objev\u00ed <strong>v dubnu a\u017e kv\u011btnu<\/strong> pro z\u00e1\u0159ijov\u00fd za\u010d\u00e1tek.<\/p>\n\n\n\n<p>Uchaze\u010d\u016fm je doporu\u010deno <strong>sledovat situaci na internetov\u00fdch str\u00e1nk\u00e1ch<\/strong> a potom si podat on-line p\u0159ihl\u00e1\u0161ku. Pozice by m\u011bly b\u00fdt vyps\u00e1ny <a href=\"http:\/\/www.osce.org\/employment\/vacancies\" target=\"_blank\" rel=\"noreferrer noopener\">mezi ostatn\u00edmi sekondovan\u00fdmi m\u00edsty<\/a>.<\/p>\n\n\n\n<p>Tv\u00e1 p\u0159ihl\u00e1\u0161ka se ode\u0161le na Sekretari\u00e1t a N\u00e1rodn\u00edmu kontaktn\u00edmu m\u00edstu. V p\u0159\u00edpad\u011b b\u011bhu hrazen\u00e9ho OBSE prov\u00e1d\u00ed NMK ur\u010ditou<strong> formu p\u0159edv\u00fdb\u011bru <\/strong>v podob\u011b kr\u00e1tk\u00e9ho v\u00fdb\u011brov\u00e9ho pohovoru<strong>.<\/strong><\/p>\n\n\n\n<p>Dal\u0161\u00ed informace k tomuto programu najde\u0161 na webov\u00fdch str\u00e1nk\u00e1ch v sekci <a href=\"https:\/\/jobs.osce.org\/employment-types\/junior-professional-officer-programme\" target=\"_blank\" rel=\"noreferrer noopener\">Junior Professional Officer Programme<\/a>.<\/p>\n\n\n\n<h3 class=\"wp-block-heading\">Volebn\u00ed pozorovatel\u00e9 v OBSE<\/h3>\n\n\n\n<p>OBSE nab\u00edz\u00ed oproti jin\u00fdm mezin\u00e1rodn\u00edm organizac\u00edm specifickou p\u0159\u00edle\u017eitost st\u00e1t se volebn\u00edm pozorovatelem. Dovolili jsme si tuto kapitolu za\u0159adit mezi sekondovan\u00e9 pozice vzhledem k tomu, \u017ee je <strong>ke tv\u00e9 nominaci <\/strong>na tuto pozici tak\u00e9<strong>&nbsp;pot\u0159ebn\u00e1 asistence MZV<\/strong>.<\/p>\n\n\n\n<p>V p\u0159\u00edpad\u011b, \u017ee je OBSE vy\u017e\u00e1d\u00e1na k pozorov\u00e1n\u00ed voleb, jsou <strong>\u00fa\u010dastnick\u00e9 st\u00e1ty OBSE <\/strong>vyzv\u00e1ny k nominaci kr\u00e1tkodob\u00fdch \u010di dlouhodob\u00fdch pozorovatel\u016f do volebn\u00edch pozorovatelsk\u00fdch mis\u00ed ODIHR.<\/p>\n\n\n\n<p>Postup pro n\u00e1bor pozorovatel\u016f se li\u0161\u00ed od zem\u011b k zemi, ale proces je obecn\u011b koordinov\u00e1n p\u0159\u00edslu\u0161n\u00fdmi org\u00e1ny ministerstev zahrani\u010dn\u00edch v\u011bc\u00ed. Zpravidla jsou to tak\u00e9 vys\u00edlaj\u00edc\u00ed st\u00e1ty, kter\u00e9 pokryj\u00ed n\u00e1klady na pozorovatele.<\/p>\n\n\n\n<p><strong>Z\u00e1kladn\u00edm p\u0159edpokladem <\/strong>pro v\u00fdkon pr\u00e1ce volebn\u00edho pozorovatele OBSE je st\u00e1tn\u00ed ob\u010danstv\u00ed \u010cR, minim\u00e1ln\u00ed v\u011bk 25 let a znalost anglick\u00e9ho jazyka na v\u00fdborn\u00e9 \u00farovni.<\/p>\n\n\n\n<p>D\u00e1le je nutn\u00e9, aby m\u011bl volebn\u00ed pozorovatel<strong> \u0159\u00e1dn\u011b vypln\u011bn\u00fd \u017eivotopis v datab\u00e1zi<\/strong> <a href=\"https:\/\/webgate.ec.europa.eu\/europeaid\/applications\/eom\/\" target=\"_blank\" rel=\"noreferrer noopener\">Election Roster<\/a>, kter\u00e1 je spole\u010dn\u00e1 jak pro volebn\u00ed pozorovatelsk\u00e9 mise OBSE, tak EU.<\/p>\n\n\n\n<p>Podle MZV je zna\u010dn\u00e1 \u010d\u00e1st p\u0159ihl\u00e1\u0161en\u00fdch v datab\u00e1zi <a href=\"https:\/\/webgate.ec.europa.eu\/europeaid\/applications\/eom\/\" target=\"_blank\" rel=\"noreferrer noopener\">Election Roster<\/a>&nbsp;osobami bez p\u0159edchoz\u00edch zku\u0161enost\u00ed, tud\u00ed\u017e je t\u0159eba, aby MVZ vybralo nejd\u0159\u00edve vhodn\u00e9 \u00fa\u010dastn\u00edky ke \u0161kolen\u00ed. Pro\u0161kolen\u00fdm osob\u00e1m za\u0159azen\u00fdm na registr MZV \u010cR zas\u00edl\u00e1 potom N\u00e1rodn\u00ed kontaktn\u00ed m\u00edsto <strong>nab\u00eddky k pod\u00e1v\u00e1n\u00ed p\u0159ihl\u00e1\u0161ek do konan\u00fdch mis\u00ed.<\/strong><\/p>\n\n\n\n<p><strong>Pokud nejsi profesion\u00e1l v pozorov\u00e1n\u00ed voleb,<\/strong> nen\u00ed \u017e\u00e1douc\u00ed kontaktovat ODIHR p\u0159\u00edmo.<\/p>\n\n\n\n<p><strong>Pouze pokud profesion\u00e1l jsi,<\/strong> m\u016f\u017ee\u0161 se zapsat do datab\u00e1ze pozorovatel\u016f a pak sledovat nab\u00eddky na kontrahovan\u00e9 \u010di konzultantsk\u00e9 pozice p\u0159\u00edmo <a href=\"http:\/\/www.osce.org\/odihr\" target=\"_blank\" rel=\"noreferrer noopener\">na str\u00e1nk\u00e1ch ODIHR.<\/a><\/p>\n\n\n\n<p><strong>Pokud se chce\u0161 dozv\u011bd\u011bt o t\u00e9matu pozorovatelstv\u00ed v\u00edce<\/strong>, tak v sekci <a href=\"http:\/\/www.osce.org\/odihr\/elections\/how-to-become-an-election-observer\" target=\"_blank\" rel=\"noreferrer noopener\">Jak se st\u00e1t volebn\u00edm pozorovatelem <\/a>najde\u0161 v\u0161echno pot\u0159ebn\u00e9 od materi\u00e1l\u016f po odkaz na e-learninov\u00fd kurz.<\/p>\n\n\n<div class=\"wp-block-image size-medium wp-image-34207\">\n<figure class=\"aligncenter\"><img decoding=\"async\" src=\"https:\/\/mladiinfo.cz\/\/wp-content\/uploads\/2017\/02\/tIAR4kMA_400x400-300x300.jpg\" alt=\"\" class=\"wp-image-34207\"\/><figcaption class=\"wp-element-caption\">Logo. Zdroj: <a href=\"https:\/\/www.osce.org\/odihr\" target=\"_blank\" rel=\"noopener noreferrer\">www.osce.org\/odihr<\/a><\/figcaption><\/figure>\n<\/div>\n\n\n<h3 class=\"wp-block-heading\"><em><strong>Jak z\u016fstat v obrazu s nab\u00eddkami pr\u00e1ce v OBSE?<\/strong><\/em><\/h3>\n\n\n\n<p>Nech si zas\u00edlat <a href=\"http:\/\/www.osce.org\/employment\/job-notifications\" target=\"_blank\" rel=\"noreferrer noopener\">newsletter<\/a>&nbsp;s upozorn\u011bn\u00edm na nejnov\u011bj\u0161\u00ed nab\u00eddky pr\u00e1ce.<\/p>\n\n\n\n<blockquote class=\"wp-block-quote is-layout-flow wp-block-quote-is-layout-flow\">\n<p><strong>O kari\u00e9\u0159e v OBSE by se dalo mluvit hodiny.<\/strong><\/p>\n<\/blockquote>\n\n\n\n<p>Jist\u011b je zde mnoho oblast\u00ed, kter\u00fdm bychom se mohli v\u011bnovat, a\u0165 u\u017e to jsou tipy a triky k z\u00edsk\u00e1n\u00ed vysn\u011bn\u00e9 pozice a\u017e po samotn\u00e9<a href=\"http:\/\/www.osce.org\/employment\/108869\" target=\"_blank\" rel=\"noreferrer noopener\"> v\u00fdb\u011brov\u00e9 \u0159\u00edzen\u00ed, kter\u00e9 je v\u0161ak popsan\u00e9 detailn\u011b na str\u00e1nk\u00e1ch OBSE.<\/a><\/p>\n","protected":false},"excerpt":{"rendered":"<p>Kari\u00e9ra v mezin\u00e1rodn\u00edch organizac\u00edch: OBSE? V\u0161ichni zn\u00e1me OBSE neboli Organizaci pro bezpe\u010dnost a spolupr\u00e1ci v&nbsp;Evrop\u011b, [&hellip;]<\/p>\n","protected":false},"author":1,"featured_media":158,"comment_status":"open","ping_status":"open","sticky":false,"template":"","format":"standard","meta":{"_monsterinsights_skip_tracking":false,"_monsterinsights_sitenote_active":false,"_monsterinsights_sitenote_note":"","_monsterinsights_sitenote_category":0,"_jetpack_memberships_contains_paid_content":false,"footnotes":"","jetpack_publicize_message":"","jetpack_publicize_feature_enabled":true,"jetpack_social_post_already_shared":true,"jetpack_social_options":{"image_generator_settings":{"template":"highway","default_image_id":0,"font":"","enabled":false},"version":2}},"categories":[4,16],"tags":[],"class_list":["post-150","post","type-post","status-publish","format-standard","has-post-thumbnail","hentry","category-co-bylo-predtim","category-kariera"],"yoast_head":"<!-- This site is optimized with the Yoast SEO plugin v27.5 - https:\/\/yoast.com\/product\/yoast-seo-wordpress\/ -->\n<title>Kari\u00e9ra v mezin\u00e1rodn\u00edch organizac\u00edch: OBSE - M\u016fj \u017eivot ve \u0160v\u00e9dsku<\/title>\n<meta name=\"robots\" content=\"index, follow, max-snippet:-1, max-image-preview:large, max-video-preview:-1\" \/>\n<link rel=\"canonical\" href=\"https:\/\/tynavesvedsku.com\/index.php\/2022\/11\/25\/kariera-v-mezinarodnich-organizacich-obse\/\" \/>\n<meta property=\"og:locale\" content=\"cs_CZ\" \/>\n<meta property=\"og:type\" content=\"article\" \/>\n<meta property=\"og:title\" content=\"Kari\u00e9ra v mezin\u00e1rodn\u00edch organizac\u00edch: OBSE - M\u016fj \u017eivot ve \u0160v\u00e9dsku\" \/>\n<meta property=\"og:description\" content=\"Kari\u00e9ra v mezin\u00e1rodn\u00edch organizac\u00edch: OBSE? V\u0161ichni zn\u00e1me OBSE neboli Organizaci pro bezpe\u010dnost a spolupr\u00e1ci v&nbsp;Evrop\u011b, [&hellip;]\" \/>\n<meta property=\"og:url\" content=\"https:\/\/tynavesvedsku.com\/index.php\/2022\/11\/25\/kariera-v-mezinarodnich-organizacich-obse\/\" \/>\n<meta property=\"og:site_name\" content=\"M\u016fj \u017eivot ve \u0160v\u00e9dsku\" \/>\n<meta property=\"article:published_time\" content=\"2022-11-25T14:39:44+00:00\" \/>\n<meta property=\"article:modified_time\" content=\"2022-11-26T16:07:26+00:00\" \/>\n<meta property=\"og:image\" content=\"https:\/\/tynavesvedsku.com\/wp-content\/uploads\/2022\/11\/20210418_161038-scaled.jpg\" \/>\n\t<meta property=\"og:image:width\" content=\"2560\" \/>\n\t<meta property=\"og:image:height\" content=\"1920\" \/>\n\t<meta property=\"og:image:type\" content=\"image\/jpeg\" \/>\n<meta name=\"author\" content=\"tyna\" \/>\n<meta name=\"twitter:card\" content=\"summary_large_image\" \/>\n<meta name=\"twitter:label1\" content=\"Napsal(a)\" \/>\n\t<meta name=\"twitter:data1\" content=\"tyna\" \/>\n\t<meta name=\"twitter:label2\" content=\"Odhadovan\u00e1 doba \u010dten\u00ed\" \/>\n\t<meta name=\"twitter:data2\" content=\"15 minut\" \/>\n<script type=\"application\/ld+json\" class=\"yoast-schema-graph\">{\"@context\":\"https:\\\/\\\/schema.org\",\"@graph\":[{\"@type\":\"Article\",\"@id\":\"https:\\\/\\\/tynavesvedsku.com\\\/index.php\\\/2022\\\/11\\\/25\\\/kariera-v-mezinarodnich-organizacich-obse\\\/#article\",\"isPartOf\":{\"@id\":\"https:\\\/\\\/tynavesvedsku.com\\\/index.php\\\/2022\\\/11\\\/25\\\/kariera-v-mezinarodnich-organizacich-obse\\\/\"},\"author\":{\"name\":\"tyna\",\"@id\":\"https:\\\/\\\/tynavesvedsku.com\\\/#\\\/schema\\\/person\\\/911bb2cdceaf0b9d4c7d56be12f730ec\"},\"headline\":\"Kari\u00e9ra v mezin\u00e1rodn\u00edch organizac\u00edch: OBSE\",\"datePublished\":\"2022-11-25T14:39:44+00:00\",\"dateModified\":\"2022-11-26T16:07:26+00:00\",\"mainEntityOfPage\":{\"@id\":\"https:\\\/\\\/tynavesvedsku.com\\\/index.php\\\/2022\\\/11\\\/25\\\/kariera-v-mezinarodnich-organizacich-obse\\\/\"},\"wordCount\":3015,\"commentCount\":0,\"image\":{\"@id\":\"https:\\\/\\\/tynavesvedsku.com\\\/index.php\\\/2022\\\/11\\\/25\\\/kariera-v-mezinarodnich-organizacich-obse\\\/#primaryimage\"},\"thumbnailUrl\":\"https:\\\/\\\/tynavesvedsku.com\\\/wp-content\\\/uploads\\\/2022\\\/11\\\/20210418_161038-scaled.jpg\",\"articleSection\":[\"Co bylo p\u0159edt\u00edm\",\"Pr\u00e1ce\"],\"inLanguage\":\"cs\",\"potentialAction\":[{\"@type\":\"CommentAction\",\"name\":\"Comment\",\"target\":[\"https:\\\/\\\/tynavesvedsku.com\\\/index.php\\\/2022\\\/11\\\/25\\\/kariera-v-mezinarodnich-organizacich-obse\\\/#respond\"]}]},{\"@type\":\"WebPage\",\"@id\":\"https:\\\/\\\/tynavesvedsku.com\\\/index.php\\\/2022\\\/11\\\/25\\\/kariera-v-mezinarodnich-organizacich-obse\\\/\",\"url\":\"https:\\\/\\\/tynavesvedsku.com\\\/index.php\\\/2022\\\/11\\\/25\\\/kariera-v-mezinarodnich-organizacich-obse\\\/\",\"name\":\"Kari\u00e9ra v mezin\u00e1rodn\u00edch organizac\u00edch: OBSE - M\u016fj \u017eivot ve \u0160v\u00e9dsku\",\"isPartOf\":{\"@id\":\"https:\\\/\\\/tynavesvedsku.com\\\/#website\"},\"primaryImageOfPage\":{\"@id\":\"https:\\\/\\\/tynavesvedsku.com\\\/index.php\\\/2022\\\/11\\\/25\\\/kariera-v-mezinarodnich-organizacich-obse\\\/#primaryimage\"},\"image\":{\"@id\":\"https:\\\/\\\/tynavesvedsku.com\\\/index.php\\\/2022\\\/11\\\/25\\\/kariera-v-mezinarodnich-organizacich-obse\\\/#primaryimage\"},\"thumbnailUrl\":\"https:\\\/\\\/tynavesvedsku.com\\\/wp-content\\\/uploads\\\/2022\\\/11\\\/20210418_161038-scaled.jpg\",\"datePublished\":\"2022-11-25T14:39:44+00:00\",\"dateModified\":\"2022-11-26T16:07:26+00:00\",\"author\":{\"@id\":\"https:\\\/\\\/tynavesvedsku.com\\\/#\\\/schema\\\/person\\\/911bb2cdceaf0b9d4c7d56be12f730ec\"},\"breadcrumb\":{\"@id\":\"https:\\\/\\\/tynavesvedsku.com\\\/index.php\\\/2022\\\/11\\\/25\\\/kariera-v-mezinarodnich-organizacich-obse\\\/#breadcrumb\"},\"inLanguage\":\"cs\",\"potentialAction\":[{\"@type\":\"ReadAction\",\"target\":[\"https:\\\/\\\/tynavesvedsku.com\\\/index.php\\\/2022\\\/11\\\/25\\\/kariera-v-mezinarodnich-organizacich-obse\\\/\"]}]},{\"@type\":\"ImageObject\",\"inLanguage\":\"cs\",\"@id\":\"https:\\\/\\\/tynavesvedsku.com\\\/index.php\\\/2022\\\/11\\\/25\\\/kariera-v-mezinarodnich-organizacich-obse\\\/#primaryimage\",\"url\":\"https:\\\/\\\/tynavesvedsku.com\\\/wp-content\\\/uploads\\\/2022\\\/11\\\/20210418_161038-scaled.jpg\",\"contentUrl\":\"https:\\\/\\\/tynavesvedsku.com\\\/wp-content\\\/uploads\\\/2022\\\/11\\\/20210418_161038-scaled.jpg\",\"width\":2560,\"height\":1920},{\"@type\":\"BreadcrumbList\",\"@id\":\"https:\\\/\\\/tynavesvedsku.com\\\/index.php\\\/2022\\\/11\\\/25\\\/kariera-v-mezinarodnich-organizacich-obse\\\/#breadcrumb\",\"itemListElement\":[{\"@type\":\"ListItem\",\"position\":1,\"name\":\"Home\",\"item\":\"https:\\\/\\\/tynavesvedsku.com\\\/\"},{\"@type\":\"ListItem\",\"position\":2,\"name\":\"Kari\u00e9ra v mezin\u00e1rodn\u00edch organizac\u00edch: OBSE\"}]},{\"@type\":\"WebSite\",\"@id\":\"https:\\\/\\\/tynavesvedsku.com\\\/#website\",\"url\":\"https:\\\/\\\/tynavesvedsku.com\\\/\",\"name\":\"M\u016fj \u017eivot ve \u0160v\u00e9dsku\",\"description\":\"Blog o \u0161v\u00e9d\u0161tin\u011b, cestov\u00e1n\u00ed a \u017eivot\u011b ve \u0160v\u00e9dsku\",\"potentialAction\":[{\"@type\":\"SearchAction\",\"target\":{\"@type\":\"EntryPoint\",\"urlTemplate\":\"https:\\\/\\\/tynavesvedsku.com\\\/?s={search_term_string}\"},\"query-input\":{\"@type\":\"PropertyValueSpecification\",\"valueRequired\":true,\"valueName\":\"search_term_string\"}}],\"inLanguage\":\"cs\"},{\"@type\":\"Person\",\"@id\":\"https:\\\/\\\/tynavesvedsku.com\\\/#\\\/schema\\\/person\\\/911bb2cdceaf0b9d4c7d56be12f730ec\",\"name\":\"tyna\",\"image\":{\"@type\":\"ImageObject\",\"inLanguage\":\"cs\",\"@id\":\"https:\\\/\\\/secure.gravatar.com\\\/avatar\\\/04410c153f8418bab509dfe23b92b5c8343e18b5be3958974c7b7f00fdb9b863?s=96&d=mm&r=g\",\"url\":\"https:\\\/\\\/secure.gravatar.com\\\/avatar\\\/04410c153f8418bab509dfe23b92b5c8343e18b5be3958974c7b7f00fdb9b863?s=96&d=mm&r=g\",\"contentUrl\":\"https:\\\/\\\/secure.gravatar.com\\\/avatar\\\/04410c153f8418bab509dfe23b92b5c8343e18b5be3958974c7b7f00fdb9b863?s=96&d=mm&r=g\",\"caption\":\"tyna\"},\"sameAs\":[\"http:\\\/\\\/tynavesvedsku.com\"],\"url\":\"https:\\\/\\\/tynavesvedsku.com\\\/index.php\\\/author\\\/tyna\\\/\"}]}<\/script>\n<!-- \/ Yoast SEO plugin. -->","yoast_head_json":{"title":"Kari\u00e9ra v mezin\u00e1rodn\u00edch organizac\u00edch: OBSE - M\u016fj \u017eivot ve \u0160v\u00e9dsku","robots":{"index":"index","follow":"follow","max-snippet":"max-snippet:-1","max-image-preview":"max-image-preview:large","max-video-preview":"max-video-preview:-1"},"canonical":"https:\/\/tynavesvedsku.com\/index.php\/2022\/11\/25\/kariera-v-mezinarodnich-organizacich-obse\/","og_locale":"cs_CZ","og_type":"article","og_title":"Kari\u00e9ra v mezin\u00e1rodn\u00edch organizac\u00edch: OBSE - M\u016fj \u017eivot ve \u0160v\u00e9dsku","og_description":"Kari\u00e9ra v mezin\u00e1rodn\u00edch organizac\u00edch: OBSE? V\u0161ichni zn\u00e1me OBSE neboli Organizaci pro bezpe\u010dnost a spolupr\u00e1ci v&nbsp;Evrop\u011b, [&hellip;]","og_url":"https:\/\/tynavesvedsku.com\/index.php\/2022\/11\/25\/kariera-v-mezinarodnich-organizacich-obse\/","og_site_name":"M\u016fj \u017eivot ve \u0160v\u00e9dsku","article_published_time":"2022-11-25T14:39:44+00:00","article_modified_time":"2022-11-26T16:07:26+00:00","og_image":[{"width":2560,"height":1920,"url":"https:\/\/tynavesvedsku.com\/wp-content\/uploads\/2022\/11\/20210418_161038-scaled.jpg","type":"image\/jpeg"}],"author":"tyna","twitter_card":"summary_large_image","twitter_misc":{"Napsal(a)":"tyna","Odhadovan\u00e1 doba \u010dten\u00ed":"15 minut"},"schema":{"@context":"https:\/\/schema.org","@graph":[{"@type":"Article","@id":"https:\/\/tynavesvedsku.com\/index.php\/2022\/11\/25\/kariera-v-mezinarodnich-organizacich-obse\/#article","isPartOf":{"@id":"https:\/\/tynavesvedsku.com\/index.php\/2022\/11\/25\/kariera-v-mezinarodnich-organizacich-obse\/"},"author":{"name":"tyna","@id":"https:\/\/tynavesvedsku.com\/#\/schema\/person\/911bb2cdceaf0b9d4c7d56be12f730ec"},"headline":"Kari\u00e9ra v mezin\u00e1rodn\u00edch organizac\u00edch: OBSE","datePublished":"2022-11-25T14:39:44+00:00","dateModified":"2022-11-26T16:07:26+00:00","mainEntityOfPage":{"@id":"https:\/\/tynavesvedsku.com\/index.php\/2022\/11\/25\/kariera-v-mezinarodnich-organizacich-obse\/"},"wordCount":3015,"commentCount":0,"image":{"@id":"https:\/\/tynavesvedsku.com\/index.php\/2022\/11\/25\/kariera-v-mezinarodnich-organizacich-obse\/#primaryimage"},"thumbnailUrl":"https:\/\/tynavesvedsku.com\/wp-content\/uploads\/2022\/11\/20210418_161038-scaled.jpg","articleSection":["Co bylo p\u0159edt\u00edm","Pr\u00e1ce"],"inLanguage":"cs","potentialAction":[{"@type":"CommentAction","name":"Comment","target":["https:\/\/tynavesvedsku.com\/index.php\/2022\/11\/25\/kariera-v-mezinarodnich-organizacich-obse\/#respond"]}]},{"@type":"WebPage","@id":"https:\/\/tynavesvedsku.com\/index.php\/2022\/11\/25\/kariera-v-mezinarodnich-organizacich-obse\/","url":"https:\/\/tynavesvedsku.com\/index.php\/2022\/11\/25\/kariera-v-mezinarodnich-organizacich-obse\/","name":"Kari\u00e9ra v mezin\u00e1rodn\u00edch organizac\u00edch: OBSE - M\u016fj \u017eivot ve \u0160v\u00e9dsku","isPartOf":{"@id":"https:\/\/tynavesvedsku.com\/#website"},"primaryImageOfPage":{"@id":"https:\/\/tynavesvedsku.com\/index.php\/2022\/11\/25\/kariera-v-mezinarodnich-organizacich-obse\/#primaryimage"},"image":{"@id":"https:\/\/tynavesvedsku.com\/index.php\/2022\/11\/25\/kariera-v-mezinarodnich-organizacich-obse\/#primaryimage"},"thumbnailUrl":"https:\/\/tynavesvedsku.com\/wp-content\/uploads\/2022\/11\/20210418_161038-scaled.jpg","datePublished":"2022-11-25T14:39:44+00:00","dateModified":"2022-11-26T16:07:26+00:00","author":{"@id":"https:\/\/tynavesvedsku.com\/#\/schema\/person\/911bb2cdceaf0b9d4c7d56be12f730ec"},"breadcrumb":{"@id":"https:\/\/tynavesvedsku.com\/index.php\/2022\/11\/25\/kariera-v-mezinarodnich-organizacich-obse\/#breadcrumb"},"inLanguage":"cs","potentialAction":[{"@type":"ReadAction","target":["https:\/\/tynavesvedsku.com\/index.php\/2022\/11\/25\/kariera-v-mezinarodnich-organizacich-obse\/"]}]},{"@type":"ImageObject","inLanguage":"cs","@id":"https:\/\/tynavesvedsku.com\/index.php\/2022\/11\/25\/kariera-v-mezinarodnich-organizacich-obse\/#primaryimage","url":"https:\/\/tynavesvedsku.com\/wp-content\/uploads\/2022\/11\/20210418_161038-scaled.jpg","contentUrl":"https:\/\/tynavesvedsku.com\/wp-content\/uploads\/2022\/11\/20210418_161038-scaled.jpg","width":2560,"height":1920},{"@type":"BreadcrumbList","@id":"https:\/\/tynavesvedsku.com\/index.php\/2022\/11\/25\/kariera-v-mezinarodnich-organizacich-obse\/#breadcrumb","itemListElement":[{"@type":"ListItem","position":1,"name":"Home","item":"https:\/\/tynavesvedsku.com\/"},{"@type":"ListItem","position":2,"name":"Kari\u00e9ra v mezin\u00e1rodn\u00edch organizac\u00edch: OBSE"}]},{"@type":"WebSite","@id":"https:\/\/tynavesvedsku.com\/#website","url":"https:\/\/tynavesvedsku.com\/","name":"M\u016fj \u017eivot ve \u0160v\u00e9dsku","description":"Blog o \u0161v\u00e9d\u0161tin\u011b, cestov\u00e1n\u00ed a \u017eivot\u011b ve \u0160v\u00e9dsku","potentialAction":[{"@type":"SearchAction","target":{"@type":"EntryPoint","urlTemplate":"https:\/\/tynavesvedsku.com\/?s={search_term_string}"},"query-input":{"@type":"PropertyValueSpecification","valueRequired":true,"valueName":"search_term_string"}}],"inLanguage":"cs"},{"@type":"Person","@id":"https:\/\/tynavesvedsku.com\/#\/schema\/person\/911bb2cdceaf0b9d4c7d56be12f730ec","name":"tyna","image":{"@type":"ImageObject","inLanguage":"cs","@id":"https:\/\/secure.gravatar.com\/avatar\/04410c153f8418bab509dfe23b92b5c8343e18b5be3958974c7b7f00fdb9b863?s=96&d=mm&r=g","url":"https:\/\/secure.gravatar.com\/avatar\/04410c153f8418bab509dfe23b92b5c8343e18b5be3958974c7b7f00fdb9b863?s=96&d=mm&r=g","contentUrl":"https:\/\/secure.gravatar.com\/avatar\/04410c153f8418bab509dfe23b92b5c8343e18b5be3958974c7b7f00fdb9b863?s=96&d=mm&r=g","caption":"tyna"},"sameAs":["http:\/\/tynavesvedsku.com"],"url":"https:\/\/tynavesvedsku.com\/index.php\/author\/tyna\/"}]}},"jetpack_publicize_connections":[],"jetpack_featured_media_url":"https:\/\/tynavesvedsku.com\/wp-content\/uploads\/2022\/11\/20210418_161038-scaled.jpg","jetpack_sharing_enabled":true,"_links":{"self":[{"href":"https:\/\/tynavesvedsku.com\/index.php\/wp-json\/wp\/v2\/posts\/150","targetHints":{"allow":["GET"]}}],"collection":[{"href":"https:\/\/tynavesvedsku.com\/index.php\/wp-json\/wp\/v2\/posts"}],"about":[{"href":"https:\/\/tynavesvedsku.com\/index.php\/wp-json\/wp\/v2\/types\/post"}],"author":[{"embeddable":true,"href":"https:\/\/tynavesvedsku.com\/index.php\/wp-json\/wp\/v2\/users\/1"}],"replies":[{"embeddable":true,"href":"https:\/\/tynavesvedsku.com\/index.php\/wp-json\/wp\/v2\/comments?post=150"}],"version-history":[{"count":3,"href":"https:\/\/tynavesvedsku.com\/index.php\/wp-json\/wp\/v2\/posts\/150\/revisions"}],"predecessor-version":[{"id":180,"href":"https:\/\/tynavesvedsku.com\/index.php\/wp-json\/wp\/v2\/posts\/150\/revisions\/180"}],"wp:featuredmedia":[{"embeddable":true,"href":"https:\/\/tynavesvedsku.com\/index.php\/wp-json\/wp\/v2\/media\/158"}],"wp:attachment":[{"href":"https:\/\/tynavesvedsku.com\/index.php\/wp-json\/wp\/v2\/media?parent=150"}],"wp:term":[{"taxonomy":"category","embeddable":true,"href":"https:\/\/tynavesvedsku.com\/index.php\/wp-json\/wp\/v2\/categories?post=150"},{"taxonomy":"post_tag","embeddable":true,"href":"https:\/\/tynavesvedsku.com\/index.php\/wp-json\/wp\/v2\/tags?post=150"}],"curies":[{"name":"wp","href":"https:\/\/api.w.org\/{rel}","templated":true}]}}