{"id":205,"date":"2022-12-04T09:47:09","date_gmt":"2022-12-04T09:47:09","guid":{"rendered":"https:\/\/tynavesvedsku.com\/?p=205"},"modified":"2023-01-06T17:12:45","modified_gmt":"2023-01-06T17:12:45","slug":"i-valkommen-till-sverige","status":"publish","type":"post","link":"https:\/\/tynavesvedsku.com\/index.php\/2022\/12\/04\/i-valkommen-till-sverige\/","title":{"rendered":"V\u00e4lkommen till Sverige"},"content":{"rendered":"\n<p>Jak jednou obujete cestovatelsk\u00e9 boty, tak je u\u017e nesund\u00e1te. A tak se stalo, \u017ee po prvn\u00edm roce pr\u00e1ce v \u010cech\u00e1ch bal\u00edm kufry a st\u011bhuji se do \u0160v\u00e9dska, a to rovnou na dobu neur\u010ditou. <\/p>\n\n\n\n<!--more-->\n\n\n\n<h3 class=\"wp-block-heading\"><strong>V\u00e4lkommen till Sverige<\/strong><\/h3>\n\n\n\n<p>No co\u017e, \u017ee <strong>jsem byla ve \u0160v\u00e9dsku v\u0161ehov\u0161udy \u010dty\u0159ikr\u00e1t<\/strong>. Srdce vel\u00ed jasn\u011b! Do samotn\u00e9ho momentu, kdy stoj\u00edte na leti\u0161ti a m\u00e1v\u00e1te domovu, je dost <strong>dlouh\u00e1 cesta<\/strong>. Nejd\u0159\u00edve p\u0159esv\u011bd\u010dit sebe, \u017ee to <strong>nen\u00ed \u00fapln\u00e1 kravina<\/strong> odst\u011bhovat se na sever, do zem\u011b, kter\u00e1 je ukrutn\u011b drah\u00e1 a jej\u00edm\u017e <strong>jazykem jste naprosto nepol\u00edben<\/strong>i. N\u00e1sleduje v\u00fdpov\u011b\u010f v pr\u00e1ci a n\u011bkolik m\u011bs\u00edc\u016f opakov\u00e1n\u00ed mantry v\u0161em kamar\u00e1d\u016fm a zn\u00e1m\u00fdm \u2013 ne, nem\u00e1m ve \u0160v\u00e9dsku pr\u00e1ci; ne, nem\u00e1m pon\u011bt\u00ed, jak\u00e9 to tam bude; ne, neum\u00edm \u0161v\u00e9dsky. P\u0159i ka\u017ed\u00e9m do\u010dasn\u00e9m st\u011bhov\u00e1n\u00ed do zahrani\u010d\u00ed <strong>si p\u0159ipad\u00e1te u\u017e jako matador<\/strong> a \u0159\u00edk\u00e1te si, \u017ee v\u00e1s nic nep\u0159ekvap\u00ed a v\u0161echno jste za\u017eili, tak to tentokr\u00e1t bude jednoduch\u00e9. P\u0159i ka\u017ed\u00e9m st\u011bhov\u00e1n\u00ed v\u00e1s p\u0159ekvap\u00ed, <strong>jak daleko od pravdy to je<\/strong>. V\u00e4lkommen till Sverige.<\/p>\n\n\n\n<figure class=\"wp-block-image size-large\"><img loading=\"lazy\" decoding=\"async\" width=\"1024\" height=\"768\" src=\"https:\/\/tynavesvedsku.com\/wp-content\/uploads\/2022\/11\/img_20220901_140215-1024x768.jpg\" alt=\"\" class=\"wp-image-93\" srcset=\"https:\/\/tynavesvedsku.com\/wp-content\/uploads\/2022\/11\/img_20220901_140215-1024x768.jpg 1024w, https:\/\/tynavesvedsku.com\/wp-content\/uploads\/2022\/11\/img_20220901_140215-300x225.jpg 300w, https:\/\/tynavesvedsku.com\/wp-content\/uploads\/2022\/11\/img_20220901_140215-768x576.jpg 768w, https:\/\/tynavesvedsku.com\/wp-content\/uploads\/2022\/11\/img_20220901_140215-1536x1152.jpg 1536w, https:\/\/tynavesvedsku.com\/wp-content\/uploads\/2022\/11\/img_20220901_140215-2048x1536.jpg 2048w\" sizes=\"auto, (max-width: 1024px) 100vw, 1024px\" \/><figcaption class=\"wp-element-caption\">Galter\u00f6\/Br\u00e4nno.<\/figcaption><\/figure>\n\n\n\n<p>Vystudujete si doma vysokou \u0161kolu, n\u011bjakou dobu pracujete a mysl\u00edte si, \u017ee kone\u010dn\u011b d\u00e1v\u00e1 va\u0161e profesion\u00e1ln\u00ed existence trochu smyslu. Nebo jsite alespo\u0148 schopn\u00ed si vyd\u011blat na chleba. Ale pak <strong>se rozhodnete, \u017ee se st\u011bhujete<\/strong>. <\/p>\n\n\n\n<p>R\u00e1zem se v\u0161echny vydobyt\u00e9 \u00fasp\u011bchy (nebo alespo\u0148 v\u011bt\u0161ina) ztr\u00e1c\u00ed ve sv\u011btle toho, \u017ee neovl\u00e1d\u00e1te jazyk a zvyky zem\u011b, do kter\u00e9 se st\u011bhujete. Leda\u017ee jste vystudovali n\u011bjakou z profes\u00ed, kter\u00e1 se d\u00e1 d\u011blat v ka\u017ed\u00e9m jazyce. Pak to mo\u017en\u00e1 budete m\u00edt o malinko jednodu\u0161\u0161\u00ed, ale tak\u00e9 ne zadarmo. Od \u00fap\u011bnliv\u00e9ho hled\u00e1n\u00ed voln\u00fdch pozic\u00ed na internetu a lu\u0161t\u011bn\u00ed \u0161v\u00e9dsk\u00fdch hieroglyf\u016f p\u0159ejdete k m\u00edrn\u00e9 rezignaci, \u017ee hledat pr\u00e1ci p\u0159ed odjezdem asi nem\u00e1 smysl. \u010clov\u011bk se p\u0159esune tedy k tomu, \u010demu se nevyhne ur\u010dit\u011b \u2013 a to <strong>p\u0159edodjezdov\u00e9mu pap\u00edrov\u00e1n\u00ed<\/strong> doma v \u010cech\u00e1ch.<\/p>\n\n\n\n<h4 class=\"wp-block-heading\">Toto byl m\u016fj \u010desk\u00fd p\u0159edodjezdov\u00fd checklist:<\/h4>\n\n\n\n<ul class=\"wp-block-list\">\n<li>Upravit si tarif u m\u00e9ho oper\u00e1tora (aneb v\u0161ude levn\u011bji ne\u017e doma).<\/li>\n\n\n\n<li>Optimalizovat si \u010desk\u00fd \u00fa\u010det. Cen\u00edk pro slu\u017eby v zahrani\u010d\u00ed se u bank diametr\u00e1ln\u011b li\u0161\u00ed a ve \u0160v\u00e9dsku si \u00fa\u010det bez personnummer zalo\u017e\u00edte jen komplikovan\u011b.<\/li>\n\n\n\n<li>Za\u0159\u00eddit si not\u00e1\u0159em ov\u011b\u0159enou plnou moc pro jedn\u00e1n\u00ed dal\u0161\u00ed osoby za m\u011b v \u010cR.<\/li>\n\n\n\n<li>Z\u0159\u00eddit si Z\u00e1kaznickou karti\u010dku \u010cesk\u00e9 po\u0161ty k vyzved\u00e1v\u00e1n\u00ed po\u0161ty v \u010cR n\u011bk\u00fdm jin\u00fdm ne\u017e mnou. Pln\u00e1 moc po\u0161t\u011b nesta\u010d\u00ed. Spoiler: i s karti\u010dkou je celkem boj s n\u011bkter\u00fdmi z\u00e1silkami do vlastn\u00edch rukou.<\/li>\n\n\n\n<li>Zv\u00e1\u017eit zalo\u017een\u00ed datov\u00e9 schr\u00e1nky a elektronick\u00e9ho podpisu (kv\u016fli bodu nad), pokud nechcete jezdit s ka\u017ed\u00fdm pap\u00edrem na ov\u011b\u0159en\u00ed na ambas\u00e1du nebo do \u010cech. Budete si moc vy\u0159\u00eddit t\u00e9m\u011b\u0159 v\u0161e online ze \u0160v\u00e9dska.<\/li>\n\n\n\n<li>Odhl\u00e1sit se z komun\u00e1ln\u00edho odpadu (pod\u00e1v\u00e1 se ka\u017ed\u00fd rok tam, kde m\u00e1te trval\u00e9 bydli\u0161t\u011b).<\/li>\n\n\n\n<li>Za\u017e\u00e1dat na \u00da\u0159ad\u011b pr\u00e1ce o evropsk\u00fd formul\u00e1\u0159 U2 k&nbsp;p\u0159evodu podpory v&nbsp;nezam\u011bstnanosti.<\/li>\n\n\n\n<li>Vyzvednout si p\u0159ed odjezdem voli\u010dsk\u00fd pr\u016fkaz na m\u00e9m m\u011bstsk\u00e9m \u00fa\u0159ad\u011b pro ji\u017e vyhl\u00e1\u0161en\u00e9 prezidentsk\u00e9 volby, kter\u00e9 se konaj\u00ed t\u00fdden po m\u00e9m p\u0159\u00edjezdu (ze zahrani\u010d\u00ed lze v jin\u00fdch p\u0159\u00edpadech za\u0159\u00eddit p\u0159es ambas\u00e1du &#8211; plat\u00ed pouze pro volby, ve kter\u00fdch lze hlasovat v zahrani\u010d\u00ed).<\/li>\n<\/ul>\n\n\n\n<h4 class=\"wp-block-heading\">V\u011bd\u011bla jsem, \u017ee se po p\u0159\u00edjezdu nevyhnu n\u00e1sleduj\u00edc\u00edmu:<\/h4>\n\n\n\n<ol class=\"wp-block-list\">\n<li>Zaregistrovat se do jazykov\u00fdch kurz\u016f SFI (kter\u00e9 jsou zdarma pro v\u0161echny cizince)<\/li>\n\n\n\n<li>P\u0159ihl\u00e1\u0161en\u00ed se na \u0161v\u00e9dsk\u00fd \u00fa\u0159ad pr\u00e1ce &#8211; Arbetsf\u00f6rmedlingen<\/li>\n\n\n\n<li>P\u0159ihl\u00e1\u0161en\u00ed se na da\u0148ov\u00fd \u00fa\u0159ad &#8211; Skatteverket<\/li>\n<\/ol>\n\n\n\n<p>A tak jsem za\u010dala zji\u0161\u0165ovat, co \u017ee <strong>k&nbsp;tomu vlastn\u011b pot\u0159ebuji<\/strong>. Ne\u017e jsem odj\u00ed\u017ed\u011bla, klasicky jsem si nechala not\u00e1\u0159em ov\u011b\u0159it plnou moc a z\u0159\u00eddila si <a rel=\"noreferrer noopener\" href=\"https:\/\/www.zakaznicka-karta.cz\/\" target=\"_blank\">Z\u00e1kaznickou karti\u010dku \u010cesk\u00e9 po\u0161ty,<\/a> a to vzhledem k tomu, \u017ee po\u0161tovn\u00ed praxe p\u0159ij\u00edman\u00ed pln\u00fdch moc\u00ed k vyzved\u00e1v\u00e1n\u00ed z\u00e1silek je nejednozna\u010dn\u00e1-n\u011bkde ji berou, n\u011bkde ne a kdy\u017e ti \u0159\u00edkaj\u00ed, \u017ee ji berou, tak jim moc nev\u011b\u0159te. Pokud se v\u00e1m poda\u0159\u00ed p\u0159im\u011bt zam\u011bstnance po\u0161ty, aby v\u00e1m karti\u010dku spr\u00e1vn\u011b nastavili &#8211; co\u017e samo o sob\u011b vy\u017eaduje dost zna\u010dn\u00e9 \u00fasil\u00ed &#8211; v\u00e1mi ur\u010den\u00fd \u010dlov\u011bk pak m\u016f\u017ee p\u0159eb\u00edrat v\u0161echny z\u00e1silky krom\u011b t\u011bch do v\u00fdhradn\u011b do rukou adres\u00e1ta. Celkem \u0161ikovn\u00e9 je z\u0159\u00eddit si p\u0159ed odjezdem tak\u00e9 <a rel=\"noreferrer noopener\" href=\"https:\/\/www.mojedatovaschranka.cz\/as\/login?uri=https%3a%2f%2fwww.mojedatovaschranka.cz%2fportal%2fISDS%2f&amp;status=NCOO\" target=\"_blank\">datovou schr\u00e1nku<\/a>, kam se v\u00e1m mohou virtu\u00e1ln\u011b doru\u010dovat n\u011bkter\u00e9 p\u00edsemnosti. K nezaplacen\u00ed je elektronick\u00fd podpis, d\u00edky kter\u00e9mu se vyhnete v\u0161m ov\u011b\u0159en\u00fdm podpis\u016fm. D\u00e1le je \u0161ikovn\u00e9 se zaregistrovat do <a rel=\"noreferrer noopener\" href=\"https:\/\/drozd.mzv.cz\/\" target=\"_blank\">Drozda pod Ministerstvem zahrani\u010dn\u00edch v\u011bc\u00ed<\/a>. Jasn\u011b, nejedeme do v\u00e1le\u010dn\u00e9 oblasti, ale i tak.<\/p>\n\n\n\n<figure class=\"wp-block-image size-full\"><img loading=\"lazy\" decoding=\"async\" width=\"2560\" height=\"1920\" src=\"https:\/\/tynavesvedsku.com\/wp-content\/uploads\/2022\/12\/20210319_173004-scaled.jpg\" alt=\"\" class=\"wp-image-229\" srcset=\"https:\/\/tynavesvedsku.com\/wp-content\/uploads\/2022\/12\/20210319_173004-scaled.jpg 2560w, https:\/\/tynavesvedsku.com\/wp-content\/uploads\/2022\/12\/20210319_173004-300x225.jpg 300w, https:\/\/tynavesvedsku.com\/wp-content\/uploads\/2022\/12\/20210319_173004-1024x768.jpg 1024w, https:\/\/tynavesvedsku.com\/wp-content\/uploads\/2022\/12\/20210319_173004-768x576.jpg 768w, https:\/\/tynavesvedsku.com\/wp-content\/uploads\/2022\/12\/20210319_173004-1536x1152.jpg 1536w, https:\/\/tynavesvedsku.com\/wp-content\/uploads\/2022\/12\/20210319_173004-2048x1536.jpg 2048w\" sizes=\"auto, (max-width: 2560px) 100vw, 2560px\" \/><figcaption class=\"wp-element-caption\">V\u00e4ttlefj\u00e4ll.<\/figcaption><\/figure>\n\n\n\n<p>Abych mohla ve \u0160v\u00e9dsku fungovat, <strong>bylo t\u0159eba si zjistit p\u00e1r v\u011bc\u00ed<\/strong>. Prim\u00e1rn\u011b zjistit, co se skr\u00fdv\u00e1 za n\u00e1zvem <em>personnummer, <\/em>tedy osobn\u00ed \u010d\u00edslo. Tvar m\u00e1 <strong>jako na\u0161e rodn\u00e9 \u010d\u00edslo<\/strong>, ale jeho vyu\u017eit\u00ed je mnohem \u0161ir\u0161\u00ed. Pou\u017e\u00edv\u00e1 se k&nbsp;registraci \u00fapln\u011b v\u0161ude od posilovny pro knihovnu.<\/p>\n\n\n\n<p>A samoz\u0159ejm\u011b to d\u00e1 <strong>trochu \u00fasil\u00ed takov\u00e9 \u010d\u00edslo dostat<\/strong> \u2013 bu\u010f do \u0160v\u00e9dska p\u0159ijedete jako student (univerzity jsou <a rel=\"noreferrer noopener\" href=\"https:\/\/studyinsweden.se\/\" target=\"_blank\">ve \u0160v\u00e9dsku pro ob\u010dany EU zdarma<\/a>), jako \u010dlen rodiny usazen\u00e9 ve \u0160v\u00e9dsku, nebo m\u00e1te ji\u017e domluvenou pr\u00e1ci, \u010di jste schopn\u00ed prok\u00e1zat dostatek p\u0159\u00edjm\u016f tak, aby v\u00e1m \u0160v\u00e9di mohli zaregistrovat jako osobu s vlastn\u00edmi p\u0159\u00edjmy v centr\u00e1ln\u00edm registru obyvatel na \u00fa\u0159ad\u011b <a rel=\"noreferrer noopener\" href=\"https:\/\/www.skatteverket.se\/\" target=\"_blank\">Skatteverket<\/a>.<\/p>\n\n\n\n<h3 class=\"wp-block-heading\">Jak je to s personnummer?<\/h3>\n\n\n\n<p>Pokud nejste:<\/p>\n\n\n\n<ul class=\"wp-block-list\">\n<li>ani student,<\/li>\n\n\n\n<li>ani \u0161v\u00e9dsk\u00fd zam\u011bstnanec,<\/li>\n\n\n\n<li>ani nejedete do \u0160v\u00e9dska za\/s rodinn\u00fdm p\u0159\u00edslu\u0161n\u00edkem, se kter\u00fdm jste ji\u017e p\u0159edt\u00edm bydleli, a na kter\u00e9ho se budete moci takzvan\u011b slou\u010dit,<\/li>\n<\/ul>\n\n\n\n<p><a rel=\"noreferrer noopener\" href=\"https:\/\/www.skatteverket.se\/servicelankar\/otherlanguages\/inenglish\/individualsandemployees\/movingtosweden\/citizenofeueeacountry\/youareselfsufficient\/youaremovingbyyourself.4.3810a01c150939e893f41fe.html\" target=\"_blank\">budete muset prok\u00e1zat, \u017ee na \u017eivot ve \u0160v\u00e9dsku m\u00e1te<\/a> \u2013 co\u017e je p\u0159esn\u011b m\u016fj p\u0159\u00edpad &#8211; jsem osoba s vlastn\u00edmi p\u0159\u00edjmy v tuto chv\u00edli, jeliko\u017e jsem se sv\u00fdm p\u0159\u00edtelem, kter\u00fd u\u017e \u010d\u00edslo m\u00e1,<strong> p\u0159edt\u00edm nebydlela<\/strong>.<\/p>\n\n\n\n<p>Na p\u0159\u00edtele se mohu slou\u010dit podle n\u011bjak\u00fdch <strong>nejasn\u00fdch regul\u00ed<\/strong> Skatteverket <strong>a\u017e po 6 m\u011bs\u00edc\u00edch spole\u010dn\u00e9ho bydlen\u00ed<\/strong>.&nbsp;Je tak\u00e9 t\u0159eba \u0160v\u00e9d\u016fm uk\u00e1zat, \u017ee jste poji\u0161t\u011bn\u00ed minim\u00e1ln\u011b na rok dop\u0159edu. Nicm\u00e9n\u011b \u0160v\u00e9di se nespokoj\u00ed s ni\u010d\u00edm jin\u00fdm ne\u017e s pln\u00fdm poji\u0161t\u011bn\u00edm na rok dop\u0159edu. Odkazuj\u00ed na formul\u00e1\u0159 S1. Pro m\u011b je t\u00e9m\u011b\u0159 nemo\u017en\u00e9 z\u00edskat potvrzen\u00ed o poji\u0161t\u011bn\u00ed z \u010cR a o soukrom\u00e9m poji\u0161t\u011bn\u00ed Skatteverket ani nedutne a j\u00e1 tak\u00e9 nem\u00e1m ani p\u00e1ru.  V t\u00e9to situaci a je<strong> t\u00e9m\u011b\u0159 jist\u00e9, \u017ee budete muset nakonec na \u010d\u00edslo n\u011bjak\u00e9 ty m\u011bs\u00edce po\u010dkat.<\/strong><\/p>\n\n\n\n<p><em>Edit po p\u011bti letech (2022): Skatteverket nyn\u00ed p\u0159ikl\u00e1d\u00e1 informa\u010dn\u00ed let\u00e1\u010dek, \u017ee p\u0159ij\u00edm\u00e1 i soukrom\u00e9 poji\u0161t\u011bn\u00ed, pokud chce \u010dlov\u011bk prok\u00e1zat, \u017ee m\u00e1 vlastn\u00ed p\u0159\u00edjmy.<\/em><\/p>\n\n\n\n<p>Z\u00edsk\u00e1n\u00ed PN j<strong>e takov\u00e1 loterie<\/strong>, v\u00edc ne\u017e na pravidlech (podle kter\u00fdch jsi si jist\u00ed, \u017ee n\u00e1roky spl\u0148ujete) z\u00e1le\u017e\u00ed z\u0159ejm\u011b na tom, kdo v\u00e1\u0161 p\u0159\u00edpad rozhoduje. A tak se internet hem\u017e\u00ed stovkami podobn\u00fdch p\u0159\u00edb\u011bh\u016f jako ten m\u016fj,<strong> nutno dodat, \u017ee s \u00fapln\u011b jin\u00fdm kone\u010dn\u00fdm v\u00fdsledkem.<\/strong><\/p>\n\n\n\n<h3 class=\"wp-block-heading\">\u00da\u0159adov\u00e1n\u00ed<\/h3>\n\n\n<div class=\"wp-block-image wp-image-24631 size-medium\">\n<figure class=\"alignleft\"><img decoding=\"async\" src=\"http:\/\/www.mladiinfo.cz\/wp-content\/uploads\/2018\/01\/17992129_1532734913403520_7402284634052653415_n-169x300.jpg\" alt=\"\" class=\"wp-image-24631\"\/><figcaption class=\"wp-element-caption\"><em>Archiv autorky. Soustrov\u00ed u G\u00f6teborgu<\/em>.<\/figcaption><\/figure>\n<\/div>\n\n\n<p>Ka\u017edop\u00e1dn\u011b co plat\u00ed v ka\u017ed\u00e9 zem\u00ed je, \u017ee \u00fa\u0159edn\u00edci maj\u00ed r\u00e1di p\u0159ipraven\u00e9 lidi s p\u0159ipraven\u00fdmi dokumenty. A tak po p\u0159\u00edjezdu vyr\u00e1\u017e\u00edm po zuby ozbrojen\u00e1 pap\u00edry na m\u00edstn\u00ed <a rel=\"noreferrer noopener\" href=\"https:\/\/www.arbetsformedlingen.se\/\" target=\"_blank\">Arbetsf\u00f6rmedlingen<\/a> \u010dili \u00fa\u0159ad pr\u00e1ce a na ji\u017e zm\u00edn\u011bn\u00fd <a rel=\"noreferrer noopener\" href=\"https:\/\/www.skatteverket.se\/\" target=\"_blank\">Skatteverket<\/a>. Jeliko\u017e jsem pracovala v&nbsp;\u010cech\u00e1ch v\u00edce ne\u017e rok, m\u00e1m n\u00e1rok na podporu v&nbsp;nezam\u011bstnanosti a tak\u00e9 na to, aby mi<a rel=\"noreferrer noopener\" href=\"https:\/\/portal.mpsv.cz\/eures\/u1\/cojeu1u2\" target=\"_blank\"> podporu v nezam\u011bstnanosti \u00fa\u0159ady p\u0159evedly do \u0160v\u00e9dska<\/a>, kde mi <strong>bude vypl\u00e1cena<\/strong>, pokud budu plnit zdej\u0161\u00ed podm\u00ednky.<\/p>\n\n\n\n<p>Co d\u00e1le plat\u00ed v&nbsp;ka\u017ed\u00e9 zemi je, \u017ee jak\u00e9koliv po\u017eadavky mimo obvyklou dom\u00e1c\u00ed agendu <strong>daj\u00ed \u00fa\u0159adu eufemisticky \u0159e\u010deno trochu zabrat<\/strong>. Nakonec si ale vysv\u011btl\u00edme, co pot\u0159ebuji a \u00fa\u0159edn\u00edci mi z\u00e1rove\u0148 vysv\u011btl\u00ed, \u017ee vzhledem k&nbsp;tomu, \u017ee<strong> jsem z Evropsk\u00e9 unie a p\u0159edpokl\u00e1d\u00e1 se<\/strong>, \u017ee budu mo\u017en\u00e1<strong> o malinko schopn\u011bj\u0161\u00ed se o sebe postarat<\/strong> ne\u017e mimoevrop\u0161t\u00ed, m\u00e1m <strong>n\u00e1rok jen na z\u00e1kladn\u00ed servis<\/strong>. Na \u017e\u00e1dn\u00e1 sezen\u00ed, nab\u00edzen\u00ed pr\u00e1ce a rekvalifikace \u010di podobn\u00e9 vymo\u017eenosti nedos\u00e1hnu. P\u0159ij\u010fte se uk\u00e1zat jednou za m\u011bs\u00edc s&nbsp;vypln\u011bn\u00fdmi pap\u00edry pr\u00fd. A ano, mysl\u00edm si spr\u00e1vn\u011b, <strong>\u0161v\u00e9dsky bych se m\u011bla nau\u010dit hodn\u011b rychle<\/strong>, jinak pr\u00e1ci nese\u017eenu, potvrzuje pan\u00ed.<\/p>\n\n\n\n<p><strong>Skatteverket<\/strong>, neboli da\u0148ov\u00fd \u00fa\u0159ad, kter\u00fd je zde takov\u00e1 holka pro v\u0161echno, jde naproti tomu hladce. Jako t\u00e9m\u011b\u0159 jedin\u00e9 b\u00edl\u00e9 tv\u00e1\u0159i mi vd\u011b\u010dn\u00ed \u00fa\u0159edn\u00edci ofot\u00ed dokumenty a pak se pr\u00fd ozvou, zda schvaluj\u00ed moj\u00ed registraci do syst\u00e9mu obyvatel, kter\u00e1 mimo jin\u00e9 p\u0159in\u00e1\u0161\u00ed zm\u00edn\u011bn\u00e9 d\u016fle\u017eit\u00e9 osobn\u00ed \u010d\u00edslo personnummer.<\/p>\n\n\n\n<h3 class=\"wp-block-heading\">Svenska f\u00f6r invandrare<\/h3>\n\n\n\n<p>T\u00edm je moje \u00fa\u0159adov\u00e1n\u00ed dokon\u010deno. Zb\u00fdv\u00e1 posledn\u00ed. Za\u010d\u00edt <strong><a href=\"https:\/\/www.skolverket.se\/regler-och-ansvar\/ansvar-i-skolfragor\/ratt-till-sfi\" target=\"_blank\" rel=\"noreferrer noopener\">chodit na kurzy \u0161v\u00e9d\u0161tiny<\/a><\/strong>, kter\u00e9 se jmenuj\u00ed <a href=\"http:\/\/goteborg.se\/wps\/portal\/start\/forskola-och-utbildning\/vuxenutbildning-komvux-larvux\/svenska-for-invandrare\/!ut\/p\/z1\/hY5NC4JAGIR_jdd9X3P96mYHJZWyCLS9hMa2CurKurXQr8-OQdHchnmGGWBQARvrRydq3cmx7hd_Zt6lsNNDsLEj3CdhjNtTVsS7LE_8ow_lP4AtMf5QhJAC65qBmOtAkFCKjodB6FOXeo69ct_70dg4gQCm-I0rrshdLbdarad5baGFxhgipBQ9JzO38FujlbOG6gOEaaieOS-jF7Wzx6g!\/dz\/d5\/L2dBISEvZ0FBIS9nQSEh\/\" target=\"_blank\" rel=\"noreferrer noopener\">SFI<\/a>&nbsp;(Svenska f\u00f6r invandrare). SFI je pro <strong>cizince \u00fapln\u011b zadarmo<\/strong>. Zap\u00ed\u0161ete se na dal\u0161\u00edm \u00fa\u0159ad\u011b a do t\u0159\u00ed m\u011bs\u00edc\u016f v\u00e1m daj\u00ed v\u011bd\u011bt, kdy nastupujete. M\u016fj kurz, kter\u00fd je ka\u017ed\u00fd den v t\u00fddnu 3 hodiny denn\u011b, vypad\u00e1 velmi slu\u0161n\u011b.<\/p>\n\n\n\n<p>Krom\u011b pravideln\u00fdch n\u00e1v\u0161t\u011bv jazykov\u00e9ho kurzu a hled\u00e1n\u00ed pr\u00e1ce doch\u00e1z\u00ed na borcen\u00ed romantick\u00fdch p\u0159edstav \u010desk\u00fdch p\u0159\u00e1tel o sobech a barevn\u00fdch \u0161v\u00e9dsk\u00fdch dome\u010dk\u00e1ch porostl\u00fdch tr\u00e1vou. M\u00edsto toho je nast\u00edn\u011bn re\u00e1ln\u00fd obr\u00e1zek z\u00e1padn\u00edho \u0160v\u00e9dska v&nbsp;zim\u011b \u2013 pr\u0161avo, po\u0161mourno, nedostatek sv\u011btla. \u0160v\u00e9dska, kdy bez ohledu na po\u010das\u00ed a ro\u010dn\u00ed obdob\u00ed <strong>budete o svoji existenci muset trochu zabojovat<\/strong>. Koneckonc\u016f jako v&nbsp;ka\u017ed\u00e9 ciz\u00ed zemi. Ale kdo v\u00ed, mo\u017en\u00e1, \u017ee se p\u0159eci jen \u0161v\u00e9dsky nau\u010d\u00edm, najdu si pr\u00e1ci v&nbsp;n\u011bjak\u00e9m rozumn\u00e9m horizontu a bude se mi tu t\u0159eba i l\u00edbit\u2026.<\/p>\n\n\n\n<p><em>\u010cl\u00e1nek byl p\u016fvodn\u011b publikov\u00e1n autorkou <a href=\"https:\/\/www.mladiinfo.cz\/\" target=\"_blank\" rel=\"noreferrer noopener\">na str\u00e1nce Mladiinfo v roce 2018.<\/a> Pro v\u011bt\u0161\u00ed p\u0159ehlednost je \u010dl\u00e1nek p\u0159esunut na <a href=\"https:\/\/tynavesvedsku.com\/\" target=\"_blank\" rel=\"noreferrer noopener\">tento odd\u011blen\u00fd blog<\/a>.<\/em><\/p>\n","protected":false},"excerpt":{"rendered":"<p>Jak jednou obujete cestovatelsk\u00e9 boty, tak je u\u017e nesund\u00e1te. A tak se stalo, \u017ee po [&hellip;]<\/p>\n","protected":false},"author":1,"featured_media":206,"comment_status":"closed","ping_status":"open","sticky":false,"template":"","format":"standard","meta":{"_monsterinsights_skip_tracking":false,"_monsterinsights_sitenote_active":false,"_monsterinsights_sitenote_note":"","_monsterinsights_sitenote_category":0,"_jetpack_memberships_contains_paid_content":false,"footnotes":"","jetpack_publicize_message":"","jetpack_publicize_feature_enabled":true,"jetpack_social_post_already_shared":true,"jetpack_social_options":{"image_generator_settings":{"template":"highway","default_image_id":0,"font":"","enabled":false},"version":2}},"categories":[40,5],"tags":[23,21,26,25,24,27],"class_list":["post-205","post","type-post","status-publish","format-standard","has-post-thumbnail","hentry","category-stehovani-do-svedska","category-vypraveni","tag-arbetsformedlingen","tag-personnummer","tag-sfi","tag-skatteverket","tag-stehovani","tag-svedsko"],"yoast_head":"<!-- This site is optimized with the Yoast SEO plugin v27.5 - https:\/\/yoast.com\/product\/yoast-seo-wordpress\/ -->\n<title>V\u00e4lkommen till Sverige - M\u016fj \u017eivot ve \u0160v\u00e9dsku<\/title>\n<meta name=\"description\" content=\"Po prvn\u00edm roce pr\u00e1ce v \u010cech\u00e1ch bal\u00edm kufry a st\u011bhuji se do \u0160v\u00e9dska, a to rovnou na dobu neur\u010ditou. V\u00e4lkommen till Sverige.\" \/>\n<meta name=\"robots\" content=\"index, follow, max-snippet:-1, max-image-preview:large, max-video-preview:-1\" \/>\n<link rel=\"canonical\" href=\"https:\/\/tynavesvedsku.com\/index.php\/2022\/12\/04\/i-valkommen-till-sverige\/\" \/>\n<meta property=\"og:locale\" content=\"cs_CZ\" \/>\n<meta property=\"og:type\" content=\"article\" \/>\n<meta property=\"og:title\" content=\"V\u00e4lkommen till Sverige - M\u016fj \u017eivot ve \u0160v\u00e9dsku\" \/>\n<meta property=\"og:description\" content=\"Po prvn\u00edm roce pr\u00e1ce v \u010cech\u00e1ch bal\u00edm kufry a st\u011bhuji se do \u0160v\u00e9dska, a to rovnou na dobu neur\u010ditou. V\u00e4lkommen till Sverige.\" \/>\n<meta property=\"og:url\" content=\"https:\/\/tynavesvedsku.com\/index.php\/2022\/12\/04\/i-valkommen-till-sverige\/\" \/>\n<meta property=\"og:site_name\" content=\"M\u016fj \u017eivot ve \u0160v\u00e9dsku\" \/>\n<meta property=\"article:published_time\" content=\"2022-12-04T09:47:09+00:00\" \/>\n<meta property=\"article:modified_time\" content=\"2023-01-06T17:12:45+00:00\" \/>\n<meta property=\"og:image\" content=\"https:\/\/tynavesvedsku.com\/wp-content\/uploads\/2022\/12\/20221127_143053-scaled.jpg\" \/>\n\t<meta property=\"og:image:width\" content=\"2560\" \/>\n\t<meta property=\"og:image:height\" content=\"1213\" \/>\n\t<meta property=\"og:image:type\" content=\"image\/jpeg\" \/>\n<meta name=\"author\" content=\"tyna\" \/>\n<meta name=\"twitter:card\" content=\"summary_large_image\" \/>\n<meta name=\"twitter:label1\" content=\"Napsal(a)\" \/>\n\t<meta name=\"twitter:data1\" content=\"tyna\" \/>\n\t<meta name=\"twitter:label2\" content=\"Odhadovan\u00e1 doba \u010dten\u00ed\" \/>\n\t<meta name=\"twitter:data2\" content=\"8 minut\" \/>\n<script type=\"application\/ld+json\" class=\"yoast-schema-graph\">{\"@context\":\"https:\\\/\\\/schema.org\",\"@graph\":[{\"@type\":\"Article\",\"@id\":\"https:\\\/\\\/tynavesvedsku.com\\\/index.php\\\/2022\\\/12\\\/04\\\/i-valkommen-till-sverige\\\/#article\",\"isPartOf\":{\"@id\":\"https:\\\/\\\/tynavesvedsku.com\\\/index.php\\\/2022\\\/12\\\/04\\\/i-valkommen-till-sverige\\\/\"},\"author\":{\"name\":\"tyna\",\"@id\":\"https:\\\/\\\/tynavesvedsku.com\\\/#\\\/schema\\\/person\\\/911bb2cdceaf0b9d4c7d56be12f730ec\"},\"headline\":\"V\u00e4lkommen till Sverige\",\"datePublished\":\"2022-12-04T09:47:09+00:00\",\"dateModified\":\"2023-01-06T17:12:45+00:00\",\"mainEntityOfPage\":{\"@id\":\"https:\\\/\\\/tynavesvedsku.com\\\/index.php\\\/2022\\\/12\\\/04\\\/i-valkommen-till-sverige\\\/\"},\"wordCount\":1915,\"image\":{\"@id\":\"https:\\\/\\\/tynavesvedsku.com\\\/index.php\\\/2022\\\/12\\\/04\\\/i-valkommen-till-sverige\\\/#primaryimage\"},\"thumbnailUrl\":\"https:\\\/\\\/tynavesvedsku.com\\\/wp-content\\\/uploads\\\/2022\\\/12\\\/20221127_143053-scaled.jpg\",\"keywords\":[\"Arbetsf\u00f6rmedlingen\",\"personnummer\",\"SFI\",\"Skatteverket\",\"st\u011bhov\u00e1n\u00ed\",\"\u0160v\u00e9dsko\"],\"articleSection\":[\"St\u011bhov\u00e1n\u00ed\",\"Vypr\u00e1v\u011bn\u00ed\"],\"inLanguage\":\"cs\"},{\"@type\":\"WebPage\",\"@id\":\"https:\\\/\\\/tynavesvedsku.com\\\/index.php\\\/2022\\\/12\\\/04\\\/i-valkommen-till-sverige\\\/\",\"url\":\"https:\\\/\\\/tynavesvedsku.com\\\/index.php\\\/2022\\\/12\\\/04\\\/i-valkommen-till-sverige\\\/\",\"name\":\"V\u00e4lkommen till Sverige - M\u016fj \u017eivot ve \u0160v\u00e9dsku\",\"isPartOf\":{\"@id\":\"https:\\\/\\\/tynavesvedsku.com\\\/#website\"},\"primaryImageOfPage\":{\"@id\":\"https:\\\/\\\/tynavesvedsku.com\\\/index.php\\\/2022\\\/12\\\/04\\\/i-valkommen-till-sverige\\\/#primaryimage\"},\"image\":{\"@id\":\"https:\\\/\\\/tynavesvedsku.com\\\/index.php\\\/2022\\\/12\\\/04\\\/i-valkommen-till-sverige\\\/#primaryimage\"},\"thumbnailUrl\":\"https:\\\/\\\/tynavesvedsku.com\\\/wp-content\\\/uploads\\\/2022\\\/12\\\/20221127_143053-scaled.jpg\",\"datePublished\":\"2022-12-04T09:47:09+00:00\",\"dateModified\":\"2023-01-06T17:12:45+00:00\",\"author\":{\"@id\":\"https:\\\/\\\/tynavesvedsku.com\\\/#\\\/schema\\\/person\\\/911bb2cdceaf0b9d4c7d56be12f730ec\"},\"description\":\"Po prvn\u00edm roce pr\u00e1ce v \u010cech\u00e1ch bal\u00edm kufry a st\u011bhuji se do \u0160v\u00e9dska, a to rovnou na dobu neur\u010ditou. V\u00e4lkommen till Sverige.\",\"breadcrumb\":{\"@id\":\"https:\\\/\\\/tynavesvedsku.com\\\/index.php\\\/2022\\\/12\\\/04\\\/i-valkommen-till-sverige\\\/#breadcrumb\"},\"inLanguage\":\"cs\",\"potentialAction\":[{\"@type\":\"ReadAction\",\"target\":[\"https:\\\/\\\/tynavesvedsku.com\\\/index.php\\\/2022\\\/12\\\/04\\\/i-valkommen-till-sverige\\\/\"]}]},{\"@type\":\"ImageObject\",\"inLanguage\":\"cs\",\"@id\":\"https:\\\/\\\/tynavesvedsku.com\\\/index.php\\\/2022\\\/12\\\/04\\\/i-valkommen-till-sverige\\\/#primaryimage\",\"url\":\"https:\\\/\\\/tynavesvedsku.com\\\/wp-content\\\/uploads\\\/2022\\\/12\\\/20221127_143053-scaled.jpg\",\"contentUrl\":\"https:\\\/\\\/tynavesvedsku.com\\\/wp-content\\\/uploads\\\/2022\\\/12\\\/20221127_143053-scaled.jpg\",\"width\":2560,\"height\":1213},{\"@type\":\"BreadcrumbList\",\"@id\":\"https:\\\/\\\/tynavesvedsku.com\\\/index.php\\\/2022\\\/12\\\/04\\\/i-valkommen-till-sverige\\\/#breadcrumb\",\"itemListElement\":[{\"@type\":\"ListItem\",\"position\":1,\"name\":\"Home\",\"item\":\"https:\\\/\\\/tynavesvedsku.com\\\/\"},{\"@type\":\"ListItem\",\"position\":2,\"name\":\"V\u00e4lkommen till Sverige\"}]},{\"@type\":\"WebSite\",\"@id\":\"https:\\\/\\\/tynavesvedsku.com\\\/#website\",\"url\":\"https:\\\/\\\/tynavesvedsku.com\\\/\",\"name\":\"M\u016fj \u017eivot ve \u0160v\u00e9dsku\",\"description\":\"Blog o \u0161v\u00e9d\u0161tin\u011b, cestov\u00e1n\u00ed a \u017eivot\u011b ve \u0160v\u00e9dsku\",\"potentialAction\":[{\"@type\":\"SearchAction\",\"target\":{\"@type\":\"EntryPoint\",\"urlTemplate\":\"https:\\\/\\\/tynavesvedsku.com\\\/?s={search_term_string}\"},\"query-input\":{\"@type\":\"PropertyValueSpecification\",\"valueRequired\":true,\"valueName\":\"search_term_string\"}}],\"inLanguage\":\"cs\"},{\"@type\":\"Person\",\"@id\":\"https:\\\/\\\/tynavesvedsku.com\\\/#\\\/schema\\\/person\\\/911bb2cdceaf0b9d4c7d56be12f730ec\",\"name\":\"tyna\",\"image\":{\"@type\":\"ImageObject\",\"inLanguage\":\"cs\",\"@id\":\"https:\\\/\\\/secure.gravatar.com\\\/avatar\\\/04410c153f8418bab509dfe23b92b5c8343e18b5be3958974c7b7f00fdb9b863?s=96&d=mm&r=g\",\"url\":\"https:\\\/\\\/secure.gravatar.com\\\/avatar\\\/04410c153f8418bab509dfe23b92b5c8343e18b5be3958974c7b7f00fdb9b863?s=96&d=mm&r=g\",\"contentUrl\":\"https:\\\/\\\/secure.gravatar.com\\\/avatar\\\/04410c153f8418bab509dfe23b92b5c8343e18b5be3958974c7b7f00fdb9b863?s=96&d=mm&r=g\",\"caption\":\"tyna\"},\"sameAs\":[\"http:\\\/\\\/tynavesvedsku.com\"],\"url\":\"https:\\\/\\\/tynavesvedsku.com\\\/index.php\\\/author\\\/tyna\\\/\"}]}<\/script>\n<!-- \/ Yoast SEO plugin. -->","yoast_head_json":{"title":"V\u00e4lkommen till Sverige - M\u016fj \u017eivot ve \u0160v\u00e9dsku","description":"Po prvn\u00edm roce pr\u00e1ce v \u010cech\u00e1ch bal\u00edm kufry a st\u011bhuji se do \u0160v\u00e9dska, a to rovnou na dobu neur\u010ditou. V\u00e4lkommen till Sverige.","robots":{"index":"index","follow":"follow","max-snippet":"max-snippet:-1","max-image-preview":"max-image-preview:large","max-video-preview":"max-video-preview:-1"},"canonical":"https:\/\/tynavesvedsku.com\/index.php\/2022\/12\/04\/i-valkommen-till-sverige\/","og_locale":"cs_CZ","og_type":"article","og_title":"V\u00e4lkommen till Sverige - M\u016fj \u017eivot ve \u0160v\u00e9dsku","og_description":"Po prvn\u00edm roce pr\u00e1ce v \u010cech\u00e1ch bal\u00edm kufry a st\u011bhuji se do \u0160v\u00e9dska, a to rovnou na dobu neur\u010ditou. V\u00e4lkommen till Sverige.","og_url":"https:\/\/tynavesvedsku.com\/index.php\/2022\/12\/04\/i-valkommen-till-sverige\/","og_site_name":"M\u016fj \u017eivot ve \u0160v\u00e9dsku","article_published_time":"2022-12-04T09:47:09+00:00","article_modified_time":"2023-01-06T17:12:45+00:00","og_image":[{"width":2560,"height":1213,"url":"https:\/\/tynavesvedsku.com\/wp-content\/uploads\/2022\/12\/20221127_143053-scaled.jpg","type":"image\/jpeg"}],"author":"tyna","twitter_card":"summary_large_image","twitter_misc":{"Napsal(a)":"tyna","Odhadovan\u00e1 doba \u010dten\u00ed":"8 minut"},"schema":{"@context":"https:\/\/schema.org","@graph":[{"@type":"Article","@id":"https:\/\/tynavesvedsku.com\/index.php\/2022\/12\/04\/i-valkommen-till-sverige\/#article","isPartOf":{"@id":"https:\/\/tynavesvedsku.com\/index.php\/2022\/12\/04\/i-valkommen-till-sverige\/"},"author":{"name":"tyna","@id":"https:\/\/tynavesvedsku.com\/#\/schema\/person\/911bb2cdceaf0b9d4c7d56be12f730ec"},"headline":"V\u00e4lkommen till Sverige","datePublished":"2022-12-04T09:47:09+00:00","dateModified":"2023-01-06T17:12:45+00:00","mainEntityOfPage":{"@id":"https:\/\/tynavesvedsku.com\/index.php\/2022\/12\/04\/i-valkommen-till-sverige\/"},"wordCount":1915,"image":{"@id":"https:\/\/tynavesvedsku.com\/index.php\/2022\/12\/04\/i-valkommen-till-sverige\/#primaryimage"},"thumbnailUrl":"https:\/\/tynavesvedsku.com\/wp-content\/uploads\/2022\/12\/20221127_143053-scaled.jpg","keywords":["Arbetsf\u00f6rmedlingen","personnummer","SFI","Skatteverket","st\u011bhov\u00e1n\u00ed","\u0160v\u00e9dsko"],"articleSection":["St\u011bhov\u00e1n\u00ed","Vypr\u00e1v\u011bn\u00ed"],"inLanguage":"cs"},{"@type":"WebPage","@id":"https:\/\/tynavesvedsku.com\/index.php\/2022\/12\/04\/i-valkommen-till-sverige\/","url":"https:\/\/tynavesvedsku.com\/index.php\/2022\/12\/04\/i-valkommen-till-sverige\/","name":"V\u00e4lkommen till Sverige - M\u016fj \u017eivot ve \u0160v\u00e9dsku","isPartOf":{"@id":"https:\/\/tynavesvedsku.com\/#website"},"primaryImageOfPage":{"@id":"https:\/\/tynavesvedsku.com\/index.php\/2022\/12\/04\/i-valkommen-till-sverige\/#primaryimage"},"image":{"@id":"https:\/\/tynavesvedsku.com\/index.php\/2022\/12\/04\/i-valkommen-till-sverige\/#primaryimage"},"thumbnailUrl":"https:\/\/tynavesvedsku.com\/wp-content\/uploads\/2022\/12\/20221127_143053-scaled.jpg","datePublished":"2022-12-04T09:47:09+00:00","dateModified":"2023-01-06T17:12:45+00:00","author":{"@id":"https:\/\/tynavesvedsku.com\/#\/schema\/person\/911bb2cdceaf0b9d4c7d56be12f730ec"},"description":"Po prvn\u00edm roce pr\u00e1ce v \u010cech\u00e1ch bal\u00edm kufry a st\u011bhuji se do \u0160v\u00e9dska, a to rovnou na dobu neur\u010ditou. V\u00e4lkommen till Sverige.","breadcrumb":{"@id":"https:\/\/tynavesvedsku.com\/index.php\/2022\/12\/04\/i-valkommen-till-sverige\/#breadcrumb"},"inLanguage":"cs","potentialAction":[{"@type":"ReadAction","target":["https:\/\/tynavesvedsku.com\/index.php\/2022\/12\/04\/i-valkommen-till-sverige\/"]}]},{"@type":"ImageObject","inLanguage":"cs","@id":"https:\/\/tynavesvedsku.com\/index.php\/2022\/12\/04\/i-valkommen-till-sverige\/#primaryimage","url":"https:\/\/tynavesvedsku.com\/wp-content\/uploads\/2022\/12\/20221127_143053-scaled.jpg","contentUrl":"https:\/\/tynavesvedsku.com\/wp-content\/uploads\/2022\/12\/20221127_143053-scaled.jpg","width":2560,"height":1213},{"@type":"BreadcrumbList","@id":"https:\/\/tynavesvedsku.com\/index.php\/2022\/12\/04\/i-valkommen-till-sverige\/#breadcrumb","itemListElement":[{"@type":"ListItem","position":1,"name":"Home","item":"https:\/\/tynavesvedsku.com\/"},{"@type":"ListItem","position":2,"name":"V\u00e4lkommen till Sverige"}]},{"@type":"WebSite","@id":"https:\/\/tynavesvedsku.com\/#website","url":"https:\/\/tynavesvedsku.com\/","name":"M\u016fj \u017eivot ve \u0160v\u00e9dsku","description":"Blog o \u0161v\u00e9d\u0161tin\u011b, cestov\u00e1n\u00ed a \u017eivot\u011b ve \u0160v\u00e9dsku","potentialAction":[{"@type":"SearchAction","target":{"@type":"EntryPoint","urlTemplate":"https:\/\/tynavesvedsku.com\/?s={search_term_string}"},"query-input":{"@type":"PropertyValueSpecification","valueRequired":true,"valueName":"search_term_string"}}],"inLanguage":"cs"},{"@type":"Person","@id":"https:\/\/tynavesvedsku.com\/#\/schema\/person\/911bb2cdceaf0b9d4c7d56be12f730ec","name":"tyna","image":{"@type":"ImageObject","inLanguage":"cs","@id":"https:\/\/secure.gravatar.com\/avatar\/04410c153f8418bab509dfe23b92b5c8343e18b5be3958974c7b7f00fdb9b863?s=96&d=mm&r=g","url":"https:\/\/secure.gravatar.com\/avatar\/04410c153f8418bab509dfe23b92b5c8343e18b5be3958974c7b7f00fdb9b863?s=96&d=mm&r=g","contentUrl":"https:\/\/secure.gravatar.com\/avatar\/04410c153f8418bab509dfe23b92b5c8343e18b5be3958974c7b7f00fdb9b863?s=96&d=mm&r=g","caption":"tyna"},"sameAs":["http:\/\/tynavesvedsku.com"],"url":"https:\/\/tynavesvedsku.com\/index.php\/author\/tyna\/"}]}},"jetpack_publicize_connections":[],"jetpack_featured_media_url":"https:\/\/tynavesvedsku.com\/wp-content\/uploads\/2022\/12\/20221127_143053-scaled.jpg","jetpack_sharing_enabled":true,"_links":{"self":[{"href":"https:\/\/tynavesvedsku.com\/index.php\/wp-json\/wp\/v2\/posts\/205","targetHints":{"allow":["GET"]}}],"collection":[{"href":"https:\/\/tynavesvedsku.com\/index.php\/wp-json\/wp\/v2\/posts"}],"about":[{"href":"https:\/\/tynavesvedsku.com\/index.php\/wp-json\/wp\/v2\/types\/post"}],"author":[{"embeddable":true,"href":"https:\/\/tynavesvedsku.com\/index.php\/wp-json\/wp\/v2\/users\/1"}],"replies":[{"embeddable":true,"href":"https:\/\/tynavesvedsku.com\/index.php\/wp-json\/wp\/v2\/comments?post=205"}],"version-history":[{"count":4,"href":"https:\/\/tynavesvedsku.com\/index.php\/wp-json\/wp\/v2\/posts\/205\/revisions"}],"predecessor-version":[{"id":420,"href":"https:\/\/tynavesvedsku.com\/index.php\/wp-json\/wp\/v2\/posts\/205\/revisions\/420"}],"wp:featuredmedia":[{"embeddable":true,"href":"https:\/\/tynavesvedsku.com\/index.php\/wp-json\/wp\/v2\/media\/206"}],"wp:attachment":[{"href":"https:\/\/tynavesvedsku.com\/index.php\/wp-json\/wp\/v2\/media?parent=205"}],"wp:term":[{"taxonomy":"category","embeddable":true,"href":"https:\/\/tynavesvedsku.com\/index.php\/wp-json\/wp\/v2\/categories?post=205"},{"taxonomy":"post_tag","embeddable":true,"href":"https:\/\/tynavesvedsku.com\/index.php\/wp-json\/wp\/v2\/tags?post=205"}],"curies":[{"name":"wp","href":"https:\/\/api.w.org\/{rel}","templated":true}]}}