{"id":474,"date":"2023-01-06T13:24:55","date_gmt":"2023-01-06T13:24:55","guid":{"rendered":"https:\/\/tynavesvedsku.com\/?p=474"},"modified":"2023-01-06T13:46:48","modified_gmt":"2023-01-06T13:46:48","slug":"beru-svedsko-na-milost","status":"publish","type":"post","link":"https:\/\/tynavesvedsku.com\/index.php\/2023\/01\/06\/beru-svedsko-na-milost\/","title":{"rendered":"Beru \u0160v\u00e9dsko na milost!"},"content":{"rendered":"\n<p><a href=\"https:\/\/www.facebook.com\/sharer\/sharer.php?u=https%3A%2F%2Fwww.mladiinfo.cz%2Fmuj-zivot-ve-svedsku-vi-beru-svedsko-na-milost%2F\" target=\"_blank\" rel=\"noreferrer noopener\"><\/a><a href=\"https:\/\/api.whatsapp.com\/send?text=M%C5%AFj%20%C5%BEivot%20ve%20%C5%A0v%C3%A9dsku%20VI.%3A%20Beru%20%C5%A0v%C3%A9dsko%20na%20milost%21%20https%3A%2F%2Fwww.mladiinfo.cz%2Fmuj-zivot-ve-svedsku-vi-beru-svedsko-na-milost%2F\" target=\"_blank\" rel=\"noreferrer noopener\"><\/a><a href=\"http:\/\/www.linkedin.com\/shareArticle?mini=true&amp;url=https%3A%2F%2Fwww.mladiinfo.cz%2Fmuj-zivot-ve-svedsku-vi-beru-svedsko-na-milost%2F&amp;title=M%C5%AFj%20%C5%BEivot%20ve%20%C5%A0v%C3%A9dsku%20VI.%3A%20Beru%20%C5%A0v%C3%A9dsko%20na%20milost%21\" target=\"_blank\" rel=\"noreferrer noopener\"><\/a>M\u00edsto toho, abych n\u00e1sledovala svoj\u00ed p\u0159edur\u010denou \u017eivotn\u00ed dr\u00e1hu, jsem se rozhodla vz\u00edt to za druh\u00fd konec a za\u010dala \u017e\u00edt svoje \u0161v\u00e9dsk\u00e9 dobrodru\u017estv\u00ed. <\/p>\n\n\n\n<!--more-->\n\n\n\n<p>Kdo sleduje m\u016fj \u017eivot ve \u0160v\u00e9dsku a z\u00e1pisky z&nbsp;n\u011bho, jist\u011b u\u017e pochopil, \u017ee m\u011b Skandin\u00e1vie t\u011b\u017ece zkou\u0161\u00ed. Pokud hled\u00e1te zp\u016fsob, jak sv\u016fj \u017eivot a v\u0161echny jistoty p\u0159evr\u00e1tit na ruby, tak m\u00e1m b\u00e1je\u010dn\u00fd recept.<\/p>\n\n\n\n<h3 class=\"wp-block-heading\">Beru \u0160v\u00e9dsko na milost!<\/h3>\n\n\n\n<p>Pr\u00fd se mnou je\u0161t\u011b p\u00e1r m\u011bs\u00edc\u016f zp\u00e1tky, kdy jsem nem\u011bla vy\u0159\u00edzen\u00e9 \u017e\u00e1dn\u00e9 dokumenty,&nbsp;<strong>byla v\u011bt\u0161\u00ed sranda.<\/strong>&nbsp;Na \u0160v\u00e9dsko jsem se dok\u00e1zala&nbsp;<strong>d\u00edvat v\u00edce kriticky.<\/strong>&nbsp;M\u011bs\u00edce plynou, nechala jsem se<strong>&nbsp;uplatit personnummer a futuristick\u00fdmi technick\u00fdmi v\u00fdst\u0159elky<\/strong>, kter\u00e9 v\u0161emocn\u00e9 \u010d\u00edslo nab\u00edz\u00ed a tak&nbsp;<strong>n\u011bjak jsme za\u010dali se \u0160v\u00e9dskem moj\u00ed existenci vz\u00e1jemn\u011b tolerovat<\/strong>.&nbsp;Beru \u0160v\u00e9dsko na milost.<\/p>\n\n\n\n<p>Ji\u017e jsem ve \u0160v\u00e9dsku natolik dlouho, \u017ee kamar\u00e1dky, kter\u00e9 ot\u011bhotn\u011bly kr\u00e1tce po m\u00e9m p\u0159\u00edjezdu, u\u017e rod\u00ed mal\u00e9 budouc\u00ed ob\u010d\u00e1nky tohoto kr\u00e1lovstv\u00ed. Ji\u017e jsem si&nbsp;<a href=\"https:\/\/tynavesvedsku.com\/index.php\/2022\/12\/14\/5-tohle-vam-o-svedsku-nikdo-nerekne\/\" target=\"_blank\" rel=\"noreferrer noopener\">p\u0159o\u0161la temn\u00fdm obdob\u00edm bez personnummer<\/a>&nbsp;a f\u00e1z\u00ed, kdy jsem se nedobrovoln\u011b dohadovala s&nbsp;ka\u017ed\u00fdm existuj\u00edc\u00edm \u00fa\u0159adem.<\/p>\n\n\n\n<p>Rok zp\u00e1tky jsem ani nev\u011bd\u011bla, jak se&nbsp;<strong>\u0161v\u00e9dsky \u0159ekne n\u00e1zev zem\u011b.<\/strong>&nbsp;Nyn\u00ed si dok\u00e1\u017eu dokonce p\u0159edstavit, co tak asi m\u016f\u017ee znamenat nejdel\u0161\u00ed \u0161v\u00e9dsk\u00e9 slovo z&nbsp;Guinessovy knihy rekord\u016f:&nbsp;<em>nordv\u00e4stersj\u00f6kustartilleriflygspaningssimulatoranl\u00e4ggningsmaterielunderh\u00e5llsuppf\u00f6ljningssystem-diskussionsinl\u00e4ggsf\u00f6rberedelsearbeten.<\/em><\/p>\n\n\n\n<h3 class=\"wp-block-heading\">Na \u00fa\u0159ad\u011b logiku nehledej aneb naposledy to zkou\u0161\u00edm<\/h3>\n\n\n\n<p>Moji&nbsp;<strong>imagin\u00e1rn\u00ed rozlu\u010dku s&nbsp;temn\u00fdm obdob\u00edm prvn\u00edch m\u011bs\u00edc\u016f na severu<\/strong>&nbsp;zahajuji t\u00edm, \u017ee naposledy potr\u00e9nuji \u0161v\u00e9dsk\u00fd \u00fa\u0159ad, a to rovnou kr\u00e1lovnu absurdit mezi v\u0161emi:&nbsp;<em>Arbetsf\u00f6rmedlingen, \u00da\u0159ad pr\u00e1ce<\/em>. Z\u0159ejm\u011b m\u00e1me se \u0160v\u00e9dskem dost&nbsp;<strong>odli\u0161n\u00fd pohled na moji existen\u010dn\u00ed situaci.<\/strong><\/p>\n\n\n\n<p>Naposledy zkou\u0161\u00edm Arbetsf\u00f6rmedlingen v&nbsp;domn\u011bn\u00ed, \u017ee zde vyz\u00edsk\u00e1m n\u011bjak\u00e9 informace k&nbsp;programu&nbsp;<em>Korta V\u00e4gen<\/em>, co\u017e je vzd\u011bl\u00e1vac\u00ed program pro mlad\u00e9 akademiky. Historie&nbsp;<strong>moj\u00ed registrace na tomto veleslavn\u00e9m \u00fa\u0159adu byla pravd\u011bpodobn\u011b nejkrat\u0161\u00ed v&nbsp;cel\u00e9 historii.<\/strong><\/p>\n\n\n\n<p>Na moj\u00ed prvn\u00ed pl\u00e1novac\u00ed sch\u016fzce jsem na ot\u00e1zky \u00fa\u0159ednice odpov\u011bd\u011bla kladn\u011b, \u017ee ano za a) jsem narozen\u00e1 v&nbsp;Evropsk\u00e9 unii, b) m\u00e1m vystudovanou vysokou \u0161kolu, c) 25 let u\u017e mi bylo (minul\u00fd rok), d) p\u0159ivyd\u011bl\u00e1v\u00e1m si na brig\u00e1d\u011b, e) \u0161v\u00e9dsky se u\u010d\u00edm (p\u0159\u00edli\u0161) vzorn\u011b. Kdo by \u0159ekl, \u017ee nad t\u00edmto zaples\u00e1 srdce \u00fa\u0159edn\u00edka, tak jen se m\u00fdl\u00ed \u2013 v\u0161echny vyjmenovan\u00e9 v\u011bci mi nejsou na tomhle \u00fa\u0159adu ke prosp\u011bchu, n\u00fdbr\u017e k&nbsp;t\u00ed\u017ei.<\/p>\n\n\n\n<figure class=\"wp-block-image size-full\"><img loading=\"lazy\" decoding=\"async\" width=\"2560\" height=\"1920\" src=\"https:\/\/tynavesvedsku.com\/wp-content\/uploads\/2023\/01\/IMG_20200418_174047-scaled.jpg\" alt=\"\" class=\"wp-image-475\" srcset=\"https:\/\/tynavesvedsku.com\/wp-content\/uploads\/2023\/01\/IMG_20200418_174047-scaled.jpg 2560w, https:\/\/tynavesvedsku.com\/wp-content\/uploads\/2023\/01\/IMG_20200418_174047-300x225.jpg 300w, https:\/\/tynavesvedsku.com\/wp-content\/uploads\/2023\/01\/IMG_20200418_174047-1024x768.jpg 1024w, https:\/\/tynavesvedsku.com\/wp-content\/uploads\/2023\/01\/IMG_20200418_174047-768x576.jpg 768w, https:\/\/tynavesvedsku.com\/wp-content\/uploads\/2023\/01\/IMG_20200418_174047-1536x1152.jpg 1536w, https:\/\/tynavesvedsku.com\/wp-content\/uploads\/2023\/01\/IMG_20200418_174047-2048x1536.jpg 2048w\" sizes=\"auto, (max-width: 2560px) 100vw, 2560px\" \/><figcaption class=\"wp-element-caption\">Eriksberg.<\/figcaption><\/figure>\n\n\n\n<h3 class=\"wp-block-heading\">Je to ofici\u00e1ln\u00ed \u2013 jsem m\u00e1lo beznad\u011bjn\u00e1<\/h3>\n\n\n\n<p>Na to, abych m\u011bla n\u011bkdy p\u0159\u00edstup ke st\u00e1tn\u00edm podp\u016frn\u00fdm program\u016fm, mus\u00edm b\u00fdt pr\u00fd pln\u011b nezam\u011bstn\u00e1na skoro dva roky v&nbsp;kuse, mnohem mlad\u0161\u00ed a hlavn\u011b bez vysok\u00e9 \u0161koly v&nbsp;kombinaci s&nbsp;ob\u010danstv\u00edm mimo Evropskou unii.&nbsp;<strong>Takhle na \u017e\u00e1dnou pomoc nedos\u00e1hnu<\/strong>&nbsp;a nav\u00edc se budu muset ka\u017ed\u00fd m\u011bs\u00edc prudit s&nbsp;n\u011bjak\u00fdmi reporty, kde p\u00ed\u0161u, kam jsem poslala CV. Jestli tento v\u00fdklad moj\u00ed situace sd\u00edl\u00ed v\u00edce \u00fa\u0159edn\u00edk\u016f nebo jen moje p\u0159id\u011blenkyn\u011b, se nikdy nedozv\u00edm.<\/p>\n\n\n\n<p>Jist\u00e9 je,&nbsp;<strong>\u017ee \u0160v\u00e9dsko m\u00e1 moment\u00e1ln\u011b mnohem v\u00edce pr\u00e1ce<\/strong>&nbsp;s t\u00edm, jak integrovat lidi, kter\u00e9 sem p\u0159inesly v\u0161echny ned\u00e1vn\u00e9 migra\u010dn\u00ed vlny. Tyto skupiny lid\u00ed maj\u00ed dle \u00fa\u0159ad\u016f hor\u0161\u00ed \u0161ance na uplatn\u011bn\u00ed se na trhu pr\u00e1ce, jejich vzd\u011bl\u00e1n\u00ed \u010dasto pot\u0159ebuje doplnit a stoj\u00ed je mnohem v\u00edce \u00fasil\u00ed pobrat jazyk, kter\u00fd se tomu jejich ani za m\u00e1k nepodob\u00e1.<\/p>\n\n\n\n<p>Tak\u017ee. Je to ofici\u00e1ln\u00ed. Jsem nedostate\u010dn\u011b beznad\u011bjn\u00fd p\u0159\u00edpad. Evropanka, co se (zvl\u00e1\u0161t\u011b d\u00edky svoj\u00ed tvrd\u00e9 hlav\u011b) do \u017e\u00e1dn\u00e9 \u0161katulky prost\u011b nevejde. No, co dodat,&nbsp;<strong>je \u010das hledat si vlastn\u00ed cesty a nechat \u00fa\u0159ady u\u017e nadobro b\u00fdt.<\/strong><\/p>\n\n\n\n<h3 class=\"wp-block-heading\">Shled\u00e1n\u00ed s&nbsp;Gilgame\u0161em aneb st\u0159edo\u0161kolsk\u00e1 \u0161v\u00e9d\u0161tina<\/h3>\n\n\n\n<p>Jedna v\u011bc, co se ve \u0160v\u00e9dsku nezm\u011bnila, je moje&nbsp;<strong>intenzivn\u00ed snaha proniknout do tohoto jazyka<\/strong>&nbsp;a st\u00e1t se brzy vzorn\u00fdm pln\u011b zam\u011bstnan\u00fdm ob\u010danem, abych kone\u010dn\u011b mohla platit v\u0161echny ty dan\u011b.<\/p>\n\n\n\n<p>Jednou z&nbsp;du\u0161\u00ed, se kterou sd\u00edl\u00edm touho nau\u010dit se \u0161v\u00e9dsky (pokud mo\u017eno co nejd\u0159\u00edve) je moje kamar\u00e1dka z&nbsp;\u010c\u00edny. V&nbsp;\u010c\u00edn\u011b studovali pr\u00fd na st\u0159edn\u00ed od brzk\u00e9ho r\u00e1na do no\u010dn\u00edch hodin, tud\u00ed\u017e moj\u00ed kamar\u00e1dce<strong>&nbsp;p\u0159ijde \u00fapln\u011b norm\u00e1ln\u00ed, \u017ee po p\u016fl roce studia \u0161v\u00e9dsk\u00e9ho jazyka atakuje \u00farove\u0148 C1,<\/strong>&nbsp;lousk\u00e1 kn\u00ed\u017eky v&nbsp;origin\u00e1le a p\u0159ipravuje si dlouh\u00e9 prezentace s&nbsp;psychologick\u00fdm rozborem postav rom\u00e1nu a komparativn\u00ed jazykov\u00e9 studie mezi \u010d\u00edn\u0161tinou a \u0161v\u00e9d\u0161tinou.<\/p>\n\n\n\n<p>Na\u0161e v\u00e1\u0161e\u0148 pro studium se v\u0161ak v&nbsp;na\u0161\u00ed p\u0159edchoz\u00ed t\u0159\u00edd\u011b rozhodn\u011b&nbsp;<strong>nesetk\u00e1vala s&nbsp;n\u011bjak\u00fdm valn\u00fdm pochopen\u00edm.<\/strong>&nbsp;Spolu\u017e\u00e1ky m\u016f\u017eeme rozd\u011blit do n\u011bkolika kategori\u00ed: ti, kte\u0159\u00ed maj\u00ed na kurz jen 10 t\u00fddn\u016f a v\u011bt\u0161ina z&nbsp;t\u011bchto lid\u00ed je ve \u0160v\u00e9dsku m\u00e9n\u011b ne\u017e rok \u2013 &nbsp;<strong>po roce v\u0161ichni jedeme ve st\u0159edo\u0161kolsk\u00e9 \u0161v\u00e9d\u0161tin\u011b.<\/strong>&nbsp;Specifickou skupinou spolu\u017e\u00e1k\u016f jsou ti, kte\u0159\u00ed maj\u00ed 10 nebo 20 t\u00fddn\u016f na kurz, ale&nbsp;<strong>ani dva t\u00fddny p\u0159ed koncem kurzu nemaj\u00ed nic hotov\u00e9ho.<\/strong>&nbsp;Tito si \u0165ukaj\u00ed na hlavu, pro\u010d tak \u017eeneme, abychom kurz rychle dokon\u010dili? Relax p\u0159ece, vzd\u00e1vat se t\u00fddn\u016f pohody a nicned\u011bl\u00e1n\u00ed ve \u0161kole je p\u0159ece \u00fapln\u00e1 blbost. S&nbsp;touto posledn\u00ed skupinou spolu\u017e\u00e1k\u016f n\u00e1s d\u011bl\u00ed dva rozd\u00edly: chceme za\u010d\u00edt co nejrychleji pracovat a na programy \u00fa\u0159ad\u016f a r\u016fzn\u00e9 dal\u0161\u00ed podpory nedos\u00e1hneme.<\/p>\n\n\n\n<figure class=\"wp-block-image size-full\"><img loading=\"lazy\" decoding=\"async\" width=\"1920\" height=\"2560\" src=\"https:\/\/tynavesvedsku.com\/wp-content\/uploads\/2023\/01\/IMG_20180823_150554-scaled.jpg\" alt=\"\" class=\"wp-image-476\" srcset=\"https:\/\/tynavesvedsku.com\/wp-content\/uploads\/2023\/01\/IMG_20180823_150554-scaled.jpg 1920w, https:\/\/tynavesvedsku.com\/wp-content\/uploads\/2023\/01\/IMG_20180823_150554-225x300.jpg 225w, https:\/\/tynavesvedsku.com\/wp-content\/uploads\/2023\/01\/IMG_20180823_150554-768x1024.jpg 768w, https:\/\/tynavesvedsku.com\/wp-content\/uploads\/2023\/01\/IMG_20180823_150554-1152x1536.jpg 1152w, https:\/\/tynavesvedsku.com\/wp-content\/uploads\/2023\/01\/IMG_20180823_150554-1536x2048.jpg 1536w\" sizes=\"auto, (max-width: 1920px) 100vw, 1920px\" \/><figcaption class=\"wp-element-caption\">Funkce policie ve \u0160v\u00e9dsku. Kone\u010dn\u011b doma!<\/figcaption><\/figure>\n\n\n\n<p>Ale&nbsp;<strong>kurzy \u0161v\u00e9d\u0161tiny m\u011bn\u00edm rychleji ne\u017e pono\u017eky<\/strong>&nbsp;a tak jsem za p\u00e1r t\u00fddn\u016f v&nbsp;dal\u0161\u00edm kurzu s&nbsp;\u00fapln\u011b jin\u00fdmi lidmi. S&nbsp;kurzy roste n\u00e1ro\u010dnost a tyhle kurzy u\u017e bez po\u0159\u00e1dn\u00e9 d\u00e1vky motivace dod\u011blat nejde. Ji\u017e jsem si pro\u0161la cel\u00fdm SFI&nbsp;<em>(Svenska f\u00f6r Invandrare aneb \u0160v\u00e9d\u0161tina pro cizince)<\/em>&nbsp;a ji\u017e jsem v&nbsp;druh\u00e9 ze t\u0159\u00ed \u010d\u00e1st\u00ed kurzu SAS&nbsp;<em>(Svenska som andra spr\u00e5k, \u0160v\u00e9d\u0161tina jako druh\u00fd jazyk)<\/em>. Tento kurz m\u00e1 3 \u010d\u00e1sti a div\u00edm se, jak je to mo\u017en\u00e9, \u017ee mezi jednotliv\u00fdmi \u010d\u00e1stmi jsou poka\u017ed\u00e9 takov\u00e9 skokov\u00e9 rozd\u00edly.<\/p>\n\n\n\n<p>Nen\u00ed se (\u010das) \u010demu divit, po absolvov\u00e1n\u00ed posledn\u00edho kurzu se m\u016f\u017eeme hl\u00e1sit na vysokou ve \u0161v\u00e9d\u0161tin\u011b, tak bychom teoreticky m\u011bli n\u011bco um\u011bt. A tak vyr\u00e1b\u00edme prezentace a kni\u017en\u00ed anal\u00fdzy a p\u00ed\u0161eme komparativn\u00ed studie o \u0161v\u00e9d\u0161tin\u011b a mate\u0159sk\u00e9m jazyku. \u00c1\u010dko? Tak to je pot\u0159eba vypotit&nbsp;<strong>semin\u00e1rku o jazykov\u00fdch rozd\u00edlech minim\u00e1ln\u011b na 10-15 str\u00e1nek.<\/strong>&nbsp;S&nbsp;nostalgi\u00ed vzpom\u00edn\u00e1m na gymnazi\u00e1ln\u00ed l\u00e9ta, kdy\u017e se znovu prob\u00edr\u00e1m tolik nen\u00e1vid\u011bn\u00fdmi liter\u00e1rn\u00edmi \u017e\u00e1nry a ne\u010ditelnou antickou literaturou. Znovu se potk\u00e1v\u00e1m se star\u00fdm zn\u00e1m\u00fdm Gilgame\u0161em a jeho eposem. Eufemismy, symbolismy, metafory a personifikace jsou moj\u00ed novou mantrou.<\/p>\n\n\n\n<h3 class=\"wp-block-heading\">Moje mil\u00e1 ide\u00e1ln\u011bj\u0161\u00ed pr\u00e1ce, st\u00e1le na Tebe \u010dek\u00e1m<\/h3>\n\n\n\n<p>N\u011bkdy zapom\u00edn\u00e1m, pro\u010d \u017ee to vlastn\u011b beru v\u0161echno tak obklikou. Pro\u010d si \u0159adu m\u011bs\u00edc\u016f l\u00e1mu hlavu nad n\u011bjak\u00fdm seversk\u00fdm jazykem. Pak si vlastn\u011b vzpomenu:&nbsp;<strong>aha, v&nbsp;pr\u00e1ci se tady skoro v\u0161ude mluv\u00ed \u00fa\u0159edn\u00edm jazykem t\u00e9hle zem\u011b, ve kter\u00e9 zrovna bydl\u00edm \u2013 \u0161v\u00e9dsky.<\/strong><\/p>\n\n\n\n<p>Jedna v\u00fdzva je nau\u010dit se \u0161v\u00e9dsky. Druh\u00e1 v\u00fdzva je naj\u00edt si&nbsp;<strong>zam\u011bstn\u00e1n\u00ed, kter\u00e9 bude trval\u00e9 a stabiln\u00ed<\/strong>&nbsp;a u kter\u00e9ho nebudu muset pokud mo\u017eno ka\u017edou sm\u011bnu nad\u00e1vat na&nbsp;<em>po-m\u011b-potopa-kolegy<\/em>, jejich\u017e metody t\u00fdmov\u00e9 pr\u00e1ce ve stylu&nbsp;<em>j\u00e1 se na to vyka\u0161lu, z\u00edtra to za m\u011b ud\u011bl\u00e1 n\u011bjak\u00fd chud\u00e1k<\/em>, jsou fakt ke vzteku. Zam\u011bstn\u00e1n\u00ed, kde bude pokud mo\u017eno n\u011bjak\u00e1 jin\u00e1 n\u00e1pl\u0148 pr\u00e1ce ne\u017e stl\u00e1t postele. S&nbsp;rostouc\u00edm mno\u017estv\u00edm uklizen\u00fdch pokoj\u016f ve mn\u011b ale<strong>&nbsp;roste zoufalstv\u00ed, \u017ee snad ve \u0160v\u00e9dsku nav\u017edy z\u016fstanu pokojskou.<\/strong><\/p>\n\n\n<div class=\"wp-block-image\">\n<figure class=\"aligncenter\" id=\"attachment_26813\"><img decoding=\"async\" src=\"https:\/\/mladiinfo.cz\/\/wp-content\/uploads\/2018\/11\/45705381_566581153791874_524485287175258112_n-225x300.jpg\" alt=\"\" class=\"wp-image-26813\"\/><figcaption class=\"wp-element-caption\"><em>P\u016flka listopadu a je\u0161t\u011b se d\u00e1 vyl\u00e9zt ven. <\/em><\/figcaption><\/figure>\n<\/div>\n\n\n<p>Po p\u016fl roce ukl\u00edzen\u00ed netrp\u011bliv\u011b&nbsp;<strong>vyhl\u00ed\u017e\u00edm moment, kdy se naskytne n\u011bjak\u00e1 ide\u00e1ln\u011bj\u0161\u00ed pr\u00e1ce.<\/strong>&nbsp;Ide\u00e1ln\u011bj\u0161\u00ed, co\u017e je pr\u00e1v\u011b k\u00e1men \u00farazu. Pr\u00e1ci, kter\u00e1 v\u00e1s u\u017eiv\u00ed a nen\u00ed moc odborn\u00e1, ve \u0160v\u00e9dsku najdete s&nbsp;trochou \u0161t\u011bst\u00ed v\u017edycky. Ale touha d\u011blat n\u011bco pohodln\u011bj\u0161\u00edho tady bude v\u017edycky. Sed\u00edm doma u po\u010d\u00edta\u010de a odepisuji na inzer\u00e1ty, kdy se na jednu pozici recep\u010dn\u00ed hl\u00e1s\u00ed vyjma m\u011b 197 dal\u0161\u00edch lid\u00ed. <\/p>\n\n\n\n<p>Ka\u017ed\u00fd den m\u00e1m svoj\u00ed denn\u00ed d\u00e1vkou odm\u00edtnut\u00ed z&nbsp;r\u016fzn\u00fdch pozic\u00ed. Vt\u00edraj\u00ed se mi my\u0161lenky, \u017ee&nbsp;<strong>v&nbsp;\u010cech\u00e1ch bych to m\u011bla ur\u010dit\u011b jednodu\u0161\u0161\u00ed.<\/strong>&nbsp;Uf\u0148ukan\u00e9 ve\u010dery a hlubok\u00e1 zoufalstv\u00ed jsou na denn\u00edm po\u0159\u00e1dku. \u017divot je ale dostate\u010dn\u011b nadan\u00fd vtip\u00e1lek na to, aby mi v&nbsp;okam\u017eic\u00edch nejvy\u0161\u0161\u00ed hysterie naserv\u00edroval n\u011bjak\u00e9 zlomyslnosti, abych&nbsp;<strong>se probudila z nikam nevedouc\u00ed sebel\u00edtosti<\/strong>. V&nbsp;doru\u010den\u00e9 po\u0161t\u011b m\u00e1m ne jednu pozv\u00e1nku na opravdick\u00fd pohovor na pozici slouhy st\u00e1tn\u00ed moci, n\u00fdbr\u017e rovnou dv\u011b.<\/p>\n\n\n\n<h3 class=\"wp-block-heading\">Vtip\u00e1lek \u017divot<\/h3>\n\n\n\n<p>\u0160v\u00e9dsko a v\u016fbec \u017eivot tady je&nbsp;<strong>vlastn\u011b celkem sranda.<\/strong>&nbsp;Za\u0159ekla jsem se, \u017ee&nbsp;<strong>v&nbsp;\u017eivot\u011b nebudu nikdy d\u011blat dv\u011b povol\u00e1n\u00ed: \u0159idi\u010de autobusu a bacha\u0159e ve v\u011bznici.<\/strong>&nbsp;Za p\u00e1r dn\u00ed si m\u016f\u017eu gratulovat k&nbsp;absolvov\u00e1n\u00ed hodinov\u00e9ho pohovoru ve \u0161v\u00e9d\u0161tin\u011b.&nbsp;<strong>Na pozici bacha\u0159ky.<\/strong>&nbsp;Napl\u0148uje m\u011b hrdost\u00ed,&nbsp;<strong>\u017ee jsem se nerozbre\u010dela<\/strong>&nbsp;u prav\u00e9ho pohovoru-v\u00fdslechu v&nbsp;bacha\u0159sk\u00e9m stylu ani u jedn\u00e9 ze zhruba sto ot\u00e1zek na t\u00e9ma<em>&nbsp;m\u016fj vztah k&nbsp;v\u011bzen\u00ed a trestan\u00fdm osob\u00e1m<\/em>. <\/p>\n\n\n\n<p>\u0160ance, \u017ee pr\u00e1ci opravdu dostanu, jsou nevelk\u00e9, ale jsem na sebe hrd\u00e1, \u017ee&nbsp;<strong>jsem pohovor se ct\u00ed absolvovala.<\/strong>&nbsp;Vzhledem k&nbsp;tomu, \u017ee je tady v\u0161echno pro m\u011b boj, pou\u0161t\u00edm se i do v\u011bc\u00ed,&nbsp;<strong>na kter\u00e9 bych nem\u011bla mo\u017en\u00e1 odvahu ani doma v&nbsp;\u010cech\u00e1ch.<\/strong>&nbsp;<\/p>\n\n\n\n<p>Hranice nemo\u017en\u00e9ho se posouvaj\u00ed. Na dal\u0161\u00ed, v&nbsp;po\u0159ad\u00ed u\u017e druh\u00fd, skupinov\u00fd pohovor na Imigra\u010dn\u00edm se u\u017e celkem t\u011b\u0161\u00edm, jeliko\u017e jsem ji\u017e p\u00e1r m\u011bs\u00edc\u016f nesly\u0161ela, jak se maj\u00ed d\u011bti HR mana\u017eera Svena. Ano, zd\u00e1 se, \u017ee oznamovat po\u010det d\u011bt\u00ed a kr\u00e1l\u00edk\u016f je&nbsp;n\u011bjakou z\u00e1hadou sou\u010d\u00e1st n\u00e1borov\u00fdch taktik v tomto \u00fa\u0159adu.<\/p>\n\n\n\n<h3 class=\"wp-block-heading\">Karma mi to v\u0161echno vrac\u00ed<\/h3>\n\n\n\n<p>Tady ve \u0160v\u00e9dsku je pot\u0159eba m\u00edt na v\u0161echny pohovory spolupracovn\u00edky, kter\u00e9 se za v\u00e1s zaru\u010d\u00ed, tedy reference.&nbsp;<strong>Je t\u011b\u017ek\u00e9 si takov\u00e9 relevatn\u00ed osoby obstarat, kdy\u017e jste tady nov\u00e1\u010dek.<\/strong>&nbsp;Na\u0161t\u011bst\u00ed s&nbsp;d\u00e1vkou kreativity to jde a p\u0159ekon\u00e1v\u00e1m i tuhle p\u0159ek\u00e1\u017eku: m\u00e1m reference, hur\u00e1! Vrac\u00ed se mi tak dlouhodob\u00e9 dobrovolnictv\u00ed v&nbsp;\u010cerven\u00e9m k\u0159\u00ed\u017ei, kdy jsem si ud\u011blala spoustu zn\u00e1m\u00fdch, kte\u0159\u00ed jsou ochotni o m\u011b prohodit p\u00e1r dobr\u00fdch slov se zv\u011bdav\u00fdmi zam\u011bstnavateli. <\/p>\n\n\n\n<p>\u0160v\u00e9dsko z\u0159ejm\u011b \u00faro\u010d\u00ed i l\u00e9ta moj\u00ed snahy pom\u00e1hat lidem okolo sebe s&nbsp;\u017eivotopisy a nad\u011bl\u00ed mi skrze mentorsk\u00fd program pro ml\u00e1de\u017e se zahrani\u010dn\u00edm p\u016fvodem skv\u011blou mentorku. Mladou aspirantku na soudkyni, kter\u00e1 mi dod\u00e1v\u00e1 odvahu neztratit odvahu a je ochotn\u00e1 mi se za\u010d\u00e1tky a hled\u00e1n\u00edm pr\u00e1ce ve \u0160v\u00e9dsku pomoci. Znovu se ukazuje, \u017ee se v\u0161echny tyto akvitity vypl\u00e1c\u00ed!<\/p>\n\n\n\n<figure class=\"wp-block-image size-large\"><img loading=\"lazy\" decoding=\"async\" width=\"1024\" height=\"485\" src=\"https:\/\/tynavesvedsku.com\/wp-content\/uploads\/2022\/12\/20221127_143053-1024x485.jpg\" alt=\"\" class=\"wp-image-206\" srcset=\"https:\/\/tynavesvedsku.com\/wp-content\/uploads\/2022\/12\/20221127_143053-1024x485.jpg 1024w, https:\/\/tynavesvedsku.com\/wp-content\/uploads\/2022\/12\/20221127_143053-300x142.jpg 300w, https:\/\/tynavesvedsku.com\/wp-content\/uploads\/2022\/12\/20221127_143053-768x364.jpg 768w, https:\/\/tynavesvedsku.com\/wp-content\/uploads\/2022\/12\/20221127_143053-1536x728.jpg 1536w, https:\/\/tynavesvedsku.com\/wp-content\/uploads\/2022\/12\/20221127_143053-2048x971.jpg 2048w\" sizes=\"auto, (max-width: 1024px) 100vw, 1024px\" \/><figcaption class=\"wp-element-caption\">Sv\u00edt\u00e1 na lep\u0161\u00ed \u010dasy&#8230; Snad..<\/figcaption><\/figure>\n\n\n\n<h3 class=\"wp-block-heading\">Vysok\u00e9 n\u00e1roky-rychl\u00e1 cesta do bl\u00e1zince!<\/h3>\n\n\n\n<p>Ka\u017ed\u00e1 n\u00e1v\u0161teva dom\u016f do \u010cech znamen\u00e1&nbsp;<strong>obhajovat se, \u017ee odst\u011bhovat se na Sever nebyla \u00fapln\u00e1 blbost.<\/strong>&nbsp;Obhajovat se p\u0159ed k\u00fdm? P\u0159ed ostatn\u00edmi nebo vlastn\u011b sama p\u0159ed sebou? Pravdou je, \u017ee taktika&nbsp;<em>n\u011bjak to dopadne<\/em>&nbsp;se osv\u011bd\u010dila jako&nbsp;<strong>nedostate\u010dn\u00e1 psychick\u00e1 p\u0159\u00edprava na \u017eivot ve \u0160v\u00e9dsku<\/strong>, i kdy\u017e bez n\u00ed bych odvahu odjet nikdy nesebrala. <\/p>\n\n\n\n<p>Domy stav\u00ed a d\u011bti plod\u00ed nyn\u00ed u\u017e krom\u011b spolu\u017e\u00e1k\u016f ze z\u00e1kladky i kamar\u00e1di z&nbsp;vysok\u00e9. A vy,&nbsp;<strong>kdysi nad\u011bjn\u00e1 osoba, vypr\u00e1v\u00edte \u0161okovan\u00fdm zn\u00e1m\u00fdm z \u010cech o sv\u00e9m \u017eivot\u011b<\/strong>&nbsp;nezam\u011bstnan\u00e9 studentky \u0161v\u00e9d\u0161tiny, co si p\u0159ivyd\u011bl\u00e1v\u00e1 stlan\u00edm postel\u00ed v&nbsp;hotelu. M\u016fj moment\u00e1ln\u00ed \u017eivot ve \u0160v\u00e9dsku je na hony vzd\u00e1len\u00fd tomu pohodln\u00e9mu \u017eivotu, co bych mohla m\u00edt \u2013 a pravd\u011bpodobn\u011b m\u011bla \u2013 v&nbsp;\u010cech\u00e1ch.<\/p>\n\n\n\n<p>Je t\u0159eba si p\u0159iznat, \u017ee m\u00edra stresu p\u0159i pobytu v&nbsp;zahrani\u010d\u00ed je fakt jen na v\u00e1s. M\u016f\u017ee se na v\u00e1s lepit sm\u016fla od za\u010d\u00e1tku do konce, ale pokud&nbsp;<strong>&nbsp;je\u0161t\u011b ke v\u0161emu budete pro\u017e\u00edvat svoje utrpen\u00ed tak intenzivn\u011b jako j\u00e1, t\u00edm h\u016f\u0159e pro v\u00e1s.<\/strong>&nbsp;Jestli jsem se n\u011bco za t\u011bch posledn\u00edch deset m\u011bs\u00edc\u016f nau\u010dila, tak to je, \u017ee m\u011b&nbsp;<strong>moje vlastn\u00ed n\u00e1roky a po\u017eadavky na sebe dost zab\u00edj\u00ed a p\u0159ipravuj\u00ed o pohodu.<\/strong><\/p>\n\n\n\n<p>Potkala jsem tady u\u017e kone\u010dn\u011b docela dost lid\u00ed na to, abych si uv\u011bdomila, \u017ee by bylo celkem norm\u00e1ln\u00ed, kdybych po deseti m\u011bs\u00edc\u00edch ve \u0160v\u00e9dsku je\u0161t\u011b jazykem nemluvila. \u017de je celkem norm\u00e1ln\u00ed, \u017ee m\u00e1m jen brig\u00e1du m\u00edsto toho, abych se py\u0161nila stabiln\u00edm m\u00edstem na pln\u00fd \u00favazek. A tak n\u011bjak jsem kone\u010dn\u011b schopna vid\u011bt, jak<strong>&nbsp;stra\u0161n\u011b subjektivn\u00ed je vn\u00edm\u00e1n\u00ed vlastn\u00ed \u017eivotn\u00ed situace.<\/strong><\/p>\n\n\n\n<p>T\u00e1hne mi na t\u0159ic\u00edtku a p\u0159ed domem je\u0161t\u011b nem\u00e1m Mercedes, ale p\u0159est\u00e1v\u00e1m postupn\u011b sp\u011bchat, myslet na svoj\u00ed d\u00edru v \u017eivotopisu a dumat nad do\u010dasn\u011b nevaln\u00fdmi kari\u00e9rn\u00edmi vyhl\u00eddkami. Proto\u017ee m\u00edsto auta p\u0159ed bar\u00e1kem&nbsp;<strong>se u\u010d\u00edm o dal\u0161\u00edm kousku sv\u011bta, ovl\u00e1d\u00e1m slu\u0161n\u011b dal\u0161\u00ed ciz\u00ed jazyk a st\u0159et\u00e1v\u00e1m se s lidmi a n\u00e1zory<\/strong>, se kter\u00fdmi bych se doma nikdy nekonfrontovala.<\/p>\n\n\n\n<p>A tak se kone\u010dn\u011b po deseti m\u011bs\u00edc\u00edch koch\u00e1m t\u00edm z\u00e1zrakem, \u017ee jsem se svoj\u00ed umanutou n\u00e1turou prvn\u00ed temn\u00e9 m\u011bs\u00edce ve \u0160v\u00e9dsku zd\u00e1rn\u011b p\u0159e\u017eila.<\/p>\n\n\n\n<p><em>\u010cl\u00e1nek byl p\u016fvodn\u011b publikov\u00e1n autorkou&nbsp;<a href=\"https:\/\/www.mladiinfo.cz\/\" target=\"_blank\" rel=\"noreferrer noopener\">na str\u00e1nce Mladiinfo v roce 2018.<\/a>&nbsp;Pro v\u011bt\u0161\u00ed p\u0159ehlednost je \u010dl\u00e1nek p\u0159esunut na&nbsp;<a href=\"https:\/\/tynavesvedsku.com\/\" target=\"_blank\" rel=\"noreferrer noopener\">tento odd\u011blen\u00fd blog.<\/a><\/em><\/p>\n","protected":false},"excerpt":{"rendered":"<p>M\u00edsto toho, abych n\u00e1sledovala svoj\u00ed p\u0159edur\u010denou \u017eivotn\u00ed dr\u00e1hu, jsem se rozhodla vz\u00edt to za druh\u00fd [&hellip;]<\/p>\n","protected":false},"author":1,"featured_media":475,"comment_status":"closed","ping_status":"closed","sticky":false,"template":"","format":"standard","meta":{"_monsterinsights_skip_tracking":false,"_monsterinsights_sitenote_active":false,"_monsterinsights_sitenote_note":"","_monsterinsights_sitenote_category":0,"_jetpack_memberships_contains_paid_content":false,"footnotes":"","jetpack_publicize_message":"","jetpack_publicize_feature_enabled":true,"jetpack_social_post_already_shared":true,"jetpack_social_options":{"image_generator_settings":{"template":"highway","default_image_id":0,"font":"","enabled":false},"version":2}},"categories":[5],"tags":[23,21,28,26,27],"class_list":["post-474","post","type-post","status-publish","format-standard","has-post-thumbnail","hentry","category-vypraveni","tag-arbetsformedlingen","tag-personnummer","tag-prace-ve-svedsku","tag-sfi","tag-svedsko"],"yoast_head":"<!-- This site is optimized with the Yoast SEO plugin v27.5 - https:\/\/yoast.com\/product\/yoast-seo-wordpress\/ -->\n<title>Beru \u0160v\u00e9dsko na milost! - M\u016fj \u017eivot ve \u0160v\u00e9dsku<\/title>\n<meta name=\"description\" content=\"M\u00edsto toho, abych n\u00e1sledovala svoj\u00ed p\u0159edur\u010denou \u017eivotn\u00ed dr\u00e1hu svatba-pr\u00e1ce-d\u00edt\u011b-d\u016fm-pes, jsem se rozhodla vz\u00edt to za druh\u00fd konec.\" \/>\n<meta name=\"robots\" content=\"index, follow, max-snippet:-1, max-image-preview:large, max-video-preview:-1\" \/>\n<link rel=\"canonical\" href=\"https:\/\/tynavesvedsku.com\/index.php\/2023\/01\/06\/beru-svedsko-na-milost\/\" \/>\n<meta property=\"og:locale\" content=\"cs_CZ\" \/>\n<meta property=\"og:type\" content=\"article\" \/>\n<meta property=\"og:title\" content=\"Beru \u0160v\u00e9dsko na milost! - M\u016fj \u017eivot ve \u0160v\u00e9dsku\" \/>\n<meta property=\"og:description\" content=\"M\u00edsto toho, abych n\u00e1sledovala svoj\u00ed p\u0159edur\u010denou \u017eivotn\u00ed dr\u00e1hu svatba-pr\u00e1ce-d\u00edt\u011b-d\u016fm-pes, jsem se rozhodla vz\u00edt to za druh\u00fd konec.\" \/>\n<meta property=\"og:url\" content=\"https:\/\/tynavesvedsku.com\/index.php\/2023\/01\/06\/beru-svedsko-na-milost\/\" \/>\n<meta property=\"og:site_name\" content=\"M\u016fj \u017eivot ve \u0160v\u00e9dsku\" \/>\n<meta property=\"article:published_time\" content=\"2023-01-06T13:24:55+00:00\" \/>\n<meta property=\"article:modified_time\" content=\"2023-01-06T13:46:48+00:00\" \/>\n<meta property=\"og:image\" content=\"https:\/\/tynavesvedsku.com\/wp-content\/uploads\/2023\/01\/IMG_20200418_174047-scaled.jpg\" \/>\n\t<meta property=\"og:image:width\" content=\"2560\" \/>\n\t<meta property=\"og:image:height\" content=\"1920\" \/>\n\t<meta property=\"og:image:type\" content=\"image\/jpeg\" \/>\n<meta name=\"author\" content=\"tyna\" \/>\n<meta name=\"twitter:card\" content=\"summary_large_image\" \/>\n<meta name=\"twitter:label1\" content=\"Napsal(a)\" \/>\n\t<meta name=\"twitter:data1\" content=\"tyna\" \/>\n\t<meta name=\"twitter:label2\" content=\"Odhadovan\u00e1 doba \u010dten\u00ed\" \/>\n\t<meta name=\"twitter:data2\" content=\"11 minut\" \/>\n<script type=\"application\/ld+json\" class=\"yoast-schema-graph\">{\"@context\":\"https:\\\/\\\/schema.org\",\"@graph\":[{\"@type\":\"Article\",\"@id\":\"https:\\\/\\\/tynavesvedsku.com\\\/index.php\\\/2023\\\/01\\\/06\\\/beru-svedsko-na-milost\\\/#article\",\"isPartOf\":{\"@id\":\"https:\\\/\\\/tynavesvedsku.com\\\/index.php\\\/2023\\\/01\\\/06\\\/beru-svedsko-na-milost\\\/\"},\"author\":{\"name\":\"tyna\",\"@id\":\"https:\\\/\\\/tynavesvedsku.com\\\/#\\\/schema\\\/person\\\/911bb2cdceaf0b9d4c7d56be12f730ec\"},\"headline\":\"Beru \u0160v\u00e9dsko na milost!\",\"datePublished\":\"2023-01-06T13:24:55+00:00\",\"dateModified\":\"2023-01-06T13:46:48+00:00\",\"mainEntityOfPage\":{\"@id\":\"https:\\\/\\\/tynavesvedsku.com\\\/index.php\\\/2023\\\/01\\\/06\\\/beru-svedsko-na-milost\\\/\"},\"wordCount\":2674,\"image\":{\"@id\":\"https:\\\/\\\/tynavesvedsku.com\\\/index.php\\\/2023\\\/01\\\/06\\\/beru-svedsko-na-milost\\\/#primaryimage\"},\"thumbnailUrl\":\"https:\\\/\\\/tynavesvedsku.com\\\/wp-content\\\/uploads\\\/2023\\\/01\\\/IMG_20200418_174047-scaled.jpg\",\"keywords\":[\"Arbetsf\u00f6rmedlingen\",\"personnummer\",\"pr\u00e1ce ve \u0160v\u00e9dsku\",\"SFI\",\"\u0160v\u00e9dsko\"],\"articleSection\":[\"Vypr\u00e1v\u011bn\u00ed\"],\"inLanguage\":\"cs\"},{\"@type\":\"WebPage\",\"@id\":\"https:\\\/\\\/tynavesvedsku.com\\\/index.php\\\/2023\\\/01\\\/06\\\/beru-svedsko-na-milost\\\/\",\"url\":\"https:\\\/\\\/tynavesvedsku.com\\\/index.php\\\/2023\\\/01\\\/06\\\/beru-svedsko-na-milost\\\/\",\"name\":\"Beru \u0160v\u00e9dsko na milost! - M\u016fj \u017eivot ve \u0160v\u00e9dsku\",\"isPartOf\":{\"@id\":\"https:\\\/\\\/tynavesvedsku.com\\\/#website\"},\"primaryImageOfPage\":{\"@id\":\"https:\\\/\\\/tynavesvedsku.com\\\/index.php\\\/2023\\\/01\\\/06\\\/beru-svedsko-na-milost\\\/#primaryimage\"},\"image\":{\"@id\":\"https:\\\/\\\/tynavesvedsku.com\\\/index.php\\\/2023\\\/01\\\/06\\\/beru-svedsko-na-milost\\\/#primaryimage\"},\"thumbnailUrl\":\"https:\\\/\\\/tynavesvedsku.com\\\/wp-content\\\/uploads\\\/2023\\\/01\\\/IMG_20200418_174047-scaled.jpg\",\"datePublished\":\"2023-01-06T13:24:55+00:00\",\"dateModified\":\"2023-01-06T13:46:48+00:00\",\"author\":{\"@id\":\"https:\\\/\\\/tynavesvedsku.com\\\/#\\\/schema\\\/person\\\/911bb2cdceaf0b9d4c7d56be12f730ec\"},\"description\":\"M\u00edsto toho, abych n\u00e1sledovala svoj\u00ed p\u0159edur\u010denou \u017eivotn\u00ed dr\u00e1hu svatba-pr\u00e1ce-d\u00edt\u011b-d\u016fm-pes, jsem se rozhodla vz\u00edt to za druh\u00fd konec.\",\"breadcrumb\":{\"@id\":\"https:\\\/\\\/tynavesvedsku.com\\\/index.php\\\/2023\\\/01\\\/06\\\/beru-svedsko-na-milost\\\/#breadcrumb\"},\"inLanguage\":\"cs\",\"potentialAction\":[{\"@type\":\"ReadAction\",\"target\":[\"https:\\\/\\\/tynavesvedsku.com\\\/index.php\\\/2023\\\/01\\\/06\\\/beru-svedsko-na-milost\\\/\"]}]},{\"@type\":\"ImageObject\",\"inLanguage\":\"cs\",\"@id\":\"https:\\\/\\\/tynavesvedsku.com\\\/index.php\\\/2023\\\/01\\\/06\\\/beru-svedsko-na-milost\\\/#primaryimage\",\"url\":\"https:\\\/\\\/tynavesvedsku.com\\\/wp-content\\\/uploads\\\/2023\\\/01\\\/IMG_20200418_174047-scaled.jpg\",\"contentUrl\":\"https:\\\/\\\/tynavesvedsku.com\\\/wp-content\\\/uploads\\\/2023\\\/01\\\/IMG_20200418_174047-scaled.jpg\",\"width\":2560,\"height\":1920},{\"@type\":\"BreadcrumbList\",\"@id\":\"https:\\\/\\\/tynavesvedsku.com\\\/index.php\\\/2023\\\/01\\\/06\\\/beru-svedsko-na-milost\\\/#breadcrumb\",\"itemListElement\":[{\"@type\":\"ListItem\",\"position\":1,\"name\":\"Home\",\"item\":\"https:\\\/\\\/tynavesvedsku.com\\\/\"},{\"@type\":\"ListItem\",\"position\":2,\"name\":\"Beru \u0160v\u00e9dsko na milost!\"}]},{\"@type\":\"WebSite\",\"@id\":\"https:\\\/\\\/tynavesvedsku.com\\\/#website\",\"url\":\"https:\\\/\\\/tynavesvedsku.com\\\/\",\"name\":\"M\u016fj \u017eivot ve \u0160v\u00e9dsku\",\"description\":\"Blog o \u0161v\u00e9d\u0161tin\u011b, cestov\u00e1n\u00ed a \u017eivot\u011b ve \u0160v\u00e9dsku\",\"potentialAction\":[{\"@type\":\"SearchAction\",\"target\":{\"@type\":\"EntryPoint\",\"urlTemplate\":\"https:\\\/\\\/tynavesvedsku.com\\\/?s={search_term_string}\"},\"query-input\":{\"@type\":\"PropertyValueSpecification\",\"valueRequired\":true,\"valueName\":\"search_term_string\"}}],\"inLanguage\":\"cs\"},{\"@type\":\"Person\",\"@id\":\"https:\\\/\\\/tynavesvedsku.com\\\/#\\\/schema\\\/person\\\/911bb2cdceaf0b9d4c7d56be12f730ec\",\"name\":\"tyna\",\"image\":{\"@type\":\"ImageObject\",\"inLanguage\":\"cs\",\"@id\":\"https:\\\/\\\/secure.gravatar.com\\\/avatar\\\/04410c153f8418bab509dfe23b92b5c8343e18b5be3958974c7b7f00fdb9b863?s=96&d=mm&r=g\",\"url\":\"https:\\\/\\\/secure.gravatar.com\\\/avatar\\\/04410c153f8418bab509dfe23b92b5c8343e18b5be3958974c7b7f00fdb9b863?s=96&d=mm&r=g\",\"contentUrl\":\"https:\\\/\\\/secure.gravatar.com\\\/avatar\\\/04410c153f8418bab509dfe23b92b5c8343e18b5be3958974c7b7f00fdb9b863?s=96&d=mm&r=g\",\"caption\":\"tyna\"},\"sameAs\":[\"http:\\\/\\\/tynavesvedsku.com\"],\"url\":\"https:\\\/\\\/tynavesvedsku.com\\\/index.php\\\/author\\\/tyna\\\/\"}]}<\/script>\n<!-- \/ Yoast SEO plugin. -->","yoast_head_json":{"title":"Beru \u0160v\u00e9dsko na milost! - M\u016fj \u017eivot ve \u0160v\u00e9dsku","description":"M\u00edsto toho, abych n\u00e1sledovala svoj\u00ed p\u0159edur\u010denou \u017eivotn\u00ed dr\u00e1hu svatba-pr\u00e1ce-d\u00edt\u011b-d\u016fm-pes, jsem se rozhodla vz\u00edt to za druh\u00fd konec.","robots":{"index":"index","follow":"follow","max-snippet":"max-snippet:-1","max-image-preview":"max-image-preview:large","max-video-preview":"max-video-preview:-1"},"canonical":"https:\/\/tynavesvedsku.com\/index.php\/2023\/01\/06\/beru-svedsko-na-milost\/","og_locale":"cs_CZ","og_type":"article","og_title":"Beru \u0160v\u00e9dsko na milost! - M\u016fj \u017eivot ve \u0160v\u00e9dsku","og_description":"M\u00edsto toho, abych n\u00e1sledovala svoj\u00ed p\u0159edur\u010denou \u017eivotn\u00ed dr\u00e1hu svatba-pr\u00e1ce-d\u00edt\u011b-d\u016fm-pes, jsem se rozhodla vz\u00edt to za druh\u00fd konec.","og_url":"https:\/\/tynavesvedsku.com\/index.php\/2023\/01\/06\/beru-svedsko-na-milost\/","og_site_name":"M\u016fj \u017eivot ve \u0160v\u00e9dsku","article_published_time":"2023-01-06T13:24:55+00:00","article_modified_time":"2023-01-06T13:46:48+00:00","og_image":[{"width":2560,"height":1920,"url":"https:\/\/tynavesvedsku.com\/wp-content\/uploads\/2023\/01\/IMG_20200418_174047-scaled.jpg","type":"image\/jpeg"}],"author":"tyna","twitter_card":"summary_large_image","twitter_misc":{"Napsal(a)":"tyna","Odhadovan\u00e1 doba \u010dten\u00ed":"11 minut"},"schema":{"@context":"https:\/\/schema.org","@graph":[{"@type":"Article","@id":"https:\/\/tynavesvedsku.com\/index.php\/2023\/01\/06\/beru-svedsko-na-milost\/#article","isPartOf":{"@id":"https:\/\/tynavesvedsku.com\/index.php\/2023\/01\/06\/beru-svedsko-na-milost\/"},"author":{"name":"tyna","@id":"https:\/\/tynavesvedsku.com\/#\/schema\/person\/911bb2cdceaf0b9d4c7d56be12f730ec"},"headline":"Beru \u0160v\u00e9dsko na milost!","datePublished":"2023-01-06T13:24:55+00:00","dateModified":"2023-01-06T13:46:48+00:00","mainEntityOfPage":{"@id":"https:\/\/tynavesvedsku.com\/index.php\/2023\/01\/06\/beru-svedsko-na-milost\/"},"wordCount":2674,"image":{"@id":"https:\/\/tynavesvedsku.com\/index.php\/2023\/01\/06\/beru-svedsko-na-milost\/#primaryimage"},"thumbnailUrl":"https:\/\/tynavesvedsku.com\/wp-content\/uploads\/2023\/01\/IMG_20200418_174047-scaled.jpg","keywords":["Arbetsf\u00f6rmedlingen","personnummer","pr\u00e1ce ve \u0160v\u00e9dsku","SFI","\u0160v\u00e9dsko"],"articleSection":["Vypr\u00e1v\u011bn\u00ed"],"inLanguage":"cs"},{"@type":"WebPage","@id":"https:\/\/tynavesvedsku.com\/index.php\/2023\/01\/06\/beru-svedsko-na-milost\/","url":"https:\/\/tynavesvedsku.com\/index.php\/2023\/01\/06\/beru-svedsko-na-milost\/","name":"Beru \u0160v\u00e9dsko na milost! - M\u016fj \u017eivot ve \u0160v\u00e9dsku","isPartOf":{"@id":"https:\/\/tynavesvedsku.com\/#website"},"primaryImageOfPage":{"@id":"https:\/\/tynavesvedsku.com\/index.php\/2023\/01\/06\/beru-svedsko-na-milost\/#primaryimage"},"image":{"@id":"https:\/\/tynavesvedsku.com\/index.php\/2023\/01\/06\/beru-svedsko-na-milost\/#primaryimage"},"thumbnailUrl":"https:\/\/tynavesvedsku.com\/wp-content\/uploads\/2023\/01\/IMG_20200418_174047-scaled.jpg","datePublished":"2023-01-06T13:24:55+00:00","dateModified":"2023-01-06T13:46:48+00:00","author":{"@id":"https:\/\/tynavesvedsku.com\/#\/schema\/person\/911bb2cdceaf0b9d4c7d56be12f730ec"},"description":"M\u00edsto toho, abych n\u00e1sledovala svoj\u00ed p\u0159edur\u010denou \u017eivotn\u00ed dr\u00e1hu svatba-pr\u00e1ce-d\u00edt\u011b-d\u016fm-pes, jsem se rozhodla vz\u00edt to za druh\u00fd konec.","breadcrumb":{"@id":"https:\/\/tynavesvedsku.com\/index.php\/2023\/01\/06\/beru-svedsko-na-milost\/#breadcrumb"},"inLanguage":"cs","potentialAction":[{"@type":"ReadAction","target":["https:\/\/tynavesvedsku.com\/index.php\/2023\/01\/06\/beru-svedsko-na-milost\/"]}]},{"@type":"ImageObject","inLanguage":"cs","@id":"https:\/\/tynavesvedsku.com\/index.php\/2023\/01\/06\/beru-svedsko-na-milost\/#primaryimage","url":"https:\/\/tynavesvedsku.com\/wp-content\/uploads\/2023\/01\/IMG_20200418_174047-scaled.jpg","contentUrl":"https:\/\/tynavesvedsku.com\/wp-content\/uploads\/2023\/01\/IMG_20200418_174047-scaled.jpg","width":2560,"height":1920},{"@type":"BreadcrumbList","@id":"https:\/\/tynavesvedsku.com\/index.php\/2023\/01\/06\/beru-svedsko-na-milost\/#breadcrumb","itemListElement":[{"@type":"ListItem","position":1,"name":"Home","item":"https:\/\/tynavesvedsku.com\/"},{"@type":"ListItem","position":2,"name":"Beru \u0160v\u00e9dsko na milost!"}]},{"@type":"WebSite","@id":"https:\/\/tynavesvedsku.com\/#website","url":"https:\/\/tynavesvedsku.com\/","name":"M\u016fj \u017eivot ve \u0160v\u00e9dsku","description":"Blog o \u0161v\u00e9d\u0161tin\u011b, cestov\u00e1n\u00ed a \u017eivot\u011b ve \u0160v\u00e9dsku","potentialAction":[{"@type":"SearchAction","target":{"@type":"EntryPoint","urlTemplate":"https:\/\/tynavesvedsku.com\/?s={search_term_string}"},"query-input":{"@type":"PropertyValueSpecification","valueRequired":true,"valueName":"search_term_string"}}],"inLanguage":"cs"},{"@type":"Person","@id":"https:\/\/tynavesvedsku.com\/#\/schema\/person\/911bb2cdceaf0b9d4c7d56be12f730ec","name":"tyna","image":{"@type":"ImageObject","inLanguage":"cs","@id":"https:\/\/secure.gravatar.com\/avatar\/04410c153f8418bab509dfe23b92b5c8343e18b5be3958974c7b7f00fdb9b863?s=96&d=mm&r=g","url":"https:\/\/secure.gravatar.com\/avatar\/04410c153f8418bab509dfe23b92b5c8343e18b5be3958974c7b7f00fdb9b863?s=96&d=mm&r=g","contentUrl":"https:\/\/secure.gravatar.com\/avatar\/04410c153f8418bab509dfe23b92b5c8343e18b5be3958974c7b7f00fdb9b863?s=96&d=mm&r=g","caption":"tyna"},"sameAs":["http:\/\/tynavesvedsku.com"],"url":"https:\/\/tynavesvedsku.com\/index.php\/author\/tyna\/"}]}},"jetpack_publicize_connections":[],"jetpack_featured_media_url":"https:\/\/tynavesvedsku.com\/wp-content\/uploads\/2023\/01\/IMG_20200418_174047-scaled.jpg","jetpack_sharing_enabled":true,"_links":{"self":[{"href":"https:\/\/tynavesvedsku.com\/index.php\/wp-json\/wp\/v2\/posts\/474","targetHints":{"allow":["GET"]}}],"collection":[{"href":"https:\/\/tynavesvedsku.com\/index.php\/wp-json\/wp\/v2\/posts"}],"about":[{"href":"https:\/\/tynavesvedsku.com\/index.php\/wp-json\/wp\/v2\/types\/post"}],"author":[{"embeddable":true,"href":"https:\/\/tynavesvedsku.com\/index.php\/wp-json\/wp\/v2\/users\/1"}],"replies":[{"embeddable":true,"href":"https:\/\/tynavesvedsku.com\/index.php\/wp-json\/wp\/v2\/comments?post=474"}],"version-history":[{"count":2,"href":"https:\/\/tynavesvedsku.com\/index.php\/wp-json\/wp\/v2\/posts\/474\/revisions"}],"predecessor-version":[{"id":482,"href":"https:\/\/tynavesvedsku.com\/index.php\/wp-json\/wp\/v2\/posts\/474\/revisions\/482"}],"wp:featuredmedia":[{"embeddable":true,"href":"https:\/\/tynavesvedsku.com\/index.php\/wp-json\/wp\/v2\/media\/475"}],"wp:attachment":[{"href":"https:\/\/tynavesvedsku.com\/index.php\/wp-json\/wp\/v2\/media?parent=474"}],"wp:term":[{"taxonomy":"category","embeddable":true,"href":"https:\/\/tynavesvedsku.com\/index.php\/wp-json\/wp\/v2\/categories?post=474"},{"taxonomy":"post_tag","embeddable":true,"href":"https:\/\/tynavesvedsku.com\/index.php\/wp-json\/wp\/v2\/tags?post=474"}],"curies":[{"name":"wp","href":"https:\/\/api.w.org\/{rel}","templated":true}]}}