{"id":489,"date":"2023-01-06T17:00:09","date_gmt":"2023-01-06T17:00:09","guid":{"rendered":"https:\/\/tynavesvedsku.com\/?p=489"},"modified":"2023-01-06T17:01:20","modified_gmt":"2023-01-06T17:01:20","slug":"zeptejte-se-jinak-prosim","status":"publish","type":"post","link":"https:\/\/tynavesvedsku.com\/index.php\/2023\/01\/06\/zeptejte-se-jinak-prosim\/","title":{"rendered":"Zeptejte se jinak, pros\u00edm"},"content":{"rendered":"\n<p><a href=\"https:\/\/www.mladiinfo.cz\/muj-zivot-ve-svedsku-vii-zeptejte-se-jinak-prosim\/\"><\/a><a href=\"https:\/\/www.facebook.com\/sharer\/sharer.php?u=https%3A%2F%2Fwww.mladiinfo.cz%2Fmuj-zivot-ve-svedsku-vii-zeptejte-se-jinak-prosim%2F\" target=\"_blank\" rel=\"noreferrer noopener\"><\/a><a href=\"https:\/\/api.whatsapp.com\/send?text=M%C5%AFj%20%C5%BEivot%20ve%20%C5%A0v%C3%A9dsku%20VII%3A%20Zeptejte%20se%20jinak%2C%20pros%C3%ADm%20https%3A%2F%2Fwww.mladiinfo.cz%2Fmuj-zivot-ve-svedsku-vii-zeptejte-se-jinak-prosim%2F\" target=\"_blank\" rel=\"noreferrer noopener\"><\/a><a href=\"http:\/\/www.linkedin.com\/shareArticle?mini=true&amp;url=https%3A%2F%2Fwww.mladiinfo.cz%2Fmuj-zivot-ve-svedsku-vii-zeptejte-se-jinak-prosim%2F&amp;title=M%C5%AFj%20%C5%BEivot%20ve%20%C5%A0v%C3%A9dsku%20VII%3A%20Zeptejte%20se%20jinak%2C%20pros%C3%ADm\" target=\"_blank\" rel=\"noreferrer noopener\"><\/a>Ka\u017ed\u00fd, kdo n\u011bkdy bydlel v zahrani\u010d\u00ed, to zn\u00e1 \u2013 st\u00e1le se opakuj\u00edc\u00ed ot\u00e1zky, kter\u00e9 kladou v\u0161ichni okolo. <\/p>\n\n\n\n<!--more-->\n\n\n\n<p>Bydleli jste n\u011bjakou dobu v zahrani\u010d\u00ed? Jako st\u00e1\u017eisti, Erasm\u00e1ci nebo prost\u011b expati? Pak jist\u011b zn\u00e1te situaci, kdy se p\u0159ijedete pod\u00edvat dom\u016f a nevyhnete se smr\u0161ti t\u011bch stejn\u00fdch ot\u00e1zek od va\u0161ich zn\u00e1m\u00fdch.\u00a0Zeptejte se jinak, pros\u00edm.<\/p>\n\n\n\n<h3 class=\"wp-block-heading\">1. Ahoj \u0160v\u00e9dko, ahoj cizinko!<\/h3>\n\n\n\n<p>P\u0159i n\u00e1v\u0161tev\u00e1ch zn\u00e1m\u00fdch v \u010cech\u00e1ch po\u010d\u00edt\u00e1m, kolik sekund potrv\u00e1, ne\u017e m\u011b n\u011bkdo pozdrav\u00ed\u00a0<em>ahoj \u0160v\u00e9dko<\/em>. Lid\u00e9 maj\u00ed pocit, \u017ee odst\u011bhov\u00e1n\u00edm se do zahrani\u010d\u00ed mi\u00a0<strong>automaticky n\u00e1le\u017e\u00ed toto osloven\u00ed<\/strong>\u00a0a tak\u00e9 jsem\u00a0<strong>pravd\u011bpodobn\u011b zapomn\u011bla v\u0161echno \u010desk\u00e9.<\/strong>\u00a0<\/p>\n\n\n\n<p>Nikdo nep\u0159edpokl\u00e1d\u00e1, \u017ee bych dr\u017eela krok s \u010deskou politickou situac\u00ed a hlasovac\u00ed pr\u00e1vo jsem z\u0159ejm\u011b pozbyla u\u017e ve chv\u00edli, kdy se letadlo odlepilo od zem\u011b. Omyl \u2013 nyn\u00ed\u00a0<strong>sleduji ud\u00e1losti v obou zem\u00edch.<\/strong>\u00a0St\u011bhov\u00e1n\u00ed do ciziny ze m\u011b \u0160v\u00e9dku neud\u011blalo a roztaje je\u0161t\u011b hodn\u011b ledovc\u016f ne\u017e se ze m\u011b \u0160v\u00e9dka stane.<\/p>\n\n\n\n<h3 class=\"wp-block-heading\">2. A tv\u016fj p\u0159\u00edtel je \u0160v\u00e9d?<\/h3>\n\n\n\n<p>Tato ot\u00e1zka n\u00e1sleduje hned potom, co odpov\u00edm na ot\u00e1zku\u00a0<em>A pro\u010d zrovna \u0160v\u00e9dsko?<\/em>\u00a0a prozrad\u00edm, \u017ee m\u011b do \u0160v\u00e9dska odvelelo srdce. Nen\u00ed \u0160v\u00e9d, p\u0159\u00edtel je Ital. A pro\u010d se Ital st\u011bhuje ze slun\u00ed\u010dka do zem\u011b jako je \u0160v\u00e9dsko? P\u0159edsudky o zem\u00edch jsou prost\u011b neporaziteln\u00e9 a \u0160v\u00e9dsko je chladn\u00e9 a nevl\u00eddn\u00e9 a It\u00e1lie je r\u00e1j na zemi. A basta.<\/p>\n\n\n\n<figure class=\"wp-block-image size-large\"><img loading=\"lazy\" decoding=\"async\" width=\"1024\" height=\"768\" src=\"https:\/\/tynavesvedsku.com\/wp-content\/uploads\/2022\/12\/20210619_214821-1024x768.jpg\" alt=\"\" class=\"wp-image-329\" srcset=\"https:\/\/tynavesvedsku.com\/wp-content\/uploads\/2022\/12\/20210619_214821-1024x768.jpg 1024w, https:\/\/tynavesvedsku.com\/wp-content\/uploads\/2022\/12\/20210619_214821-300x225.jpg 300w, https:\/\/tynavesvedsku.com\/wp-content\/uploads\/2022\/12\/20210619_214821-768x576.jpg 768w, https:\/\/tynavesvedsku.com\/wp-content\/uploads\/2022\/12\/20210619_214821-1536x1152.jpg 1536w, https:\/\/tynavesvedsku.com\/wp-content\/uploads\/2022\/12\/20210619_214821-2048x1536.jpg 2048w\" sizes=\"auto, (max-width: 1024px) 100vw, 1024px\" \/><figcaption class=\"wp-element-caption\">It\u00e1lie? Ne ne, \u0160v\u00e9dsko.<\/figcaption><\/figure>\n\n\n\n<h3 class=\"wp-block-heading\">3. \u0160v\u00e9dsko? Tam je asi zima, co? A sn\u011b\u017e\u00ed v\u00e1m tam?<\/h3>\n\n\n\n<p>\u0160v\u00e9dsko, kr\u00e1lovstv\u00ed ledu a sn\u011bhu. Nejednoho zklame, \u017ee ve \u0160v\u00e9dsku sn\u00edh celoro\u010dn\u011b nem\u00e1me, a \u017ee dokonce v p\u0159\u00edmo\u0159sk\u00e9m G\u00f6teborgu je\u00a0<strong>v zim\u011b podobn\u00e1 teplota jako v Praze.<\/strong>\u00a0Ve chv\u00edli, kdy vypr\u00e1v\u00edte o letn\u00ed koupa\u010dce v mo\u0159i (no, dob\u0159e, toto je d\u00edlo glob\u00e1ln\u00edho oteplov\u00e1n\u00ed), bo\u0159\u00edte v\u0161echno, co va\u0161e zn\u00e1m\u00e9 o podneb\u00ed ve Skandin\u00e1vii ve \u0161kole u\u010dili. <\/p>\n\n\n\n<p>I kdy\u017e do Kiruny by se norm\u00e1ln\u00ed lid\u00e9 kv\u016fli \u0161\u00edlen\u00fdm zimn\u00edm teplot\u00e1m dobrovoln\u011b nep\u0159est\u011bhovali, v\u011bt\u0161ina \u0160v\u00e9dska nele\u017e\u00ed za pol\u00e1rn\u00edm kruhem a\u00a0<strong>po\u010das\u00ed je zde velmi rozmanit\u00e9<\/strong>\u00a0podle toho, v jak\u00e9 \u010d\u00e1sti se nach\u00e1z\u00edte.<\/p>\n\n\n\n<h3 class=\"wp-block-heading\">4. A je \u0161v\u00e9d\u0161tina t\u011b\u017ek\u00e1? Jsi fakt chytr\u00e1, \u017ee u\u017e um\u00ed\u0161 jazyk\u2026<\/h3>\n\n\n\n<p><strong>Je t\u011b\u017ek\u00e9 nau\u010dit se ciz\u00ed jazyk?<\/strong>\u00a0Je hodn\u011b nebo m\u00e1lo tr\u00e9novat ciz\u00ed jazyk den po dni, m\u011bs\u00edc po m\u011bs\u00edci, rok po\u2026.roce? \u0160v\u00e9d\u0161tina se mus\u00ed \u2013 jako ka\u017ed\u00fd jin\u00fd ciz\u00ed jazyk \u2013 prost\u011b vysed\u011bt. Existenci domn\u011bl\u00e9ho\u00a0<strong>nad\u00e1n\u00ed na jazyky<\/strong>\u00a0zpochyb\u0148uji, a rad\u011bji bych ho\u00a0<strong>nahradila slovy siln\u00e1 v\u016fle, vytrvalost, motivace.\u00a0<\/strong><a href=\"https:\/\/tynavesvedsku.com\/index.php\/2023\/01\/04\/jak-se-naucit-svedsky-2\/\" target=\"_blank\" rel=\"noreferrer noopener\">Jazyk se\u00a0v\u00e1m do hlavy nenasype.<\/a><\/p>\n\n\n\n<p>\u0160v\u00e9dsk\u00e1 gramatika je objektivn\u011b\u00a0<strong>jednodu\u0161\u0161\u00ed ne\u017e \u010desk\u00e1<\/strong>, jeliko\u017e sever\u0161t\u00ed minimalist\u00e9 z jazyka vypustili zbyte\u010dnosti jako sklo\u0148ov\u00e1n\u00ed sloves a vyk\u00e1n\u00ed. Dost\u00e1v\u00e1me se k tomu zaj\u00edmav\u011bj\u0161\u00edmu, tedy ke slov\u016fm, kter\u00e9 m\u00e1 \u010de\u0161tina a \u0161v\u00e9d\u0161tina spole\u010dn\u00e1 pro sv\u016fj germ\u00e1nsk\u00fd z\u00e1klad, ale p\u0159i vlastn\u00edm v\u00fdkladu gramatick\u00fdch rozd\u00edlnost\u00ed a zaj\u00edmavost\u00ed u\u017e ka\u017ed\u00fd us\u00edn\u00e1. <\/p>\n\n\n\n<p>Shrnuto a podtr\u017eeno nejsem z\u00e1zra\u010dn\u00e9 d\u00edtko, \u017ee jsem do jazyka pronikla, jen jako v\u011bt\u0161ina ostatn\u00edch cizinc\u016f prost\u011b\u00a0<strong>ka\u017ed\u00fd den u\u017e rok v kuse \u0161prt\u00e1m n\u011bkolik hodin denn\u011b.<\/strong><\/p>\n\n\n\n<h3 class=\"wp-block-heading\">5. Ve \u0160v\u00e9dsku stejn\u011b mluv\u00ed v\u0161ichni anglicky, ne.<\/h3>\n\n\n\n<p>\u010ce\u0161i maj\u00ed dovoleno neovl\u00e1dat ani z\u00e1klady angli\u010dtiny a cizinci p-o-m-a-l-u hl\u00e1skovat, ale v\u0161ude jinde se anglicky p\u0159ece mluvit mus\u00ed. A\u010d ve \u0160v\u00e9dsku\u00a0<strong>v\u011bt\u0161ina lid\u00ed anglicky opravdu mluv\u00ed,<\/strong>\u00a0na \u00fa\u0159ad\u011b nejsou nad\u0161eni z angli\u010dtiny o nic v\u00edc ne\u017e u n\u00e1s. Ano, v n\u011bkter\u00fdch profes\u00edch to bez \u0161v\u00e9d\u0161tiny jde, ale minim\u00e1ln\u011b v men\u0161\u00edch m\u011bstech\u00a0<strong>naraz\u00ed bez \u00fa\u0159edn\u00edho jazyka i anglick\u00fd rodil\u00fd mluv\u010d\u00ed<\/strong>\u00a0\u2013 konkurence v\u0161ech t\u011bch cizinc\u016f bez \u0161v\u00e9d\u0161tiny je dost tvrd\u00e1. Nesporn\u011b je nab\u00eddka pracovn\u00edch m\u00edst o hodn\u011b z\u00fa\u017een\u00e1 pro v\u0161echny bez znalosti \u0161v\u00e9d\u0161tiny. <\/p>\n\n\n\n<p>Ano, j\u00e1 sice anglicky mluv\u00edm, ale pom\u011brn\u011b dost m\u00fdch zn\u00e1m\u00fdch, co sem ned\u00e1vno imigrovali, anlicky nemluv\u00ed a abychom se spolu mohli dorozumn\u011bli, museli jsme se nau\u010dit spole\u010dn\u00fd jazyk. Znalost angli\u010dtiny ze m\u011b bohu\u017eel automaticky\u00a0<strong>kvalifikovan\u00e9ho kandid\u00e1ta na u\u010ditele v jazykovce ned\u011bl\u00e1<\/strong>. L\u00edce mi rudnou hlavn\u011b mezi dal\u0161\u00edmi p\u0159\u00e1teli, kte\u0159\u00ed d\u00edky sv\u00e9mu imigrantsk\u00e9mu z\u00e1zem\u00ed ovl\u00e1d\u00e1j\u00ed hned n\u011bkolik sv\u011btov\u00fdch jazyk\u016f najednou.<\/p>\n\n\n\n<figure class=\"wp-block-image size-large\"><img loading=\"lazy\" decoding=\"async\" width=\"1024\" height=\"768\" src=\"https:\/\/tynavesvedsku.com\/wp-content\/uploads\/2022\/12\/20210418_153854-1024x768.jpg\" alt=\"\" class=\"wp-image-233\" srcset=\"https:\/\/tynavesvedsku.com\/wp-content\/uploads\/2022\/12\/20210418_153854-1024x768.jpg 1024w, https:\/\/tynavesvedsku.com\/wp-content\/uploads\/2022\/12\/20210418_153854-300x225.jpg 300w, https:\/\/tynavesvedsku.com\/wp-content\/uploads\/2022\/12\/20210418_153854-768x576.jpg 768w, https:\/\/tynavesvedsku.com\/wp-content\/uploads\/2022\/12\/20210418_153854-1536x1152.jpg 1536w, https:\/\/tynavesvedsku.com\/wp-content\/uploads\/2022\/12\/20210418_153854-2048x1536.jpg 2048w\" sizes=\"auto, (max-width: 1024px) 100vw, 1024px\" \/><figcaption class=\"wp-element-caption\">Taky \u0160v\u00e9dsko.<\/figcaption><\/figure>\n\n\n\n<h3 class=\"wp-block-heading\">6. Chci se p\u0159est\u011bhovat do \u0160v\u00e9dska, se\u017eene\u0161 mi pr\u00e1ci\/bydlen\u00ed?<\/h3>\n\n\n\n<p>Sice v ka\u017ed\u00e9m \u010dl\u00e1nku zd\u016fraz\u0148uji, \u017ee pomohu ka\u017ed\u00e9mu, kdo do \u0160v\u00e9dska chce vyrazit, a to tak\u00e9 s radost\u00ed (zdaleka nejen j\u00e1) d\u011bl\u00e1m. Ale nejv\u00edce ka\u017ed\u00e9ho expata dok\u00e1\u017ee nadzvednout p\u0159edpoklad, \u017ee pobyt v ciz\u00ed zemi\u00a0<strong>automaticky znamen\u00e1, \u017ee v\u00edm o v\u0161ech<\/strong>\u00a0voln\u00fdch pozic\u00edch a bytech k pron\u00e1jmu. Zejm\u00e9na kv\u016fli tomu, \u017ee ka\u017ed\u00fd, kdo ve \u0160v\u00e9dsku bydl\u00ed, v\u00ed, jak t\u011b\u017ek\u00e9 je sehnat st\u00e1lou pr\u00e1ci a slu\u0161n\u00e9 bydlen\u00ed by\u0165 jen pro sebe.<\/p>\n\n\n\n<h3 class=\"wp-block-heading\">7. Nezn\u00e1\u0161 n\u011bkoho v Malm\u00f6 u koho bych mohl p\u0159espat?<\/h3>\n\n\n\n<p>Host\u00edm zn\u00e1m\u00e9 v G\u00f6teborgu, kter\u00fd je od Malm\u00f6&nbsp;<strong>n\u011bkolik hodin j\u00edzdy autem, a\u0165 se kouk\u00e1m na mapu, jak chci.<\/strong>&nbsp;Sice v t\u00e9to zemi bydl\u00edm rok, ale stejn\u011b jako v \u010cech\u00e1ch nem\u00e1m v ka\u017ed\u00e9m m\u011bst\u011b zn\u00e1m\u00e9ho, kter\u00fd je p\u0159ipraven\u00fd poskytovat nocleh ka\u017ed\u00e9mu, koho bol\u00ed vyt\u00e1hnout pen\u011b\u017eenku za hostel na druh\u00e9 stran\u011b zem\u011b.<\/p>\n\n\n\n<h3 class=\"wp-block-heading\">8. U\u017e m\u00e1\u0161 po\u0159\u00e1dnou pr\u00e1ci?<\/h3>\n\n\n\n<p>Hled\u00e1n\u00ed pr\u00e1ce v zemi, jej\u00ed\u017e jazyk zprvu neovl\u00e1d\u00e1te, znamen\u00e1 skoro v\u017edy&nbsp;<strong>p\u00e1r extra p\u0159ek\u00e1\u017eek<\/strong>&nbsp;na opi\u010d\u00ed dr\u00e1ze zvan\u00e9 kari\u00e9ra. A tak t\u0159eba ukl\u00edz\u00edte jako jsem ukl\u00edzela j\u00e1 a jste s t\u00edm celkem v klidu.<\/p>\n\n\n\n<p>Nejt\u011b\u017e\u0161\u00ed je, kdy\u017e mi lid\u00e9, kte\u0159\u00ed ve \u0160v\u00e9dsku byli nejd\u00e9le na dovolen\u00e9,&nbsp;<strong>za\u010dnou d\u00e1vat tipy, jak bych si m\u011bla naj\u00edt pr\u00e1ci.<\/strong>&nbsp;M\u011bla bych si nejl\u00e9pe naj\u00edt \u010cechy v okol\u00ed a pracovat u nich, p\u0159\u00edpadn\u011b pracovat pro jednu z 1 000 firem, kter\u00e1 prahne v ka\u017ed\u00e9 \u0161v\u00e9dsk\u00e9 horn\u00ed doln\u00ed po \u010desk\u00fdch mluv\u010d\u00edch. Nebo alternativn\u011b m\u00e1m usilovat o pr\u00e1ci na \u010desk\u00e9 ambas\u00e1d\u011b, a to \u017ee<strong>&nbsp;je ambas\u00e1da 500 km vzd\u00e1len\u00e1,<\/strong>&nbsp;nen\u00ed \u017e\u00e1dn\u00e1 p\u0159ek\u00e1\u017eka. Je to \u0160v\u00e9dsko jako \u0160v\u00e9dsko.<\/p>\n\n\n\n<p>Pepa ze vsi ve \u0160v\u00e9dsku pracoval na stavb\u011b a Jirka tam bydl\u00ed, d\u00e1m ti na n\u011b \u010d\u00edslo. Sice bydl\u00ed 500 km od tebe, ale je to \u010cech, tak\u017ee\u2026 Tak\u017ee\u2026? <\/p>\n\n\n\n<p>Marn\u011b vysv\u011btluji, \u017ee krajan\u00e9, co v cizin\u011b bydl\u00ed, neprahnou ve v\u011bt\u0161in\u011b po tom, aby se na n\u011b zav\u011bsili jin\u00ed krajan\u00e9, nav\u00edc<strong>\u00a0z praktick\u00e9ho hlediska je v\u00e1m n\u011bjak\u00fd kontakt z druh\u00e9 strany \u0160v\u00e9dska \u00fapln\u011b k ni\u010demu<\/strong>. Je jednodu\u0161\u0161\u00ed se zeptat lid\u00ed, co maj\u00ed podobnou zku\u0161enost nebo alespo\u0148 bydl\u00ed na stejn\u00e9m m\u00edst\u011b. Nav\u00edc to nutn\u011b nemus\u00ed b\u00fdt jen \u010ce\u0161i \u2013 a\u010d n\u011bkter\u00e9 problematiky jsou jen n\u00e1rodn\u00ed, v\u011bt\u0161ina expat\u016f si proch\u00e1z\u00ed t\u00edm sam\u00fdm bez ohledu na zemi p\u016fvodu.<\/p>\n\n\n\n<figure class=\"wp-block-image size-large\"><img loading=\"lazy\" decoding=\"async\" width=\"1024\" height=\"768\" src=\"https:\/\/tynavesvedsku.com\/wp-content\/uploads\/2022\/12\/20210529_115850-1024x768.jpg\" alt=\"\" class=\"wp-image-245\" srcset=\"https:\/\/tynavesvedsku.com\/wp-content\/uploads\/2022\/12\/20210529_115850-1024x768.jpg 1024w, https:\/\/tynavesvedsku.com\/wp-content\/uploads\/2022\/12\/20210529_115850-300x225.jpg 300w, https:\/\/tynavesvedsku.com\/wp-content\/uploads\/2022\/12\/20210529_115850-768x576.jpg 768w, https:\/\/tynavesvedsku.com\/wp-content\/uploads\/2022\/12\/20210529_115850-1536x1152.jpg 1536w, https:\/\/tynavesvedsku.com\/wp-content\/uploads\/2022\/12\/20210529_115850-2048x1536.jpg 2048w\" sizes=\"auto, (max-width: 1024px) 100vw, 1024px\" \/><figcaption class=\"wp-element-caption\">A je\u0161t\u011b jednou \u0160v\u00e9dsko.<\/figcaption><\/figure>\n\n\n\n<h3 class=\"wp-block-heading\">9. A je tam hodn\u011b uprchl\u00edk\u016f? Je to tam nebezpe\u010dn\u00e9?<\/h3>\n\n\n\n<p>Ano, je tu pom\u011brn\u011b dost lid\u00ed, co byli nuceni p\u0159ij\u00edt sem kv\u016fli v\u00e1lce. D\u00edky tomu \u017eivot ve \u0160v\u00e9dsku z\u00edsk\u00e1v\u00e1 \u00fapln\u011b jin\u00fd n\u00e1dech.&nbsp;<strong>Ne\u0159\u00edk\u00e1m, \u017ee setk\u00e1v\u00e1n\u00ed kultur prob\u00edh\u00e1 bez konfliktu.<\/strong>&nbsp;P\u0159iznejme, kriminalita cizinc\u016f ve \u0160v\u00e9dsku dosahuje t\u00e9m\u011b\u0159 30%, p\u0159i\u010dem\u017e diskuze o p\u0159\u00ed\u010din\u00e1ch je daleko nad rozsah \u010dl\u00e1nku. V\u011bt\u0161ina \u0160v\u00e9d\u016f, p\u0159inejmen\u0161\u00edm ti, kte\u0159\u00ed nefand\u00ed \u0160v\u00e9dsk\u00fdm demokrat\u016fm, toto ch\u00e1pe. P\u0159iznejme ale tak\u00e9, \u017ee bez cizinc\u016f, kte\u0159\u00ed dr\u017e\u00ed mnoh\u00e1 odv\u011btv\u00ed p\u0159i \u017eivot\u011b, by bylo \u0160v\u00e9dsko d\u00e1vno na lopatk\u00e1ch. P\u0159iznejme si naposledy,&nbsp;<strong>\u017ee j\u00e1 jsem v kategorii cizinec taky.<\/strong><\/p>\n\n\n\n<p>Za rok ve \u0160v\u00e9dsku jsem se nau\u010dila o dobr\u00fdch a hor\u0161\u00edch lidech \u0161v\u00e9dsk\u00fdch i ne\u0161v\u00e9dsk\u00fdch<strong>&nbsp;tak hodn\u011b, \u017ee se mi o tom v \u010cech\u00e1ch ani nezd\u00e1lo.<\/strong>&nbsp;\u0160v\u00e9dsko rozp\u00edn\u00e1 a natahuje moji toleranci do rozm\u011br\u016f, o kter\u00fdch jsem nem\u011bla tu\u0161en\u00ed. Za rok jsem zbo\u0159ila tolik stereotyp\u016f, \u017ee&nbsp;<strong>bych z nich postavila ze\u010f na hranic\u00edch Schengenu.<\/strong>&nbsp;Z\u00e1rove\u0148 jsem si vytvo\u0159ila pozitivn\u00ed i negativn\u00ed p\u0159edsudky jinde. \u0160v\u00e9dsko, dobrovolnictv\u00ed s uprchl\u00edky v \u010cerven\u00e9m k\u0159\u00ed\u017ei a mimoevrop\u0161t\u00ed spolu\u017e\u00e1ci mi znovu osv\u011b\u017eili, \u017ee jsme si v\u0161ichni rovni bez ohledu na tvar obli\u010deje a barvu k\u016f\u017ee.<\/p>\n\n\n\n<h3 class=\"wp-block-heading\">10. Jakto\u017ee nebydl\u00ed\u0161 ve Stockholmu?<\/h3>\n\n\n\n<p>V\u0161ichni automaticky\u00a0<strong>p\u0159edpokl\u00e1daj\u00ed, \u017ee bydl\u00edm v hlavn\u00edm m\u011bst\u011b<\/strong>. Vsad\u00edm se, \u017ee 9 milion\u016f ob\u010dan\u016f na\u0161\u00ed zem\u011b by nam\u00edchlo, kdyby v\u0161ichni cizinci automaticky ignorovali existenci m\u011bst mimo to hlavn\u00ed. Va\u0161e teti\u010dka bohu\u017eel pr\u016fvodce Stockholmem bude muset zajistit na m\u00edst\u011b, jeliko\u017e bydl\u00edm n\u011bkolik hodin j\u00edzdy od m\u011bsta. Nav\u00edc jsem tam byla na n\u00e1v\u0161t\u011bv\u011b v cel\u00e9 sv\u00e9 historii jenom jednou.<\/p>\n\n\n\n<h3 class=\"wp-block-heading\">11. A jsou tam \u010ce\u0161i?<\/h3>\n\n\n\n<p>A\u010d je zaj\u00edmav\u00e9 debatovat o tom, \u017ee \u010ce\u0161i jsou snad \u00fapln\u011b v\u0161ude, tipnu si, \u017ee\u00a0<strong>v\u011bt\u0161ina lid\u00ed se st\u011bhuje z \u010cesk\u00e9 republiky pr\u00e1v\u011b proto, \u017ee v zahrani\u010d\u00ed \u010ce\u0161i nejsou.<\/strong>\u00a0\u010ce\u0161i nejsou ten n\u00e1rod, kter\u00fd by se z\u00e1m\u011brn\u011b st\u011bhoval do ciz\u00ed zem\u011b na m\u00edsto, kter\u00e9 je pln\u00e9 soused\u016f. P\u0159\u00e1telsk\u00e9 vztahy se buduj\u00ed a ob\u010dasn\u00e1 posezen\u00ed se samoz\u0159ejm\u011b ve vesel\u00e9m duchu konaj\u00ed. Ale minim\u00e1ln\u011b pro m\u011b je ot\u00e1zka\u00a0<strong>hustoty os\u00eddlen\u00ed \u010cech\u016f ve \u0160v\u00e9dsku irelevatn\u00ed.<\/strong><\/p>\n\n\n\n<h3 class=\"wp-block-heading\">12. Miluji skandin\u00e1vskou kulturu!<\/h3>\n\n\n\n<p>Tato v\u011bta nevyhnuteln\u011b sv\u00e1d\u00ed k otev\u0159en\u00ed debaty na t\u00e9ma toho,\u00a0<strong>co \u010dlov\u011bk o skandin\u00e1vsk\u00e9 kultu\u0159e vlastn\u011b v\u00ed<\/strong>\u00a0pokud tady nikdy nebydlel. Kolik toho jsou jenom na\u0161e romatick\u00e9 p\u0159edstavy o\u2026o \u010dem vlastn\u011b? N\u011bkter<strong>\u00e9 aspekty t\u00e9to kultury jsou celkem p\u0159\u00edjemn\u00e9<\/strong>, t\u0159eba fika \u2013 oblig\u00e1tn\u00ed pauza na kafe a su\u0161enky \u2013 nebo striktn\u00ed odd\u011blen\u00ed pracovn\u00edho a voln\u00e9ho \u010dasu. Ale v\u011bt\u0161ina toho, co skandin\u00e1vskou kulturu doopravdy tvo\u0159\u00ed \u2013 zp\u016fsob my\u0161len\u00ed, specifika mezilidsk\u00e9 interakce, soci\u00e1ln\u00ed st\u00e1t a jeho siln\u00e1 a slab\u00e1 m\u00edsta \u2013 to v\u0161e je\u00a0<strong>na prvn\u00ed pohled abstraktn\u00ed a t\u011b\u017eko pojmenovateln\u00e9.<\/strong><\/p>\n\n\n\n<h3 class=\"wp-block-heading\">13. Ve \u0160v\u00e9dsku je to drah\u00fd, ne?<\/h3>\n\n\n\n<p>Alternativou k t\u00e9to finan\u010dn\u00ed ot\u00e1zce je ot\u00e1zka\u00a0<em>Ty tam asi vyd\u011bl\u00e1v\u00e1\u0161 hodn\u011b, co?,\u00a0<\/em>kterou dost\u00e1v\u00e1 pravideln\u011b moje \u010desk\u00e1 kamar\u00e1dka, ale je\u0161t\u011b nikoho nenapadlo polo\u017eit ji v souvislosti s moj\u00ed osobou. Zvl\u00e1\u0161tn\u00ed. Ano, ceny jsou ve \u0160v\u00e9dsku vysok\u00e9, ale\u00a0<strong>proporci\u00e1ln\u011b odpov\u00eddaj\u00ed tomu, co si \u010dlov\u011bk v zemi pr\u016fm\u011brn\u011b vyd\u011bl\u00e1<\/strong>. N\u011bkter\u00e9 polo\u017eky jsou dokonce v p\u0159epo\u010dtu stejn\u011b drah\u00e9 jako v Praze (n\u011bkter\u00e9 pron\u00e1jmy v men\u0161\u00edch m\u011bstech nebo bezlepkov\u00e9 produkty). P\u0159i m\u00e9 prvn\u00ed n\u00e1v\u0161t\u011bv\u011b ve \u0160v\u00e9dsku<strong>\u00a0moje pen\u011b\u017eenka i m\u00e9 srdce m\u00e1lem vykrv\u00e1cely<\/strong>, ale nen\u00ed nic hor\u0161\u00edho ne\u017e turista, kter\u00fd je na dovolen\u00e9 v drah\u00e9m \u0160v\u00e9dsku kv\u016fli extra\u00fasporn\u00e9m re\u017eimu o sucharech a vod\u011b.<\/p>\n\n\n\n<h3 class=\"wp-block-heading\">14. To j\u00e1 bych nezvl\u00e1dl.\/To d\u00e1\u0161, ty jsi v\u017edycky dobr\u00e1.<\/h3>\n\n\n\n<p>Mus\u00edm \u0159\u00edci, \u017ee tento bod konverzace je pro m\u011b zdaleko nejt\u011b\u017e\u0161\u00ed, jeliko\u017e pro m\u011b osobn\u011b existuje\u00a0<strong>p\u0159\u00edm\u00e1 \u00fam\u011bra mezi mno\u017estv\u00edm lid\u00ed,<\/strong>\u00a0kte\u0159\u00ed dojdou k tomuto prohl\u00e1\u0161en\u00ed a m\u00fdm vzr\u016fstaj\u00edc\u00edm p\u0159esv\u011bd\u010den\u00edm, \u017ee mo\u017en\u00e1 d\u011bl\u00e1m n\u011bco,\u00a0<strong>co je d\u011bsn\u011b slo\u017eit\u00e9.<\/strong>\u00a0<\/p>\n\n\n\n<p>Rad\u0161i bych od zn\u00e1m\u00fdch sly\u0161ela, \u017ee odst\u011bhovat se bez pr\u00e1ce a jazyka za partnerem s c\u00edlem naj\u00edt si podobn\u00e9 zam\u011bstn\u00e1n\u00ed jako jsem m\u011bla v \u010cech\u00e1ch\u00a0<strong>nen\u00ed nemo\u017en\u00e9 a \u017ee je to vlastn\u011b celkem zaj\u00edmav\u00e1 a z\u00e1bavn\u00e1 \u017eivotn\u00ed zku\u0161enost a mo\u017enost nau\u010dit se o sob\u011b hodn\u011b nov\u00fdch v\u011bc\u00ed.<\/strong>\u00a0Kdy\u017e mi hned n\u011bkolik lid\u00ed za n\u00e1v\u0161t\u011bvu \u0159ekne, \u017ee oni by se o n\u011bco podobn\u00e9ho ani nepokou\u0161eli, p\u0159em\u00fd\u0161l\u00edte o tom, jestli jste oproti ostatn\u00edm lidem \u0161\u00edlen\u00ed a ot\u00e1zky o smyslu va\u0161\u00ed reality a byt\u00ed klepou na dve\u0159e.<\/p>\n\n\n\n<h3 class=\"wp-block-heading\">15. \u0158ekni n\u011bco \u0161v\u00e9dsky.<\/h3>\n\n\n\n<p><em>Jag heter Krist\u00fdna, jag bor i Sverige. Jag gillar inte den h\u00e4r fr\u00e5gan men jag f\u00f6rst\u00e5r att ni \u00e4r nyfikna.<\/em><\/p>\n\n\n\n<p><strong>\u010cl\u00e1nek byl p\u016fvodn\u011b publikov\u00e1n autorkou\u00a0<a href=\"https:\/\/www.mladiinfo.cz\/\" target=\"_blank\" rel=\"noreferrer noopener\">na str\u00e1nce Mladiinfo v roce 2019.<\/a>\u00a0Pro v\u011bt\u0161\u00ed p\u0159ehlednost je \u010dl\u00e1nek p\u0159esunut na\u00a0<a href=\"https:\/\/tynavesvedsku.com\/\" target=\"_blank\" rel=\"noreferrer noopener\">tento odd\u011blen\u00fd blog.<\/a><\/strong><\/p>\n","protected":false},"excerpt":{"rendered":"<p>Ka\u017ed\u00fd, kdo n\u011bkdy bydlel v zahrani\u010d\u00ed, to zn\u00e1 \u2013 st\u00e1le se opakuj\u00edc\u00ed ot\u00e1zky, kter\u00e9 kladou [&hellip;]<\/p>\n","protected":false},"author":1,"featured_media":329,"comment_status":"closed","ping_status":"closed","sticky":false,"template":"","format":"standard","meta":{"_monsterinsights_skip_tracking":false,"_monsterinsights_sitenote_active":false,"_monsterinsights_sitenote_note":"","_monsterinsights_sitenote_category":0,"_jetpack_memberships_contains_paid_content":false,"footnotes":"","jetpack_publicize_message":"","jetpack_publicize_feature_enabled":true,"jetpack_social_post_already_shared":true,"jetpack_social_options":{"image_generator_settings":{"template":"highway","default_image_id":0,"font":"","enabled":false},"version":2}},"categories":[5],"tags":[27],"class_list":["post-489","post","type-post","status-publish","format-standard","has-post-thumbnail","hentry","category-vypraveni","tag-svedsko"],"yoast_head":"<!-- This site is optimized with the Yoast SEO plugin v27.5 - https:\/\/yoast.com\/product\/yoast-seo-wordpress\/ -->\n<title>Zeptejte se jinak, pros\u00edm - M\u016fj \u017eivot ve \u0160v\u00e9dsku<\/title>\n<meta name=\"description\" content=\"Zeptejte se jinak, pros\u00edm. Ka\u017ed\u00fd, kdo n\u011bkdy bydlel v zahrani\u010d\u00ed, to zn\u00e1 \u2013 st\u00e1le se opakuj\u00edc\u00ed ot\u00e1zky, kter\u00e9 kladou v\u0161ichni okolo.\" \/>\n<meta name=\"robots\" content=\"index, follow, max-snippet:-1, max-image-preview:large, max-video-preview:-1\" \/>\n<link rel=\"canonical\" href=\"https:\/\/tynavesvedsku.com\/index.php\/2023\/01\/06\/zeptejte-se-jinak-prosim\/\" \/>\n<meta property=\"og:locale\" content=\"cs_CZ\" \/>\n<meta property=\"og:type\" content=\"article\" \/>\n<meta property=\"og:title\" content=\"Zeptejte se jinak, pros\u00edm - M\u016fj \u017eivot ve \u0160v\u00e9dsku\" \/>\n<meta property=\"og:description\" content=\"Zeptejte se jinak, pros\u00edm. Ka\u017ed\u00fd, kdo n\u011bkdy bydlel v zahrani\u010d\u00ed, to zn\u00e1 \u2013 st\u00e1le se opakuj\u00edc\u00ed ot\u00e1zky, kter\u00e9 kladou v\u0161ichni okolo.\" \/>\n<meta property=\"og:url\" content=\"https:\/\/tynavesvedsku.com\/index.php\/2023\/01\/06\/zeptejte-se-jinak-prosim\/\" \/>\n<meta property=\"og:site_name\" content=\"M\u016fj \u017eivot ve \u0160v\u00e9dsku\" \/>\n<meta property=\"article:published_time\" content=\"2023-01-06T17:00:09+00:00\" \/>\n<meta property=\"article:modified_time\" content=\"2023-01-06T17:01:20+00:00\" \/>\n<meta property=\"og:image\" content=\"https:\/\/tynavesvedsku.com\/wp-content\/uploads\/2022\/12\/20210619_214821-scaled.jpg\" \/>\n\t<meta property=\"og:image:width\" content=\"2560\" \/>\n\t<meta property=\"og:image:height\" content=\"1920\" \/>\n\t<meta property=\"og:image:type\" content=\"image\/jpeg\" \/>\n<meta name=\"author\" content=\"tyna\" \/>\n<meta name=\"twitter:card\" content=\"summary_large_image\" \/>\n<meta name=\"twitter:label1\" content=\"Napsal(a)\" \/>\n\t<meta name=\"twitter:data1\" content=\"tyna\" \/>\n\t<meta name=\"twitter:label2\" content=\"Odhadovan\u00e1 doba \u010dten\u00ed\" \/>\n\t<meta name=\"twitter:data2\" content=\"10 minut\" \/>\n<script type=\"application\/ld+json\" class=\"yoast-schema-graph\">{\"@context\":\"https:\\\/\\\/schema.org\",\"@graph\":[{\"@type\":\"Article\",\"@id\":\"https:\\\/\\\/tynavesvedsku.com\\\/index.php\\\/2023\\\/01\\\/06\\\/zeptejte-se-jinak-prosim\\\/#article\",\"isPartOf\":{\"@id\":\"https:\\\/\\\/tynavesvedsku.com\\\/index.php\\\/2023\\\/01\\\/06\\\/zeptejte-se-jinak-prosim\\\/\"},\"author\":{\"name\":\"tyna\",\"@id\":\"https:\\\/\\\/tynavesvedsku.com\\\/#\\\/schema\\\/person\\\/911bb2cdceaf0b9d4c7d56be12f730ec\"},\"headline\":\"Zeptejte se jinak, pros\u00edm\",\"datePublished\":\"2023-01-06T17:00:09+00:00\",\"dateModified\":\"2023-01-06T17:01:20+00:00\",\"mainEntityOfPage\":{\"@id\":\"https:\\\/\\\/tynavesvedsku.com\\\/index.php\\\/2023\\\/01\\\/06\\\/zeptejte-se-jinak-prosim\\\/\"},\"wordCount\":2288,\"image\":{\"@id\":\"https:\\\/\\\/tynavesvedsku.com\\\/index.php\\\/2023\\\/01\\\/06\\\/zeptejte-se-jinak-prosim\\\/#primaryimage\"},\"thumbnailUrl\":\"https:\\\/\\\/tynavesvedsku.com\\\/wp-content\\\/uploads\\\/2022\\\/12\\\/20210619_214821-scaled.jpg\",\"keywords\":[\"\u0160v\u00e9dsko\"],\"articleSection\":[\"Vypr\u00e1v\u011bn\u00ed\"],\"inLanguage\":\"cs\"},{\"@type\":\"WebPage\",\"@id\":\"https:\\\/\\\/tynavesvedsku.com\\\/index.php\\\/2023\\\/01\\\/06\\\/zeptejte-se-jinak-prosim\\\/\",\"url\":\"https:\\\/\\\/tynavesvedsku.com\\\/index.php\\\/2023\\\/01\\\/06\\\/zeptejte-se-jinak-prosim\\\/\",\"name\":\"Zeptejte se jinak, pros\u00edm - M\u016fj \u017eivot ve \u0160v\u00e9dsku\",\"isPartOf\":{\"@id\":\"https:\\\/\\\/tynavesvedsku.com\\\/#website\"},\"primaryImageOfPage\":{\"@id\":\"https:\\\/\\\/tynavesvedsku.com\\\/index.php\\\/2023\\\/01\\\/06\\\/zeptejte-se-jinak-prosim\\\/#primaryimage\"},\"image\":{\"@id\":\"https:\\\/\\\/tynavesvedsku.com\\\/index.php\\\/2023\\\/01\\\/06\\\/zeptejte-se-jinak-prosim\\\/#primaryimage\"},\"thumbnailUrl\":\"https:\\\/\\\/tynavesvedsku.com\\\/wp-content\\\/uploads\\\/2022\\\/12\\\/20210619_214821-scaled.jpg\",\"datePublished\":\"2023-01-06T17:00:09+00:00\",\"dateModified\":\"2023-01-06T17:01:20+00:00\",\"author\":{\"@id\":\"https:\\\/\\\/tynavesvedsku.com\\\/#\\\/schema\\\/person\\\/911bb2cdceaf0b9d4c7d56be12f730ec\"},\"description\":\"Zeptejte se jinak, pros\u00edm. Ka\u017ed\u00fd, kdo n\u011bkdy bydlel v zahrani\u010d\u00ed, to zn\u00e1 \u2013 st\u00e1le se opakuj\u00edc\u00ed ot\u00e1zky, kter\u00e9 kladou v\u0161ichni okolo.\",\"breadcrumb\":{\"@id\":\"https:\\\/\\\/tynavesvedsku.com\\\/index.php\\\/2023\\\/01\\\/06\\\/zeptejte-se-jinak-prosim\\\/#breadcrumb\"},\"inLanguage\":\"cs\",\"potentialAction\":[{\"@type\":\"ReadAction\",\"target\":[\"https:\\\/\\\/tynavesvedsku.com\\\/index.php\\\/2023\\\/01\\\/06\\\/zeptejte-se-jinak-prosim\\\/\"]}]},{\"@type\":\"ImageObject\",\"inLanguage\":\"cs\",\"@id\":\"https:\\\/\\\/tynavesvedsku.com\\\/index.php\\\/2023\\\/01\\\/06\\\/zeptejte-se-jinak-prosim\\\/#primaryimage\",\"url\":\"https:\\\/\\\/tynavesvedsku.com\\\/wp-content\\\/uploads\\\/2022\\\/12\\\/20210619_214821-scaled.jpg\",\"contentUrl\":\"https:\\\/\\\/tynavesvedsku.com\\\/wp-content\\\/uploads\\\/2022\\\/12\\\/20210619_214821-scaled.jpg\",\"width\":2560,\"height\":1920},{\"@type\":\"BreadcrumbList\",\"@id\":\"https:\\\/\\\/tynavesvedsku.com\\\/index.php\\\/2023\\\/01\\\/06\\\/zeptejte-se-jinak-prosim\\\/#breadcrumb\",\"itemListElement\":[{\"@type\":\"ListItem\",\"position\":1,\"name\":\"Home\",\"item\":\"https:\\\/\\\/tynavesvedsku.com\\\/\"},{\"@type\":\"ListItem\",\"position\":2,\"name\":\"Zeptejte se jinak, pros\u00edm\"}]},{\"@type\":\"WebSite\",\"@id\":\"https:\\\/\\\/tynavesvedsku.com\\\/#website\",\"url\":\"https:\\\/\\\/tynavesvedsku.com\\\/\",\"name\":\"M\u016fj \u017eivot ve \u0160v\u00e9dsku\",\"description\":\"Blog o \u0161v\u00e9d\u0161tin\u011b, cestov\u00e1n\u00ed a \u017eivot\u011b ve \u0160v\u00e9dsku\",\"potentialAction\":[{\"@type\":\"SearchAction\",\"target\":{\"@type\":\"EntryPoint\",\"urlTemplate\":\"https:\\\/\\\/tynavesvedsku.com\\\/?s={search_term_string}\"},\"query-input\":{\"@type\":\"PropertyValueSpecification\",\"valueRequired\":true,\"valueName\":\"search_term_string\"}}],\"inLanguage\":\"cs\"},{\"@type\":\"Person\",\"@id\":\"https:\\\/\\\/tynavesvedsku.com\\\/#\\\/schema\\\/person\\\/911bb2cdceaf0b9d4c7d56be12f730ec\",\"name\":\"tyna\",\"image\":{\"@type\":\"ImageObject\",\"inLanguage\":\"cs\",\"@id\":\"https:\\\/\\\/secure.gravatar.com\\\/avatar\\\/04410c153f8418bab509dfe23b92b5c8343e18b5be3958974c7b7f00fdb9b863?s=96&d=mm&r=g\",\"url\":\"https:\\\/\\\/secure.gravatar.com\\\/avatar\\\/04410c153f8418bab509dfe23b92b5c8343e18b5be3958974c7b7f00fdb9b863?s=96&d=mm&r=g\",\"contentUrl\":\"https:\\\/\\\/secure.gravatar.com\\\/avatar\\\/04410c153f8418bab509dfe23b92b5c8343e18b5be3958974c7b7f00fdb9b863?s=96&d=mm&r=g\",\"caption\":\"tyna\"},\"sameAs\":[\"http:\\\/\\\/tynavesvedsku.com\"],\"url\":\"https:\\\/\\\/tynavesvedsku.com\\\/index.php\\\/author\\\/tyna\\\/\"}]}<\/script>\n<!-- \/ Yoast SEO plugin. -->","yoast_head_json":{"title":"Zeptejte se jinak, pros\u00edm - M\u016fj \u017eivot ve \u0160v\u00e9dsku","description":"Zeptejte se jinak, pros\u00edm. Ka\u017ed\u00fd, kdo n\u011bkdy bydlel v zahrani\u010d\u00ed, to zn\u00e1 \u2013 st\u00e1le se opakuj\u00edc\u00ed ot\u00e1zky, kter\u00e9 kladou v\u0161ichni okolo.","robots":{"index":"index","follow":"follow","max-snippet":"max-snippet:-1","max-image-preview":"max-image-preview:large","max-video-preview":"max-video-preview:-1"},"canonical":"https:\/\/tynavesvedsku.com\/index.php\/2023\/01\/06\/zeptejte-se-jinak-prosim\/","og_locale":"cs_CZ","og_type":"article","og_title":"Zeptejte se jinak, pros\u00edm - M\u016fj \u017eivot ve \u0160v\u00e9dsku","og_description":"Zeptejte se jinak, pros\u00edm. Ka\u017ed\u00fd, kdo n\u011bkdy bydlel v zahrani\u010d\u00ed, to zn\u00e1 \u2013 st\u00e1le se opakuj\u00edc\u00ed ot\u00e1zky, kter\u00e9 kladou v\u0161ichni okolo.","og_url":"https:\/\/tynavesvedsku.com\/index.php\/2023\/01\/06\/zeptejte-se-jinak-prosim\/","og_site_name":"M\u016fj \u017eivot ve \u0160v\u00e9dsku","article_published_time":"2023-01-06T17:00:09+00:00","article_modified_time":"2023-01-06T17:01:20+00:00","og_image":[{"width":2560,"height":1920,"url":"https:\/\/tynavesvedsku.com\/wp-content\/uploads\/2022\/12\/20210619_214821-scaled.jpg","type":"image\/jpeg"}],"author":"tyna","twitter_card":"summary_large_image","twitter_misc":{"Napsal(a)":"tyna","Odhadovan\u00e1 doba \u010dten\u00ed":"10 minut"},"schema":{"@context":"https:\/\/schema.org","@graph":[{"@type":"Article","@id":"https:\/\/tynavesvedsku.com\/index.php\/2023\/01\/06\/zeptejte-se-jinak-prosim\/#article","isPartOf":{"@id":"https:\/\/tynavesvedsku.com\/index.php\/2023\/01\/06\/zeptejte-se-jinak-prosim\/"},"author":{"name":"tyna","@id":"https:\/\/tynavesvedsku.com\/#\/schema\/person\/911bb2cdceaf0b9d4c7d56be12f730ec"},"headline":"Zeptejte se jinak, pros\u00edm","datePublished":"2023-01-06T17:00:09+00:00","dateModified":"2023-01-06T17:01:20+00:00","mainEntityOfPage":{"@id":"https:\/\/tynavesvedsku.com\/index.php\/2023\/01\/06\/zeptejte-se-jinak-prosim\/"},"wordCount":2288,"image":{"@id":"https:\/\/tynavesvedsku.com\/index.php\/2023\/01\/06\/zeptejte-se-jinak-prosim\/#primaryimage"},"thumbnailUrl":"https:\/\/tynavesvedsku.com\/wp-content\/uploads\/2022\/12\/20210619_214821-scaled.jpg","keywords":["\u0160v\u00e9dsko"],"articleSection":["Vypr\u00e1v\u011bn\u00ed"],"inLanguage":"cs"},{"@type":"WebPage","@id":"https:\/\/tynavesvedsku.com\/index.php\/2023\/01\/06\/zeptejte-se-jinak-prosim\/","url":"https:\/\/tynavesvedsku.com\/index.php\/2023\/01\/06\/zeptejte-se-jinak-prosim\/","name":"Zeptejte se jinak, pros\u00edm - M\u016fj \u017eivot ve \u0160v\u00e9dsku","isPartOf":{"@id":"https:\/\/tynavesvedsku.com\/#website"},"primaryImageOfPage":{"@id":"https:\/\/tynavesvedsku.com\/index.php\/2023\/01\/06\/zeptejte-se-jinak-prosim\/#primaryimage"},"image":{"@id":"https:\/\/tynavesvedsku.com\/index.php\/2023\/01\/06\/zeptejte-se-jinak-prosim\/#primaryimage"},"thumbnailUrl":"https:\/\/tynavesvedsku.com\/wp-content\/uploads\/2022\/12\/20210619_214821-scaled.jpg","datePublished":"2023-01-06T17:00:09+00:00","dateModified":"2023-01-06T17:01:20+00:00","author":{"@id":"https:\/\/tynavesvedsku.com\/#\/schema\/person\/911bb2cdceaf0b9d4c7d56be12f730ec"},"description":"Zeptejte se jinak, pros\u00edm. Ka\u017ed\u00fd, kdo n\u011bkdy bydlel v zahrani\u010d\u00ed, to zn\u00e1 \u2013 st\u00e1le se opakuj\u00edc\u00ed ot\u00e1zky, kter\u00e9 kladou v\u0161ichni okolo.","breadcrumb":{"@id":"https:\/\/tynavesvedsku.com\/index.php\/2023\/01\/06\/zeptejte-se-jinak-prosim\/#breadcrumb"},"inLanguage":"cs","potentialAction":[{"@type":"ReadAction","target":["https:\/\/tynavesvedsku.com\/index.php\/2023\/01\/06\/zeptejte-se-jinak-prosim\/"]}]},{"@type":"ImageObject","inLanguage":"cs","@id":"https:\/\/tynavesvedsku.com\/index.php\/2023\/01\/06\/zeptejte-se-jinak-prosim\/#primaryimage","url":"https:\/\/tynavesvedsku.com\/wp-content\/uploads\/2022\/12\/20210619_214821-scaled.jpg","contentUrl":"https:\/\/tynavesvedsku.com\/wp-content\/uploads\/2022\/12\/20210619_214821-scaled.jpg","width":2560,"height":1920},{"@type":"BreadcrumbList","@id":"https:\/\/tynavesvedsku.com\/index.php\/2023\/01\/06\/zeptejte-se-jinak-prosim\/#breadcrumb","itemListElement":[{"@type":"ListItem","position":1,"name":"Home","item":"https:\/\/tynavesvedsku.com\/"},{"@type":"ListItem","position":2,"name":"Zeptejte se jinak, pros\u00edm"}]},{"@type":"WebSite","@id":"https:\/\/tynavesvedsku.com\/#website","url":"https:\/\/tynavesvedsku.com\/","name":"M\u016fj \u017eivot ve \u0160v\u00e9dsku","description":"Blog o \u0161v\u00e9d\u0161tin\u011b, cestov\u00e1n\u00ed a \u017eivot\u011b ve \u0160v\u00e9dsku","potentialAction":[{"@type":"SearchAction","target":{"@type":"EntryPoint","urlTemplate":"https:\/\/tynavesvedsku.com\/?s={search_term_string}"},"query-input":{"@type":"PropertyValueSpecification","valueRequired":true,"valueName":"search_term_string"}}],"inLanguage":"cs"},{"@type":"Person","@id":"https:\/\/tynavesvedsku.com\/#\/schema\/person\/911bb2cdceaf0b9d4c7d56be12f730ec","name":"tyna","image":{"@type":"ImageObject","inLanguage":"cs","@id":"https:\/\/secure.gravatar.com\/avatar\/04410c153f8418bab509dfe23b92b5c8343e18b5be3958974c7b7f00fdb9b863?s=96&d=mm&r=g","url":"https:\/\/secure.gravatar.com\/avatar\/04410c153f8418bab509dfe23b92b5c8343e18b5be3958974c7b7f00fdb9b863?s=96&d=mm&r=g","contentUrl":"https:\/\/secure.gravatar.com\/avatar\/04410c153f8418bab509dfe23b92b5c8343e18b5be3958974c7b7f00fdb9b863?s=96&d=mm&r=g","caption":"tyna"},"sameAs":["http:\/\/tynavesvedsku.com"],"url":"https:\/\/tynavesvedsku.com\/index.php\/author\/tyna\/"}]}},"jetpack_publicize_connections":[],"jetpack_featured_media_url":"https:\/\/tynavesvedsku.com\/wp-content\/uploads\/2022\/12\/20210619_214821-scaled.jpg","jetpack_sharing_enabled":true,"_links":{"self":[{"href":"https:\/\/tynavesvedsku.com\/index.php\/wp-json\/wp\/v2\/posts\/489","targetHints":{"allow":["GET"]}}],"collection":[{"href":"https:\/\/tynavesvedsku.com\/index.php\/wp-json\/wp\/v2\/posts"}],"about":[{"href":"https:\/\/tynavesvedsku.com\/index.php\/wp-json\/wp\/v2\/types\/post"}],"author":[{"embeddable":true,"href":"https:\/\/tynavesvedsku.com\/index.php\/wp-json\/wp\/v2\/users\/1"}],"replies":[{"embeddable":true,"href":"https:\/\/tynavesvedsku.com\/index.php\/wp-json\/wp\/v2\/comments?post=489"}],"version-history":[{"count":2,"href":"https:\/\/tynavesvedsku.com\/index.php\/wp-json\/wp\/v2\/posts\/489\/revisions"}],"predecessor-version":[{"id":491,"href":"https:\/\/tynavesvedsku.com\/index.php\/wp-json\/wp\/v2\/posts\/489\/revisions\/491"}],"wp:featuredmedia":[{"embeddable":true,"href":"https:\/\/tynavesvedsku.com\/index.php\/wp-json\/wp\/v2\/media\/329"}],"wp:attachment":[{"href":"https:\/\/tynavesvedsku.com\/index.php\/wp-json\/wp\/v2\/media?parent=489"}],"wp:term":[{"taxonomy":"category","embeddable":true,"href":"https:\/\/tynavesvedsku.com\/index.php\/wp-json\/wp\/v2\/categories?post=489"},{"taxonomy":"post_tag","embeddable":true,"href":"https:\/\/tynavesvedsku.com\/index.php\/wp-json\/wp\/v2\/tags?post=489"}],"curies":[{"name":"wp","href":"https:\/\/api.w.org\/{rel}","templated":true}]}}