{"id":502,"date":"2023-01-06T19:01:50","date_gmt":"2023-01-06T19:01:50","guid":{"rendered":"https:\/\/tynavesvedsku.com\/?p=502"},"modified":"2023-01-06T19:01:51","modified_gmt":"2023-01-06T19:01:51","slug":"jak-svedi-pracuji","status":"publish","type":"post","link":"https:\/\/tynavesvedsku.com\/index.php\/2023\/01\/06\/jak-svedi-pracuji\/","title":{"rendered":"Jak \u0160v\u00e9di pracuj\u00ed"},"content":{"rendered":"\n<p>Jak to, \u017ee je najednou nemo\u017en\u00e9 interpretovat chov\u00e1n\u00ed \u0160v\u00e9d\u016f v pr\u00e1ci? O pr\u00e1ci ve \u0160v\u00e9dsku a rozd\u00edlech mezi \u010ceskou republikou a \u0160v\u00e9dskem.<\/p>\n\n\n\n<!--more-->\n\n\n\n<h4 class=\"wp-block-heading\"><strong>V srdci v\u011b\u010dn\u00fd neklid<\/strong><\/h4>\n\n\n\n<p>N\u011bkte\u0159\u00ed lid\u00e9 maj\u00ed dar vychutn\u00e1vat si sv\u016fj \u017eivot takov\u00fd, jak\u00fd je, nevrhat se do stresuj\u00edc\u00edch dobrodru\u017estv\u00ed za humny. B\u00fdt spokojen\u00fd se sv\u00fdm klidn\u011b plynouc\u00edm \u017eivotem. A ti dal\u0161\u00ed maj\u00ed&nbsp;<strong>v&nbsp;srdci v\u011b\u010dn\u00fd neklid.<\/strong>&nbsp;Opl\u00fdvaj\u00ed talentem d\u011blat si n\u011bjak\u00fdm zp\u016fsobem sv\u016fj \u017eivot komplikovan\u011bj\u0161\u00ed, v\u00edce stresuj\u00edc\u00ed, hraj\u00edc\u00ed jin\u00fdmi barvami ne\u017e jak\u00e9 zn\u00e1me z domova.<\/p>\n\n\n\n<p>\u010cten\u00e1\u0159 jist\u011b uhodl, \u017ee&nbsp;<strong>autorka \u010dl\u00e1nku pat\u0159\u00ed k&nbsp;lidem druh\u00e9ho typu.<\/strong>&nbsp;Nen\u00ed dne, kdy bych nez\u00e1vid\u011bla jedinc\u016fm, kte\u0159\u00ed se dr\u017e\u00ed toho sv\u00e9ho a nemaj\u00ed&nbsp;<strong>nezkrotnou touhu pou\u0161t\u011bt se do st\u00e1le \u0161\u00edlen\u011bj\u0161\u00edch projekt\u016f.<\/strong>&nbsp;Bohu\u017eel jsem zjistila, \u017ee tohle u m\u011b fungovat nebude, i kdybych se stra\u0161n\u011b moc sna\u017eila. A tak jsem ve \u0160v\u00e9dsku. A tak po roce v&nbsp;cizin\u011b pracuji s&nbsp;t\u011bmi nejnebezpe\u010dn\u011bj\u0161\u00edmi z&nbsp;cel\u00e9ho \u0160v\u00e9dska a<strong>&nbsp;p\u0159em\u00fd\u0161l\u00edm, jestli jsem se tentokr\u00e1t u\u017e nezbl\u00e1znila do\u010dista.<\/strong><\/p>\n\n\n\n<p>Listy pap\u00edr\u016f se pln\u00ed stresov\u00fdm den\u00ed\u010dkem a nov\u00fdmi pravidly k\u00a0udr\u017een\u00ed du\u0161evn\u00ed pohody. Z\u00e1rove\u0148 m\u011b je\u0161t\u011b (zat\u00edm) nepustila v\u016fle si to ve \u0160v\u00e9dsku vybojovat. P\u0159esto, \u017ee n\u011bkter\u00e9 dny\u00a0<em>jag \u00e4r helt paj, <\/em>jsem na kol\u00e1\u010d, \u010desky \u0159e\u010deno \u00fapln\u011b vy\u0159\u00edzen\u00e1. Krom\u011b bezesporu nikoliv nezaj\u00edmav\u00e9ho \u017eivota a extraintenzivn\u00edho jazykov\u00e9ho kurzu m\u00e1m ale tak\u00e9 \u010das pozorovat \u0161v\u00e9dskou pracovn\u00ed kulturu. A\u00a0<strong>doch\u00e1zet opakovan\u011b k\u00a0z\u00e1v\u011bru, \u017ee \u0160v\u00e9dov\u00e9 jsou prost\u011b jin\u00ed.\u00a0<\/strong><\/p>\n\n\n\n<figure class=\"wp-block-image\"><img decoding=\"async\" src=\"https:\/\/lh3.googleusercontent.com\/ww9AFr1-tmUrVZJiNu7AayXnFZZ5LvmNpk0yeI0UMjg0wE78ffmRItFo4k3sa2EUdmSV1HM0BOqnixZIpJ2-LyquewvbdPehc1uXvZ20h779kUhdpdUgrKfiGTYvMqnv3pSFdVssCcwph4GcZBIPkWxIRkYvC8kSGiO8jEqhaxPQVmucKQeo1lRwx5ijAtRPAeJqggH-i-IcPun95guNlM4aiz2K1B1WYVFLiNICE5IhxeEmsLdSwUo3c7f9RcPRTH3-1-Jd2cmzq3H0GBusFPfMVaBB3UmwpD0erYFk8Y8aXZmN6USv_EvAltjEhRUteLV-KgIgqStkTh2Jh1q94uaJ7rFgtCI9cKnLxVmqAvCZ1fKIJ0akaLBCsKgzViU-PqF6aYDqBOMX9OBcrPw_EDLOy6oCNNvezLAYgPMxITOplv4v6owqXiBACB1lm1m6OXn8GNILdselqATwAtuf5qcgdj-19FTSIuWg42dN_PpTJonjUIL__YlkzMdrlf_-fLD8JkmpNk-2bs7-KyvuYzqZKz7nV7CHifiJ7hlgIB60ZjhdAbArwtjcuy6zhiHjdkemOs3NpDp8Up5omrtGDOb6zlamn6xU8jk7vgPOjYSm26add1nVycSy1NrPmeu5FqdRkjXITS6AtMnCeYz2xPI9WlCv50gy6V1oMUJuLm5QKb3RwJ61-80oQn_8Xf4NxuUn1xkJqpwyWVVSpk5UUFNa=w811-h608-no\" alt=\"\"\/><figcaption class=\"wp-element-caption\">N\u011bkde ve \u0160v\u00e9dsku.<\/figcaption><\/figure>\n\n\n\n<h3 class=\"wp-block-heading\">Co \u0160v\u00e9dov\u00e9 pova\u017euj\u00ed za sv\u016fj odkaz sv\u011btu?<\/h3>\n\n\n\n<h3 class=\"wp-block-heading\">1. Fika? Fika!<\/h3>\n\n\n\n<p>Za rok jsem se po teoretick\u00e9 str\u00e1nce sezn\u00e1mila s\u00a0t\u00edm,<strong>\u00a0co \u017ee to fika znamen\u00e1.<\/strong>\u00a0Soci\u00e1ln\u00ed to ritu\u00e1l s\u00a0dlouhou tradic\u00ed pro \u0160v\u00e9dy, leckdy povinn\u00e1 tlachac\u00ed pauza a vytr\u017een\u00ed od pr\u00e1ce pro expaty. \u010cech si \u0159ekne, \u017ee jasn\u00fd, sva\u010dinka, ale\u00a0<strong>tak jednoduch\u00e9 to nen\u00ed.<\/strong>\u00a0<em>V jak\u00fd \u010das<\/em>\u00a0<em>se fika kon\u00e1? Kdo je na \u0159ad\u011b s dort\u00edky a buchtami? Jak v\u00edm, kdo m\u00e1 dneska buchtu don\u00e9st? O jak\u00fdch t\u00e9matech se sm\u00ed a nesm\u00ed mluvit?<\/em>\u00a0<\/p>\n\n\n\n<p><strong>Fika se tradi\u010dn\u011b kon\u00e1 ve \u0161v\u00e9dsk\u00fdch kancel\u00e1\u0159\u00edch<\/strong>, kde to provoz dovol\u00ed, dokonce i dvakr\u00e1t denn\u011b, jednou odpoledne a jednou dopoledne. N\u011bkter\u00e9 kolektivy maj\u00ed domluveno, kdy kdo p\u0159in\u00e1\u0161\u00ed buchtu. T\u00e9mata jsou jasn\u011b dan\u00e1 \u2013 hlavn\u011b ne moc osobn\u00ed ot\u00e1zky. Ale b\u011bda t\u011bm, kte\u0159\u00ed budou mluvit o pr\u00e1ci. Podle m\u00e9 \u0161v\u00e9dsk\u00e9 zn\u00e1m\u00e9 si toti\u017e takov\u00ed vyslou\u017e\u00ed zn\u00e1mku p\u011bkn\u00fdch nuda\u0159\u016f.\u00a0<strong>Prost\u011b bu\u010fte\u00a0<em>lagom<\/em>, ani m\u00e1lo ani moc.<\/strong><\/p>\n\n\n\n<p>Poznamen\u00e1na \u010desk\u00fdm prost\u0159ed\u00edm, kam tahle&nbsp;<strong>pokrokov\u00e1 teorie,<\/strong>&nbsp;\u017ee odpo\u010dat\u00fd a spokojen\u00fd zam\u011bstnanec pracuje l\u00e9pe&nbsp;<strong>do v\u011bt\u0161iny m\u00edst na\u0161\u00ed vlasti je\u0161t\u011b nedorazila,<\/strong>&nbsp;a kdy leckter\u00fd zam\u011bstnavatel pomalu po\u010d\u00edt\u00e1, kolik minut profl\u00e1k\u00e1te na toalet\u011b, se sebe pt\u00e1m. Jak je mo\u017en\u00e9, \u017ee \u0161v\u00e9d\u0161t\u00ed chlebod\u00e1rci tyto&nbsp;<strong>praktiky bezbo\u017en\u00e9ho fl\u00e1k\u00e1n\u00ed se v&nbsp;pracovn\u00edm \u010dase vehementn\u011b podporuj\u00ed?&nbsp;<\/strong>Naivn\u011b jsem se ptala sv\u00e9 \u0161v\u00e9dsk\u00e9 zn\u00e1m\u00e9 zeptala, jak se d\u00edv\u00e1 na samotn\u00fd \u00fa\u010del fiky. Jak se m\u016f\u017eu pt\u00e1t? P\u0159ece&nbsp;<em>att ha det roligt!<\/em>&nbsp;M\u00edt to fajnov\u00e9. V\u00edtejte ve \u0160v\u00e9dsku.<\/p>\n\n\n\n<h3 class=\"wp-block-heading\">2. Br\u00e1t si letn\u00ed dovolenou nejm\u00ed\u0148 na cel\u00fd m\u011bs\u00edc<\/h3>\n\n\n\n<p>Ve v\u011bt\u0161in\u011b zem\u00ed se vtipkuje o po\u010das\u00ed jako nejnudn\u011bj\u0161\u00edm p\u0159edm\u011btu konverzace s lidmi, se kter\u00fdmi tak moc konverzovat vlastn\u011b nechcete. Ve \u0160v\u00e9dsku je&nbsp;<strong>t\u00e9ma po\u010das\u00ed smrteln\u011b v\u00e1\u017en\u00e9.<\/strong>&nbsp;P\u016fl roku mluv\u00ed \u0160v\u00e9dov\u00e9 o tom, jak\u00e9 je mizern\u00e9 po\u010das\u00ed a hnusn\u00e1 tma, jak se t\u011b\u0161\u00ed na&nbsp;<em>l\u00e9to<\/em>, kam vyraz\u00ed na dovolenou (p\u0159ekvapen\u00ed, pojedou letos zase do Thajska) a kdy si m\u016f\u017eou svoje t\u00fddny dovolen\u00e9 u \u0161\u00e9fa kone\u010dn\u011b potvrdit, aby si mohli zabookovat leto\u0161n\u00ed dov\u010du. Zna\u010dn\u00e1 \u010d\u00e1st \u0160v\u00e9d\u016f si vezme dovolenou rovnou na n\u011bkolik t\u00fddn\u016f v&nbsp;kuse,&nbsp;<strong>l\u00e9to je ve \u0160v\u00e9dsku nejhez\u010d\u00ed m\u011bs\u00edc v roce<\/strong>. Druhou p\u016flku roku se to\u010d\u00ed u\u017e v\u0161echno okolo dovolen\u00fdch a p\u0159es l\u00e9to se na n\u011bkolik m\u011bs\u00edc\u016f \u0160v\u00e9dsko t\u00e9m\u011b\u0159 zastav\u00ed. Kdo by si myslel, \u017ee bude probl\u00e9m koordinovat dovolen\u00e9 p\u0159i takov\u00fdch dlouh\u00fdch absenc\u00edch, tak ten by se pletl. Do kancel\u00e1\u0159\u00ed a za volanty autobus\u016f nastoup\u00ed z\u00e1stupy student\u016f-brig\u00e1dn\u00edk\u016f a l\u00e9to za\u010d\u00edn\u00e1.<\/p>\n\n\n\n<figure class=\"wp-block-image\"><img decoding=\"async\" src=\"https:\/\/lh3.googleusercontent.com\/XDec22a005A9YOR4QmQeH1OYwu7DqWfJ7xPBwIJFqIhcz62JOKUGUjJki1hzlaTDYaJf_qvIVwywidUnr2CpUMzogMDbGBs7XQjwL6RaEVG7iQBOl-Ri6ORx_64iVmT6ccQmguwTiryRbevufPNraK536uex3WMERcizAwSzJA0pHTQTPIdgJ-HVm-ncCMFs5EEUKh4iy30sD-hT5ETn9QMU7wpz7xZGJcrYxMYI-hk4Ta9Fk5Krw3JqrBbvd3EqAWjX0h-MhSTC6oQe3Nk1rDCS1kKYNWmimR0Wm5IGBwDjsAA4b26fdP5VrlfwduMhhnD43GsRnDduAwD05uobwBtvVFsI65b5Qu38Ks5G2BQF4D1Jh4Lbj1EopWvzjotk7-W5C6Zl-L2u1lO5YyzCZxvTedWP8IDsrV-MLEqykIfhqawzSdT9RUGHVi0cxJvB2euHu18poGarydDohI9JwlKZ07FlARcxhMEWCF_JFrZvuCZxz0fh-sVKow1IQwro_0I5B372TKJEuDz17cxnCfkWfsnRNTqVmP_aAAr9AdycK_oMTLw3kJgLKwSi0CL9YHb_OVyAmvQZjTt_NDHDzibFs4ltUGjoMA9kmectTjgAUXfYrmZMVKcevTPBX7To96s0E8lxVrEFI_8SWAJGOwnuIcbQnlab9ngfVcnhA8TaHtXwAb97L4BCYmM5t0NqSh7HmmolHxssCPRCNlYAo21U=w811-h608-no\" alt=\"\"\/><figcaption class=\"wp-element-caption\"><em>Zima ve \u0160v\u00e9dsku. <\/em><\/figcaption><\/figure>\n\n\n\n<h3 class=\"wp-block-heading\">3. Balanc mezi prac\u00ed a osobn\u00edm \u017eivotem je nedotknuteln\u00fd<\/h3>\n\n\n\n<p>Zcela nejzvl\u00e1\u0161tn\u011bj\u0161\u00edm v\u00fdkv\u011btem \u0161v\u00e9dsk\u00e9 mentality pro m\u011b bezesporu bylo setk\u00e1n\u00ed s\u00a0m\u00fdm \u0161\u00e9fem v\u00a0prvn\u00edch dnech pr\u00e1ce na t\u00e9ma jak v noci sp\u00edm. P\u0159iznejme si to,\u00a0<strong>jako reklama na \u0161t\u011bst\u00ed jsem asi nevypadala.<\/strong>\u00a0Mus\u00edm doh\u00e1n\u011bt den po dni ze \u0161v\u00e9d\u0161tiny to, na co m\u011bli ostatn\u00ed cel\u00fd sv\u016fj \u017eivot. Spole\u010dn\u011b s\u00a0n\u00e1ro\u010dnou prac\u00ed jsem vypad\u00e1m nep\u0159ekvapiv\u011b pon\u011bkud vystresovan\u011b.\u00a0N\u011bkter\u00e9 dny nem\u00e1m od zbl\u00e1zn\u011bn\u00ed daleko<strong>. Mus\u00edm vynakl\u00e1dat ve\u0161ker\u00e9 s\u00edly na to, abych krotila svoje akutn\u00ed stresov\u00e9 reakce<\/strong>, kter\u00e9 mnou nekontrolovan\u011b zm\u00edtaj\u00ed p\u0159i prom\u00edt\u00e1n\u00ed v\u0161ech \u010dern\u00fdch sc\u00e9n\u00e1\u0159\u016f pracovn\u00edch katastrof, kde hraju samoz\u0159ejm\u011b prim.<\/p>\n\n\n\n<p>\u0160\u00e9f m\u011b zastavil na chodb\u011b a za\u010dal mi kl\u00e1st zvl\u00e1\u0161tn\u00ed ot\u00e1zky.\u00a0<em>Sp\u00ed\u0161 po\u0159\u00e1dn\u011b v\u00a0noci? C\u00edt\u00ed\u0161 se vystresovan\u011b? Mohu ti n\u011bjak pomoci? Cht\u011bla bys p\u0159e\u0159adit na \u010das na n\u011bkam, kde bys mohla v\u00edce jazykov\u011b odpo\u010d\u00edvat? Zd\u00e1 se mi, \u017ee moc pracuje\u0161. Kdy\u017e za v\u00e1mi p\u0159ijdu na pracovi\u0161t\u011b, soust\u0159ed\u00ed\u0161 se p\u0159\u00edli\u0161 na pr\u00e1ci. M\u00e1\u0161 na sebe moc vysok\u00e9 n\u00e1roky.<\/em>\u00a0Nen\u00ed nutno dod\u00e1vat, \u017ee jako po\u0159\u00e1dn\u00e1 \u010ce\u0161ka<strong>\u00a0nejsem zrovna dvakr\u00e1t zvykl\u00e1,<\/strong>\u00a0\u017ee by se\u00a0<strong>\u0161\u00e9f anga\u017eoval v\u00a0m\u00e9 du\u0161evn\u00ed pohod\u011b<\/strong>\u00a0(pokud ji nechce zrovna naru\u0161it). Nato\u017e aby m\u011b nechal rozhodovat o tom, co je pro m\u011b nejlep\u0161\u00ed.<\/p>\n\n\n\n<h4 class=\"wp-block-heading\"><strong>Prevence vyho\u0159en\u00ed p\u0159ece!<\/strong><\/h4>\n\n\n\n<p>Rozhovor s&nbsp;\u0161\u00e9fem nesu t\u011b\u017ece a doma si nezadr\u017eiteln\u011b emocion\u00e1ln\u011b st\u011b\u017euji. P\u0159\u00edtel m\u011b prudce zastavuje a \u0159\u00edk\u00e1, a\u0165 ho chv\u00edli poslouch\u00e1m. Ve \u0160v\u00e9dsku maj\u00ed jin\u00fd p\u0159\u00edstup,&nbsp;<strong>dbaj\u00ed o to, aby zam\u011bstnanci nevyho\u0159eli<\/strong>, aby se na pracovi\u0161ti m\u011bli fajn a pohodln\u011b a pr\u00e1ce jim sed\u011bla.&nbsp;<strong>Co se zam\u011bstnanci, kte\u0159\u00ed jsou vystresovan\u00ed, demotivovan\u00ed a s&nbsp;pocitem, \u017ee na n\u011b cel\u00e1 organizace ka\u0161le?<\/strong>&nbsp;Budou d\u011blat chyby, odejdou, vyho\u0159\u00ed, budou roky tr\u00e1vit v&nbsp;pracovn\u00ed neschopnosti.<\/p>\n\n\n\n<p>\u0160\u00e9f podle p\u0159\u00edtele prim\u00e1rn\u011b nekritizuje v\u00fdkon\u00a0<em>(co\u017e samoz\u0159ejm\u011b \u0161\u00e9f tak\u00e9 \u0159ekl)<\/em>. On se jen d\u00edv\u00e1 na probl\u00e9m ze strategick\u00e9ho hlediska. Pokud to pr\u00fd nepochop\u00edm te\u010f, nepochop\u00edm to v\u00a0\u017e\u00e1dn\u00e9 jin\u00e9 pr\u00e1ci ve \u0160v\u00e9dsku. Zd\u00e1 se mi jak ze sci-fi rom\u00e1nu, \u017ee by\u00a0<strong>m\u011bl n\u011bkdo z\u00e1jem o m\u00e9 du\u0161evn\u00ed zdrav\u00ed a balanc<\/strong>. Ale mezi kamar\u00e1dy expaty zji\u0161\u0165uji, \u017ee\u00a0<strong>to nen\u00ed neobvykl\u00e9<\/strong>. Kamar\u00e1d dostal dokonce z\u00e1kaz v\u00edkendov\u00e9 p\u0159es\u010dasu,\u00a0<strong>m\u00e1 odpo\u010d\u00edvat a v\u011bnovat se kon\u00ed\u010dk\u016fm a basta<\/strong>. D\u016frazn\u011b se mu\u00a0<strong>doporu\u010duje o v\u00edkendu se pr\u00e1ci vyhnout.<\/strong><\/p>\n\n\n\n<p>M\u00e1 \u0161v\u00e9dsk\u00e1 mentorka mi potvrd\u00ed to sam\u00e9. Rovnou mi doporu\u010d\u00ed, abych p\u0159estala myslet na to, \u017ee bych m\u011bla neust\u00e1le pracovat na 100% a\u00a0<strong>p\u0159\u00edli\u0161 se v pr\u00e1ci stresovat.<\/strong>\u00a0Mou mentorkou jsem ozna\u010dena za \u010dlenku rizikov\u00e9 skupiny k\u00a0 budouc\u00edmu vyho\u0159en\u00ed a z ozna\u010den\u00ed\u00a0<em>ambici\u00f3zn\u00ed mlad\u00e1 \u017eena<\/em>\u00a0se pro m\u011b st\u00e1v\u00e1 m\u00e1lem sprost\u00e9 slovo.  <\/p>\n\n\n\n<p><em>Duktig flicka<\/em> (\u0161ikovn\u00e1 holka) nen\u00ed v\u017edy kompliment. Je to p\u0159\u00edslu\u0161nost ke skupin\u011b holek, kter\u00e9 byly vychovan\u00e9 hlavn\u011b, aby to v\u0161echno \u0161ikovn\u011b zvl\u00e1dly a leckdy t\u00edhu t\u011bchto po\u017eadavk\u016f neunesou. \u0160\u00e9fovi tedy n\u00e1sledn\u011b vysv\u011btl\u00edm, \u017ee m\u00e1 du\u0161evn\u00ed pohoda nen\u00ed ohro\u017eena. Dal\u0161\u00ed dny se sna\u017e\u00edm vypadat, \u017ee o n\u011bco m\u00e9n\u011b\u00a0<em>tvrd\u011b<\/em>\u00a0pracuji a o n\u011bco v\u00edc si to v pr\u00e1ci\u00a0<em>u\u017e\u00edv\u00e1m<\/em>. A\u010d to vypadalo prvn\u011b zvr\u00e1cen\u011b, cel\u00e9 toto<strong>\u00a0\u0161v\u00e9dsk\u00e9 pokrokov\u00e9 pojet\u00ed pohody m\u00e1 n\u011bco do sebe.<\/strong><\/p>\n\n\n\n<figure class=\"wp-block-image\"><img decoding=\"async\" src=\"https:\/\/lh3.googleusercontent.com\/QjEkxkd23xi9S15O-ARdN07rzlt7fuV7dXL8UuYGqaBIT2W7NkCLUg5_Jq8RlDnY2wROxQ4i8uMV8Yo0sglF9VGVSDxXmBzGcCGw9Hj816Ngp8Pnfhcgto1OPfbD4UCsVfrDNMD1NTVGsdEDB_-QbnrOFhUeegGPBJPSey1dixeXsp-DHzoU7kV0Dyo5vjevFc9K_Xb4QMy7xsHaU32k4Uyy7QwnBaA3HzuWzxdL1Xh4eOFqVcwleSqk44RRoT8iZvG-d2k8d98Ily9nCnHRuhHafZxCupgRc0bjr7bEVlADNaYr_Iz217PjsOm-nEvAjgg_r5hjZRo9lcZbDOTIUqBXKjPuxcBNNe-m1PWzxfQ6TTc1lvdc0Tt0dLPTeYpCYPcNf4QOsYQ9La6u6e06NxEdl7fSgipcouZMe_xz0-4frnWzClIiRJ7ZxpIgFmxx3NpEO1FZydCimZxANf4zU7B1DvV4LEJ2RamUaPGs_VoFEAUzY5glaM6teg3ypzzIdB5eshy20FuA3mKreBbkDCXlRxATiekBytF3bjVLlj6m-RWQR6yF4I44Suy7XE0pJK9rF0LfodcNTcYGrfzPrIv91Iw18uuH8sKChhe_hLPhixVjRnuyWbZW0ByIBz2RDmHnc0t7fdnm5hP9TnkSRKGeYE5Nv80S25L4BSLIGKK39MIfHMN-jStsPUD4sXMy92Z2iwc-0ov0qnIu2_kKPRqt=w811-h608-no\" alt=\"\"\/><figcaption class=\"wp-element-caption\">Zima.<\/figcaption><\/figure>\n\n\n\n<h3 class=\"wp-block-heading\"><strong>Dala jsi se na vojnu, mus\u00ed\u0161 bojovat<\/strong><\/h3>\n\n\n\n<p>P\u0159ed t\u0159emi roky jsem nastupovala na<a href=\"https:\/\/mladiinfo.cz\/\/stazistkou-v-evropskem-parlamentu-v-co-mi-brusel-dal-a-vzal\/\" target=\"_blank\" rel=\"noreferrer noopener\">\u00a0st\u00e1\u017e v\u00a0Evropsk\u00e9m parlamentu<\/a>. Jeden kolega\u00a0 mi tenkr\u00e1t \u0159ekl, jak mi z\u00e1vid\u00ed, \u017ee m\u00e1m\u00a0<strong>ty nejv\u011bt\u0161\u00ed boje dosp\u011bl\u00e9ho a pracovn\u00edho \u017eivota p\u0159ed sebou<\/strong>. Lehko se zapom\u00edn\u00e1, \u017ee ka\u017ed\u00fd z\u00a0n\u00e1s m\u00e1 sv\u00e9 vlastn\u00ed boje, \u017ee jsou jen jinak na\u010dasovan\u00e9 a maj\u00ed jinou podobu. \u017de n\u011bkdo je m\u00e1 za sebou a na n\u011bkoho teprve \u010dekaj\u00ed. A m\u016fj boj je tady a te\u010f.<\/p>\n\n\n\n<p>M\u011bla bych za trest jako po\u0161kol\u00e1k na tabuli ps\u00e1t, \u017ee\u00a0<strong>nejsem jedin\u00fd cizinec, co si to mus\u00ed v\u00a0cizin\u011b vybojovat<\/strong>. \u017de na rozd\u00edl od ostatn\u00edch cizinc\u016f to m\u00e1m ve \u0160v\u00e9dsku je\u0161t\u011b kr\u00e1sn\u00e9. A\u017e se skoro styd\u00edm za svou mladickou naivitu, drzost a umanutost\u00a0<strong>m\u00edt to v\u0161echno nalajnovan\u00e9 a po\u0159e\u0161en\u00e9 po p\u00e1r m\u011bs\u00edc\u00edch v zemi.<\/strong>\u00a0Zejm\u00e9na kdy\u017e se bav\u00edm v\u00a0uprchlick\u00e9m za\u0159\u00edzen\u00ed s\u00a0lidmi, co utekli z\u00a0m\u00edst tot\u00e1ln\u00edho chaosu a humanit\u00e1rn\u00edch katastrof a nebo kdy\u017e se bav\u00edm se star\u0161\u00edmi kolegy-cizinci o tom, jak dlouho se psal jejich nov\u00fd \u017eivot ve \u0160v\u00e9dsku.<\/p>\n\n\n\n<p><strong>\u010cl\u00e1nek byl p\u016fvodn\u011b publikov\u00e1n autorkou\u00a0<a href=\"https:\/\/www.mladiinfo.cz\/\" target=\"_blank\" rel=\"noreferrer noopener\">na str\u00e1nce Mladiinfo v roce 2019.<\/a>\u00a0Pro v\u011bt\u0161\u00ed p\u0159ehlednost je \u010dl\u00e1nek p\u0159esunut na\u00a0<a href=\"https:\/\/tynavesvedsku.com\/\" target=\"_blank\" rel=\"noreferrer noopener\">tento odd\u011blen\u00fd blog.<\/a><\/strong><\/p>\n","protected":false},"excerpt":{"rendered":"<p>Jak to, \u017ee je najednou nemo\u017en\u00e9 interpretovat chov\u00e1n\u00ed \u0160v\u00e9d\u016f v pr\u00e1ci? O pr\u00e1ci ve \u0160v\u00e9dsku [&hellip;]<\/p>\n","protected":false},"author":1,"featured_media":500,"comment_status":"closed","ping_status":"closed","sticky":false,"template":"","format":"standard","meta":{"_monsterinsights_skip_tracking":false,"_monsterinsights_sitenote_active":false,"_monsterinsights_sitenote_note":"","_monsterinsights_sitenote_category":0,"_jetpack_memberships_contains_paid_content":false,"footnotes":"","jetpack_publicize_message":"","jetpack_publicize_feature_enabled":true,"jetpack_social_post_already_shared":true,"jetpack_social_options":{"image_generator_settings":{"template":"highway","default_image_id":0,"font":"","enabled":false},"version":2}},"categories":[16,5],"tags":[15,28,27],"class_list":["post-502","post","type-post","status-publish","format-standard","has-post-thumbnail","hentry","category-kariera","category-vypraveni","tag-kariera","tag-prace-ve-svedsku","tag-svedsko"],"yoast_head":"<!-- This site is optimized with the Yoast SEO plugin v27.5 - https:\/\/yoast.com\/product\/yoast-seo-wordpress\/ -->\n<title>Jak \u0160v\u00e9di pracuj\u00ed - M\u016fj \u017eivot ve \u0160v\u00e9dsku<\/title>\n<meta name=\"description\" content=\"Jak \u0160v\u00e9di pracuj\u00ed. Je nemo\u017en\u00e9 interpretovat chov\u00e1n\u00ed \u0160v\u00e9d\u016f v pr\u00e1ci? O pr\u00e1ci ve \u0160v\u00e9dsku a rozd\u00edlech mezi \u010ceskou republikou a \u0160v\u00e9dskem.\" \/>\n<meta name=\"robots\" content=\"index, follow, max-snippet:-1, max-image-preview:large, max-video-preview:-1\" \/>\n<link rel=\"canonical\" href=\"https:\/\/tynavesvedsku.com\/index.php\/2023\/01\/06\/jak-svedi-pracuji\/\" \/>\n<meta property=\"og:locale\" content=\"cs_CZ\" \/>\n<meta property=\"og:type\" content=\"article\" \/>\n<meta property=\"og:title\" content=\"Jak \u0160v\u00e9di pracuj\u00ed - M\u016fj \u017eivot ve \u0160v\u00e9dsku\" \/>\n<meta property=\"og:description\" content=\"Jak \u0160v\u00e9di pracuj\u00ed. Je nemo\u017en\u00e9 interpretovat chov\u00e1n\u00ed \u0160v\u00e9d\u016f v pr\u00e1ci? O pr\u00e1ci ve \u0160v\u00e9dsku a rozd\u00edlech mezi \u010ceskou republikou a \u0160v\u00e9dskem.\" \/>\n<meta property=\"og:url\" content=\"https:\/\/tynavesvedsku.com\/index.php\/2023\/01\/06\/jak-svedi-pracuji\/\" \/>\n<meta property=\"og:site_name\" content=\"M\u016fj \u017eivot ve \u0160v\u00e9dsku\" \/>\n<meta property=\"article:published_time\" content=\"2023-01-06T19:01:50+00:00\" \/>\n<meta property=\"article:modified_time\" content=\"2023-01-06T19:01:51+00:00\" \/>\n<meta property=\"og:image\" content=\"https:\/\/tynavesvedsku.com\/wp-content\/uploads\/2023\/01\/20210909_070812-scaled.jpg\" \/>\n\t<meta property=\"og:image:width\" content=\"2560\" \/>\n\t<meta property=\"og:image:height\" content=\"1920\" \/>\n\t<meta property=\"og:image:type\" content=\"image\/jpeg\" \/>\n<meta name=\"author\" content=\"tyna\" \/>\n<meta name=\"twitter:card\" content=\"summary_large_image\" \/>\n<meta name=\"twitter:label1\" content=\"Napsal(a)\" \/>\n\t<meta name=\"twitter:data1\" content=\"tyna\" \/>\n\t<meta name=\"twitter:label2\" content=\"Odhadovan\u00e1 doba \u010dten\u00ed\" \/>\n\t<meta name=\"twitter:data2\" content=\"8 minut\" \/>\n<script type=\"application\/ld+json\" class=\"yoast-schema-graph\">{\"@context\":\"https:\\\/\\\/schema.org\",\"@graph\":[{\"@type\":\"Article\",\"@id\":\"https:\\\/\\\/tynavesvedsku.com\\\/index.php\\\/2023\\\/01\\\/06\\\/jak-svedi-pracuji\\\/#article\",\"isPartOf\":{\"@id\":\"https:\\\/\\\/tynavesvedsku.com\\\/index.php\\\/2023\\\/01\\\/06\\\/jak-svedi-pracuji\\\/\"},\"author\":{\"name\":\"tyna\",\"@id\":\"https:\\\/\\\/tynavesvedsku.com\\\/#\\\/schema\\\/person\\\/911bb2cdceaf0b9d4c7d56be12f730ec\"},\"headline\":\"Jak \u0160v\u00e9di pracuj\u00ed\",\"datePublished\":\"2023-01-06T19:01:50+00:00\",\"dateModified\":\"2023-01-06T19:01:51+00:00\",\"mainEntityOfPage\":{\"@id\":\"https:\\\/\\\/tynavesvedsku.com\\\/index.php\\\/2023\\\/01\\\/06\\\/jak-svedi-pracuji\\\/\"},\"wordCount\":1725,\"image\":{\"@id\":\"https:\\\/\\\/tynavesvedsku.com\\\/index.php\\\/2023\\\/01\\\/06\\\/jak-svedi-pracuji\\\/#primaryimage\"},\"thumbnailUrl\":\"https:\\\/\\\/tynavesvedsku.com\\\/wp-content\\\/uploads\\\/2023\\\/01\\\/20210909_070812-scaled.jpg\",\"keywords\":[\"Kari\u00e9ra\",\"pr\u00e1ce ve \u0160v\u00e9dsku\",\"\u0160v\u00e9dsko\"],\"articleSection\":[\"Pr\u00e1ce\",\"Vypr\u00e1v\u011bn\u00ed\"],\"inLanguage\":\"cs\"},{\"@type\":\"WebPage\",\"@id\":\"https:\\\/\\\/tynavesvedsku.com\\\/index.php\\\/2023\\\/01\\\/06\\\/jak-svedi-pracuji\\\/\",\"url\":\"https:\\\/\\\/tynavesvedsku.com\\\/index.php\\\/2023\\\/01\\\/06\\\/jak-svedi-pracuji\\\/\",\"name\":\"Jak \u0160v\u00e9di pracuj\u00ed - M\u016fj \u017eivot ve \u0160v\u00e9dsku\",\"isPartOf\":{\"@id\":\"https:\\\/\\\/tynavesvedsku.com\\\/#website\"},\"primaryImageOfPage\":{\"@id\":\"https:\\\/\\\/tynavesvedsku.com\\\/index.php\\\/2023\\\/01\\\/06\\\/jak-svedi-pracuji\\\/#primaryimage\"},\"image\":{\"@id\":\"https:\\\/\\\/tynavesvedsku.com\\\/index.php\\\/2023\\\/01\\\/06\\\/jak-svedi-pracuji\\\/#primaryimage\"},\"thumbnailUrl\":\"https:\\\/\\\/tynavesvedsku.com\\\/wp-content\\\/uploads\\\/2023\\\/01\\\/20210909_070812-scaled.jpg\",\"datePublished\":\"2023-01-06T19:01:50+00:00\",\"dateModified\":\"2023-01-06T19:01:51+00:00\",\"author\":{\"@id\":\"https:\\\/\\\/tynavesvedsku.com\\\/#\\\/schema\\\/person\\\/911bb2cdceaf0b9d4c7d56be12f730ec\"},\"description\":\"Jak \u0160v\u00e9di pracuj\u00ed. Je nemo\u017en\u00e9 interpretovat chov\u00e1n\u00ed \u0160v\u00e9d\u016f v pr\u00e1ci? O pr\u00e1ci ve \u0160v\u00e9dsku a rozd\u00edlech mezi \u010ceskou republikou a \u0160v\u00e9dskem.\",\"breadcrumb\":{\"@id\":\"https:\\\/\\\/tynavesvedsku.com\\\/index.php\\\/2023\\\/01\\\/06\\\/jak-svedi-pracuji\\\/#breadcrumb\"},\"inLanguage\":\"cs\",\"potentialAction\":[{\"@type\":\"ReadAction\",\"target\":[\"https:\\\/\\\/tynavesvedsku.com\\\/index.php\\\/2023\\\/01\\\/06\\\/jak-svedi-pracuji\\\/\"]}]},{\"@type\":\"ImageObject\",\"inLanguage\":\"cs\",\"@id\":\"https:\\\/\\\/tynavesvedsku.com\\\/index.php\\\/2023\\\/01\\\/06\\\/jak-svedi-pracuji\\\/#primaryimage\",\"url\":\"https:\\\/\\\/tynavesvedsku.com\\\/wp-content\\\/uploads\\\/2023\\\/01\\\/20210909_070812-scaled.jpg\",\"contentUrl\":\"https:\\\/\\\/tynavesvedsku.com\\\/wp-content\\\/uploads\\\/2023\\\/01\\\/20210909_070812-scaled.jpg\",\"width\":2560,\"height\":1920},{\"@type\":\"BreadcrumbList\",\"@id\":\"https:\\\/\\\/tynavesvedsku.com\\\/index.php\\\/2023\\\/01\\\/06\\\/jak-svedi-pracuji\\\/#breadcrumb\",\"itemListElement\":[{\"@type\":\"ListItem\",\"position\":1,\"name\":\"Home\",\"item\":\"https:\\\/\\\/tynavesvedsku.com\\\/\"},{\"@type\":\"ListItem\",\"position\":2,\"name\":\"Jak \u0160v\u00e9di pracuj\u00ed\"}]},{\"@type\":\"WebSite\",\"@id\":\"https:\\\/\\\/tynavesvedsku.com\\\/#website\",\"url\":\"https:\\\/\\\/tynavesvedsku.com\\\/\",\"name\":\"M\u016fj \u017eivot ve \u0160v\u00e9dsku\",\"description\":\"Blog o \u0161v\u00e9d\u0161tin\u011b, cestov\u00e1n\u00ed a \u017eivot\u011b ve \u0160v\u00e9dsku\",\"potentialAction\":[{\"@type\":\"SearchAction\",\"target\":{\"@type\":\"EntryPoint\",\"urlTemplate\":\"https:\\\/\\\/tynavesvedsku.com\\\/?s={search_term_string}\"},\"query-input\":{\"@type\":\"PropertyValueSpecification\",\"valueRequired\":true,\"valueName\":\"search_term_string\"}}],\"inLanguage\":\"cs\"},{\"@type\":\"Person\",\"@id\":\"https:\\\/\\\/tynavesvedsku.com\\\/#\\\/schema\\\/person\\\/911bb2cdceaf0b9d4c7d56be12f730ec\",\"name\":\"tyna\",\"image\":{\"@type\":\"ImageObject\",\"inLanguage\":\"cs\",\"@id\":\"https:\\\/\\\/secure.gravatar.com\\\/avatar\\\/04410c153f8418bab509dfe23b92b5c8343e18b5be3958974c7b7f00fdb9b863?s=96&d=mm&r=g\",\"url\":\"https:\\\/\\\/secure.gravatar.com\\\/avatar\\\/04410c153f8418bab509dfe23b92b5c8343e18b5be3958974c7b7f00fdb9b863?s=96&d=mm&r=g\",\"contentUrl\":\"https:\\\/\\\/secure.gravatar.com\\\/avatar\\\/04410c153f8418bab509dfe23b92b5c8343e18b5be3958974c7b7f00fdb9b863?s=96&d=mm&r=g\",\"caption\":\"tyna\"},\"sameAs\":[\"http:\\\/\\\/tynavesvedsku.com\"],\"url\":\"https:\\\/\\\/tynavesvedsku.com\\\/index.php\\\/author\\\/tyna\\\/\"}]}<\/script>\n<!-- \/ Yoast SEO plugin. -->","yoast_head_json":{"title":"Jak \u0160v\u00e9di pracuj\u00ed - M\u016fj \u017eivot ve \u0160v\u00e9dsku","description":"Jak \u0160v\u00e9di pracuj\u00ed. Je nemo\u017en\u00e9 interpretovat chov\u00e1n\u00ed \u0160v\u00e9d\u016f v pr\u00e1ci? O pr\u00e1ci ve \u0160v\u00e9dsku a rozd\u00edlech mezi \u010ceskou republikou a \u0160v\u00e9dskem.","robots":{"index":"index","follow":"follow","max-snippet":"max-snippet:-1","max-image-preview":"max-image-preview:large","max-video-preview":"max-video-preview:-1"},"canonical":"https:\/\/tynavesvedsku.com\/index.php\/2023\/01\/06\/jak-svedi-pracuji\/","og_locale":"cs_CZ","og_type":"article","og_title":"Jak \u0160v\u00e9di pracuj\u00ed - M\u016fj \u017eivot ve \u0160v\u00e9dsku","og_description":"Jak \u0160v\u00e9di pracuj\u00ed. Je nemo\u017en\u00e9 interpretovat chov\u00e1n\u00ed \u0160v\u00e9d\u016f v pr\u00e1ci? O pr\u00e1ci ve \u0160v\u00e9dsku a rozd\u00edlech mezi \u010ceskou republikou a \u0160v\u00e9dskem.","og_url":"https:\/\/tynavesvedsku.com\/index.php\/2023\/01\/06\/jak-svedi-pracuji\/","og_site_name":"M\u016fj \u017eivot ve \u0160v\u00e9dsku","article_published_time":"2023-01-06T19:01:50+00:00","article_modified_time":"2023-01-06T19:01:51+00:00","og_image":[{"width":2560,"height":1920,"url":"https:\/\/tynavesvedsku.com\/wp-content\/uploads\/2023\/01\/20210909_070812-scaled.jpg","type":"image\/jpeg"}],"author":"tyna","twitter_card":"summary_large_image","twitter_misc":{"Napsal(a)":"tyna","Odhadovan\u00e1 doba \u010dten\u00ed":"8 minut"},"schema":{"@context":"https:\/\/schema.org","@graph":[{"@type":"Article","@id":"https:\/\/tynavesvedsku.com\/index.php\/2023\/01\/06\/jak-svedi-pracuji\/#article","isPartOf":{"@id":"https:\/\/tynavesvedsku.com\/index.php\/2023\/01\/06\/jak-svedi-pracuji\/"},"author":{"name":"tyna","@id":"https:\/\/tynavesvedsku.com\/#\/schema\/person\/911bb2cdceaf0b9d4c7d56be12f730ec"},"headline":"Jak \u0160v\u00e9di pracuj\u00ed","datePublished":"2023-01-06T19:01:50+00:00","dateModified":"2023-01-06T19:01:51+00:00","mainEntityOfPage":{"@id":"https:\/\/tynavesvedsku.com\/index.php\/2023\/01\/06\/jak-svedi-pracuji\/"},"wordCount":1725,"image":{"@id":"https:\/\/tynavesvedsku.com\/index.php\/2023\/01\/06\/jak-svedi-pracuji\/#primaryimage"},"thumbnailUrl":"https:\/\/tynavesvedsku.com\/wp-content\/uploads\/2023\/01\/20210909_070812-scaled.jpg","keywords":["Kari\u00e9ra","pr\u00e1ce ve \u0160v\u00e9dsku","\u0160v\u00e9dsko"],"articleSection":["Pr\u00e1ce","Vypr\u00e1v\u011bn\u00ed"],"inLanguage":"cs"},{"@type":"WebPage","@id":"https:\/\/tynavesvedsku.com\/index.php\/2023\/01\/06\/jak-svedi-pracuji\/","url":"https:\/\/tynavesvedsku.com\/index.php\/2023\/01\/06\/jak-svedi-pracuji\/","name":"Jak \u0160v\u00e9di pracuj\u00ed - M\u016fj \u017eivot ve \u0160v\u00e9dsku","isPartOf":{"@id":"https:\/\/tynavesvedsku.com\/#website"},"primaryImageOfPage":{"@id":"https:\/\/tynavesvedsku.com\/index.php\/2023\/01\/06\/jak-svedi-pracuji\/#primaryimage"},"image":{"@id":"https:\/\/tynavesvedsku.com\/index.php\/2023\/01\/06\/jak-svedi-pracuji\/#primaryimage"},"thumbnailUrl":"https:\/\/tynavesvedsku.com\/wp-content\/uploads\/2023\/01\/20210909_070812-scaled.jpg","datePublished":"2023-01-06T19:01:50+00:00","dateModified":"2023-01-06T19:01:51+00:00","author":{"@id":"https:\/\/tynavesvedsku.com\/#\/schema\/person\/911bb2cdceaf0b9d4c7d56be12f730ec"},"description":"Jak \u0160v\u00e9di pracuj\u00ed. Je nemo\u017en\u00e9 interpretovat chov\u00e1n\u00ed \u0160v\u00e9d\u016f v pr\u00e1ci? O pr\u00e1ci ve \u0160v\u00e9dsku a rozd\u00edlech mezi \u010ceskou republikou a \u0160v\u00e9dskem.","breadcrumb":{"@id":"https:\/\/tynavesvedsku.com\/index.php\/2023\/01\/06\/jak-svedi-pracuji\/#breadcrumb"},"inLanguage":"cs","potentialAction":[{"@type":"ReadAction","target":["https:\/\/tynavesvedsku.com\/index.php\/2023\/01\/06\/jak-svedi-pracuji\/"]}]},{"@type":"ImageObject","inLanguage":"cs","@id":"https:\/\/tynavesvedsku.com\/index.php\/2023\/01\/06\/jak-svedi-pracuji\/#primaryimage","url":"https:\/\/tynavesvedsku.com\/wp-content\/uploads\/2023\/01\/20210909_070812-scaled.jpg","contentUrl":"https:\/\/tynavesvedsku.com\/wp-content\/uploads\/2023\/01\/20210909_070812-scaled.jpg","width":2560,"height":1920},{"@type":"BreadcrumbList","@id":"https:\/\/tynavesvedsku.com\/index.php\/2023\/01\/06\/jak-svedi-pracuji\/#breadcrumb","itemListElement":[{"@type":"ListItem","position":1,"name":"Home","item":"https:\/\/tynavesvedsku.com\/"},{"@type":"ListItem","position":2,"name":"Jak \u0160v\u00e9di pracuj\u00ed"}]},{"@type":"WebSite","@id":"https:\/\/tynavesvedsku.com\/#website","url":"https:\/\/tynavesvedsku.com\/","name":"M\u016fj \u017eivot ve \u0160v\u00e9dsku","description":"Blog o \u0161v\u00e9d\u0161tin\u011b, cestov\u00e1n\u00ed a \u017eivot\u011b ve \u0160v\u00e9dsku","potentialAction":[{"@type":"SearchAction","target":{"@type":"EntryPoint","urlTemplate":"https:\/\/tynavesvedsku.com\/?s={search_term_string}"},"query-input":{"@type":"PropertyValueSpecification","valueRequired":true,"valueName":"search_term_string"}}],"inLanguage":"cs"},{"@type":"Person","@id":"https:\/\/tynavesvedsku.com\/#\/schema\/person\/911bb2cdceaf0b9d4c7d56be12f730ec","name":"tyna","image":{"@type":"ImageObject","inLanguage":"cs","@id":"https:\/\/secure.gravatar.com\/avatar\/04410c153f8418bab509dfe23b92b5c8343e18b5be3958974c7b7f00fdb9b863?s=96&d=mm&r=g","url":"https:\/\/secure.gravatar.com\/avatar\/04410c153f8418bab509dfe23b92b5c8343e18b5be3958974c7b7f00fdb9b863?s=96&d=mm&r=g","contentUrl":"https:\/\/secure.gravatar.com\/avatar\/04410c153f8418bab509dfe23b92b5c8343e18b5be3958974c7b7f00fdb9b863?s=96&d=mm&r=g","caption":"tyna"},"sameAs":["http:\/\/tynavesvedsku.com"],"url":"https:\/\/tynavesvedsku.com\/index.php\/author\/tyna\/"}]}},"jetpack_publicize_connections":[],"jetpack_featured_media_url":"https:\/\/tynavesvedsku.com\/wp-content\/uploads\/2023\/01\/20210909_070812-scaled.jpg","jetpack_sharing_enabled":true,"_links":{"self":[{"href":"https:\/\/tynavesvedsku.com\/index.php\/wp-json\/wp\/v2\/posts\/502","targetHints":{"allow":["GET"]}}],"collection":[{"href":"https:\/\/tynavesvedsku.com\/index.php\/wp-json\/wp\/v2\/posts"}],"about":[{"href":"https:\/\/tynavesvedsku.com\/index.php\/wp-json\/wp\/v2\/types\/post"}],"author":[{"embeddable":true,"href":"https:\/\/tynavesvedsku.com\/index.php\/wp-json\/wp\/v2\/users\/1"}],"replies":[{"embeddable":true,"href":"https:\/\/tynavesvedsku.com\/index.php\/wp-json\/wp\/v2\/comments?post=502"}],"version-history":[{"count":1,"href":"https:\/\/tynavesvedsku.com\/index.php\/wp-json\/wp\/v2\/posts\/502\/revisions"}],"predecessor-version":[{"id":503,"href":"https:\/\/tynavesvedsku.com\/index.php\/wp-json\/wp\/v2\/posts\/502\/revisions\/503"}],"wp:featuredmedia":[{"embeddable":true,"href":"https:\/\/tynavesvedsku.com\/index.php\/wp-json\/wp\/v2\/media\/500"}],"wp:attachment":[{"href":"https:\/\/tynavesvedsku.com\/index.php\/wp-json\/wp\/v2\/media?parent=502"}],"wp:term":[{"taxonomy":"category","embeddable":true,"href":"https:\/\/tynavesvedsku.com\/index.php\/wp-json\/wp\/v2\/categories?post=502"},{"taxonomy":"post_tag","embeddable":true,"href":"https:\/\/tynavesvedsku.com\/index.php\/wp-json\/wp\/v2\/tags?post=502"}],"curies":[{"name":"wp","href":"https:\/\/api.w.org\/{rel}","templated":true}]}}