{"id":504,"date":"2023-01-06T20:26:08","date_gmt":"2023-01-06T20:26:08","guid":{"rendered":"https:\/\/tynavesvedsku.com\/?p=504"},"modified":"2023-01-06T20:26:10","modified_gmt":"2023-01-06T20:26:10","slug":"co-vas-v-zahranici-nemine","status":"publish","type":"post","link":"https:\/\/tynavesvedsku.com\/index.php\/2023\/01\/06\/co-vas-v-zahranici-nemine\/","title":{"rendered":"Co v\u00e1s v zahrani\u010d\u00ed nemine"},"content":{"rendered":"\n<p>Jak se \u017eije ve Skandin\u00e1vii. Jak se p\u0159ipravit psychicky a \u010demu rozhodn\u011b ve \u0160v\u00e9dsku neute\u010dete.<\/p>\n\n\n\n<!--more-->\n\n\n\n<p>Tento \u010dl\u00e1nek bych mohla nazvat\u00a0<em>V\u011bci, kter\u00e9 jsem si myslela, \u017ee m\u011b minou, ale v\u016fbec m\u011b neminuly.\u00a0<\/em><\/p>\n\n\n\n<p>A to jsem se pova\u017eovala za celkem zku\u0161enou do\u010dasnou obyvatelkou n\u011bkolika ciz\u00edch zem\u00ed. A to jsem se\u00a0<strong>st\u011bhovala do \u0160v\u00e9dska<\/strong>. Do vysp\u011bl\u00e9 evropsk\u00e9 zem\u011b, kter\u00e1 je k\u00a0cizinc\u016fm snad\u00a0<strong>nejotev\u0159en\u011bj\u0161\u00ed z\u00a0cel\u00e9 Evropy.\u00a0<\/strong>Oproti kter\u00e9 je moje milovan\u00e1 vlast v\u00a0oblasti p\u0159\u00edstupu k\u00a0cizinc\u016fm a jejich integraci v temn\u00e9m st\u0159edov\u011bku.<\/p>\n\n\n\n<h3 class=\"wp-block-heading\">Kter\u00e9 v\u011bci m\u011b tedy ve \u0160v\u00e9dsku neminuly?<\/h3>\n\n\n\n<h4 class=\"wp-block-heading\">Bez jazyka si ne\u0161krtnete<\/h4>\n\n\n\n<p>\u0160v\u00e9dsko je zem\u011b, kter\u00e1\u00a0<strong>nab\u00edz\u00ed rovn\u00e9 p\u0159\u00edle\u017eitosti v\u0161em, kte\u0159\u00ed se sna\u017e\u00ed<\/strong>. \u0160v\u00e9dsko je rovn\u00e9. Velmi rovn\u00e9. V\u0161ichni toti\u017e za\u010d\u00ednaj\u00ed na stejn\u00e9 startovn\u00ed \u010d\u00e1\u0159e. V\u00a0praxi to u st\u011bhov\u00e1n\u00ed znamen\u00e1, \u017ee pokud na to jdete opravdu od podlahy (nemysl\u00edm studium na zdej\u0161\u00ed V\u0160 \u010di domluvenou pr\u00e1ci v\u00a0angli\u010dtin\u011b), na stejn\u00e9 startovn\u00ed \u010d\u00e1\u0159e za\u010d\u00edn\u00e1te taky<strong>. Bez ohledu na to, co jste ve sv\u00e9 zemi d\u011blali<\/strong>. <\/p>\n\n\n\n<p>Byli jste l\u00e9ka\u0159i? Pr\u00e1vn\u00edci? Nevad\u00ed. Bez \u0161v\u00e9d\u0161tiny v\u00e1s stejn\u011b nikdo pravd\u011bpodobn\u011b nezam\u011bstn\u00e1 a ani v\u00e1m nevyd\u00e1 licenci k\u00a0provozov\u00e1n\u00ed profese d\u0159\u00edve, ne\u017e projdete dopl\u0148uj\u00edc\u00edm a jazykov\u00fdm vzd\u011bl\u00e1n\u00edm.<\/p>\n\n\n\n<p>No,\u00a0<strong>asi to v\u00a0\u017e\u00e1dn\u00e9 dal\u0161\u00ed evropsk\u00e9 zemi jin\u00e9 nebude.<\/strong>\u00a0Ve \u0160v\u00e9dsku m\u00e1te alespo\u0148 dobr\u00e9 podm\u00ednky, jazykov\u00e9 kurzy jsou tady zdarma. Zapsat se na n\u011b jako\u00a0<strong>ob\u010dan EU je celkem jednoduch\u00e9<\/strong>. Ale stejn\u011b, bude to trvat p\u0159i hoooooodn\u011b intenzivn\u00edm tempu\u00a0minim\u00e1ln\u011b\u00a0rok. A ty hodiny u\u010den\u00ed v\u00e1m\u00a0nikdo neodpust\u00ed.<\/p>\n\n\n\n<h4 class=\"wp-block-heading\">Mus\u00edte za\u010d\u00edt \u00fapln\u011b od nuly (a to bol\u00ed)<\/h4>\n\n\n\n<p>N\u011bkdy mi p\u0159ijde, \u017ee jsem n\u011bkde po cest\u011b sem ztratila zavazadlo, kter\u00e9 obsahovalo&nbsp;<strong>vzd\u011bl\u00e1n\u00ed a zku\u0161enosti, kter\u00e9 jsou jasn\u011b srozumiteln\u00e9 v&nbsp;zemi, kde je obdr\u017e\u00edte<\/strong>, ale postr\u00e1daj\u00ed stejnou vypov\u00eddaj\u00edc\u00ed hodnotu v&nbsp;zemi ciz\u00ed.<\/p>\n\n\n\n<p>Myslela jsem, \u017ee se tyto v\u011bci budou\u00a0<strong>tak n\u011bjak automaticky po\u010d\u00edtat, ale ouha<\/strong>. Aby se to v\u0161echno pozd\u011bji po\u010d\u00edtalo, mus\u00edm vzd\u011bl\u00e1n\u00ed nejd\u0159\u00edve potvrdit ofici\u00e1ln\u011b u \u0161v\u00e9dsk\u00e9ho org\u00e1nu\u00a0<a href=\"https:\/\/www.uhr.se\/\" target=\"_blank\" rel=\"noreferrer noopener\">UHR<\/a>. A pak p\u0159esv\u011bd\u010dit zdej\u0161\u00ed o p\u0159enositelnosti vzd\u011bl\u00e1n\u00ed a pracovn\u00edch zku\u0161enost\u00ed ze zem\u011b, o kter\u00e9 toho v\u011bt\u0161inou a\u017e tak moc nev\u011bd\u00ed.<\/p>\n\n\n\n<p>Podle v\u00fdzkum\u016f&nbsp;<strong>pracuj\u00ed imigranti na hor\u0161\u00edch pozic\u00edch ne\u017e ve sv\u00e9 vlasti<\/strong>. Situace, kdy vzd\u011blan\u00e9 Ukrajinky v \u010cesku ukl\u00edz\u00ed, jsou poplatn\u00e9 i pro cizince ve \u0160v\u00e9dsku. S&nbsp;t\u00edm rozd\u00edlem, \u017ee pokud se Ukrajinka u n\u00e1s, kter\u00e1 chce pracovat dejme tomu ve st\u00e1tn\u00ed spr\u00e1v\u011b, zakousne do \u010de\u0161tiny stejn\u011b jako j\u00e1 do \u0161v\u00e9d\u0161tiny,&nbsp;<strong>stejn\u011b ji nikdo nenab\u00eddne po deseti m\u011bs\u00edc\u00edch pracovn\u00ed m\u00edsto ve st\u00e1tn\u00ed spr\u00e1v\u011b<\/strong>. Ukrajinka, stejn\u011b jako ob\u010dan Evropsk\u00e9 unie, naraz\u00ed v \u010cech\u00e1ch na probl\u00e9m: trval\u00fd pobyt nebo ob\u010danstv\u00ed \u010cesk\u00e9 republiky jako podm\u00ednka pro \u0159adu zam\u011bstn\u00e1n\u00ed.<\/p>\n\n\n\n<figure class=\"wp-block-image size-full\"><img loading=\"lazy\" decoding=\"async\" width=\"2560\" height=\"1920\" src=\"https:\/\/tynavesvedsku.com\/wp-content\/uploads\/2023\/01\/20220324_145339-scaled.jpg\" alt=\"\" class=\"wp-image-508\" srcset=\"https:\/\/tynavesvedsku.com\/wp-content\/uploads\/2023\/01\/20220324_145339-scaled.jpg 2560w, https:\/\/tynavesvedsku.com\/wp-content\/uploads\/2023\/01\/20220324_145339-300x225.jpg 300w, https:\/\/tynavesvedsku.com\/wp-content\/uploads\/2023\/01\/20220324_145339-1024x768.jpg 1024w, https:\/\/tynavesvedsku.com\/wp-content\/uploads\/2023\/01\/20220324_145339-768x576.jpg 768w, https:\/\/tynavesvedsku.com\/wp-content\/uploads\/2023\/01\/20220324_145339-1536x1152.jpg 1536w, https:\/\/tynavesvedsku.com\/wp-content\/uploads\/2023\/01\/20220324_145339-2048x1536.jpg 2048w\" sizes=\"auto, (max-width: 2560px) 100vw, 2560px\" \/><figcaption class=\"wp-element-caption\">Cesta je dlouh\u00e1. Delsj\u00f6n.<\/figcaption><\/figure>\n\n\n\n<p>Kdo v\u00ed, pro\u010d je \u0160v\u00e9dsko jin\u00e9. Na\u0161t\u011bst\u00ed. Mo\u017en\u00e1 nedostatek kvalifikovan\u00fdch \u0161v\u00e9dsk\u00fdch pracovn\u00edk\u016f, mo\u017en\u00e1 l\u00e9ta sou\u017eit\u00ed ve spole\u010dnosti, kde jsou cizinci jej\u00ed b\u011b\u017enou sou\u010d\u00e1st\u00ed. V pr\u00e1ci mnou zm\u00edtaj\u00ed r\u016fzn\u00e9 negativn\u00ed pocity, ale p\u0159iznejme si, \u017ee minimum z&nbsp;nich pramen\u00ed z&nbsp;toho, \u017ee by tady byli ke mn\u011b rasisti\u010dt\u00ed a d\u00edvali se na m\u011b shora, proto\u017ee poch\u00e1z\u00edm odjinud. Jakmile se nau\u010d\u00edte jazyk jejich kmene,&nbsp;<strong>\u0160v\u00e9di nemaj\u00ed probl\u00e9m v\u00e1s br\u00e1t jako sob\u011b rovn\u00e9ho a zapomenout na to, \u017ee jste cizinec.<\/strong><\/p>\n\n\n\n<h4 class=\"wp-block-heading\">Pln\u00e1 integrace nen\u00ed na po\u010dk\u00e1n\u00ed<\/h4>\n\n\n\n<p>Nejv\u011bt\u0161\u00ed v\u00fdzvou ve \u0160v\u00e9dsku se tak pro m\u011b st\u00e1v\u00e1, \u017ee chci ostatn\u00ed (nebo vlastn\u011b sebe?) p\u0159esv\u011bd\u010dit, \u017ee si to v\u0161e zaslou\u017e\u00edm. A\u010d jsem schopna ve \u0161v\u00e9d\u0161tin\u011b pracovat, tak zat\u00edm nejsem schopna na \u00farovni rodil\u00e9ho mluv\u010d\u00edho vyj\u00e1d\u0159it v\u0161echny moje my\u0161lenky a plnohodnotn\u011b se zapojit do konverzace lid\u00ed, kte\u0159\u00ed tady tr\u00e1v\u00ed sv\u016fj \u017eivot. Nezn\u00e1m jejich filmy, u politik\u016f je\u0161t\u011b t\u00e1pu<strong>. Cel\u00fd \u017eivot v\u00a0zemi t\u011b\u017eko m\u016f\u017eu srovn\u00e1vat s\u00a0moj\u00ed d\u00e9lkou pobytu<\/strong>.<\/p>\n\n\n\n<p>Nav\u00edc prost\u011b nezn\u00e1m po 481 dnech ve \u0160v\u00e9dsku n\u011bjakou tu \u010d\u00e1st ze 125&nbsp;000 \u0161v\u00e9dsk\u00fdch slov.&nbsp;<strong>P\u0159ekvapen\u00ed.<\/strong>&nbsp;Kdy\u017e ale tr\u00e1v\u00edte v&nbsp;pr\u00e1ci valnou \u010d\u00e1st dne, kdy jste vzh\u016fru (a to d\u00edky extr\u00e9mn\u00ed \u00fanav\u011b a dlouh\u00e9 pracovn\u00ed dob\u011b doslova), tak n\u011bjak chcete p\u0159ece jen aspo\u0148 trochu zapadnout. A tak m\u00e1m pocit, \u017ee m\u011b nikdo nem\u00e1 vid\u011bt, jak si hled\u00e1m \u0161v\u00e9dsk\u00e1 slov\u00ed\u010dka, co nezn\u00e1m, proto\u017ee by to byl hrozn\u00fd trapas a tak v\u016fbec.<\/p>\n\n\n\n<h4 class=\"wp-block-heading\">Mus\u00edte o sob\u011b hrozn\u011b p\u0159em\u00fd\u0161let<\/h4>\n\n\n\n<p>Jedno odpoledne kolega blahosklonn\u011b komentuje, \u017ee mo\u017en\u00e1 \u00fapln\u011b v\u0161emu nerozum\u00edm a \u017ee je mo\u017en\u00e1 ze za\u010d\u00e1tku t\u011b\u017ek\u00e9 pochytit v\u0161echny \u0161v\u00e9dsk\u00e9 souvislosti, co na sebe pinkaj\u00ed lid\u00e9, co se u\u017e n\u011bjak\u00fd p\u00e1tek znaj\u00ed. Pr\u00fd a\u0165 se norm\u00e1ln\u011b zept\u00e1m, pokud nebudu n\u011b\u010demu rozum\u011bt.&nbsp;<strong>Tady jsou na cizince, co se u\u010d\u00ed jazyk, prost\u011b zvykl\u00ed.<\/strong>&nbsp;Zeptat se?! To mi ale nep\u0159i\u0161lo nikdy na mysl, jeliko\u017e jsem byla zanepr\u00e1zdn\u011bn\u00e1 maskov\u00e1n\u00edm sv\u00e9 domn\u011bl\u00e9 odli\u0161nosti a my\u0161len\u00edm, o tom, co si mysl\u00edm, \u017ee si mysl\u00ed ostatn\u00ed.<\/p>\n\n\n\n<p>To odpoledne si uv\u011bdom\u00edm, \u017ee tohle fakt nen\u00ed cesta, \u017ee se m\u016f\u017eu sna\u017eit sebev\u00edc, ale za 16 m\u011bs\u00edc\u016f tohle fakt nem\u00e1m \u0161anci dohnat. \u017de bude lep\u0161\u00ed vyka\u0161lat se na to, \u017ee nejsem dokonal\u00e1 a p\u0159iznat si,\u00a0<strong>\u017ee n\u011bkter\u00e9 v\u011bci pot\u0159ebuj\u00ed \u010das.<\/strong>\u00a0Uv\u011bdomit si, \u017ee m\u00e1m<strong>\u00a0trochu jinou startovn\u00ed pozici<\/strong>\u00a0ne\u017e moji kolegov\u00e9, co tu bydl\u00ed roky, a \u017ee je skv\u011bl\u00e9, \u017ee jsem dostala ve \u0160v\u00e9dsku \u0161anci. Pocity, kter\u00e9 kompletn\u011b p\u0159episuj\u00ed v\u0161echno, co jsem o sob\u011b v\u011bd\u011bla, se mi v\u00a0t\u00e9to intenzivn\u00ed dob\u011b \u0159ad\u00ed do fronty.<\/p>\n\n\n\n<figure class=\"wp-block-image size-large\"><img loading=\"lazy\" decoding=\"async\" width=\"1024\" height=\"485\" src=\"https:\/\/tynavesvedsku.com\/wp-content\/uploads\/2022\/12\/20221112_163018-1024x485.jpg\" alt=\"\" class=\"wp-image-218\" srcset=\"https:\/\/tynavesvedsku.com\/wp-content\/uploads\/2022\/12\/20221112_163018-1024x485.jpg 1024w, https:\/\/tynavesvedsku.com\/wp-content\/uploads\/2022\/12\/20221112_163018-300x142.jpg 300w, https:\/\/tynavesvedsku.com\/wp-content\/uploads\/2022\/12\/20221112_163018-768x364.jpg 768w, https:\/\/tynavesvedsku.com\/wp-content\/uploads\/2022\/12\/20221112_163018-1536x728.jpg 1536w, https:\/\/tynavesvedsku.com\/wp-content\/uploads\/2022\/12\/20221112_163018-2048x971.jpg 2048w\" sizes=\"auto, (max-width: 1024px) 100vw, 1024px\" \/><figcaption class=\"wp-element-caption\">J\u00f6nk\u00f6ping.<\/figcaption><\/figure>\n\n\n\n<h4 class=\"wp-block-heading\">Zvyk\u00e1te si na v\u0161echno jin\u00e9<\/h4>\n\n\n\n<p>Objektivn\u011b&nbsp;<strong>je \u0160v\u00e9dsko dobr\u00e9 m\u00edsto k&nbsp;\u017eit\u00ed<\/strong>. P\u0159\u00edroda je kr\u00e1sn\u00e1. Maj\u00ed tady z\u00e1lohy na plast a plechovky, jezd\u00ed tady spoustu elektroaut a hybrid\u016f, kol a b\u011b\u017ec\u016f je v\u00edce ne\u017e aut. St\u00e1t nahr\u00e1v\u00e1 t\u011bm, kte\u0159\u00ed cht\u011bj\u00ed myslet zelen\u011b.<\/p>\n\n\n\n<p>Se zdravotn\u00edky komunikujete online, e-recepty v\u00e1m vydaj\u00ed v\u00a0ka\u017ed\u00e9 l\u00e9k\u00e1rn\u011b na ob\u010danku. V\u00a0pr\u00e1ci si m\u016f\u017eete vz\u00edt a\u017e\u00a0<strong>p\u011bt dn\u00ed t\u00e9m\u011b\u0159 100% placen\u00e9ho volna<\/strong>\u00a0bez l\u00e9ka\u0159sk\u00e9ho potvrzen\u00ed.<\/p>\n\n\n\n<p>V\u00a0rovnost\u00e1\u0159sk\u00e9m \u0160v\u00e9dsku hodn\u011b lid\u00ed vyd\u011bl\u00e1v\u00e1 podobn\u011b. Rozd\u00edly mezi platy \u017een a mu\u017e\u016f jsou p\u0159\u00edzniv\u011bj\u0161\u00ed ne\u017e v\u00a0na\u0161\u00ed vlasti. Rodi\u010de maj\u00ed\u00a0<strong>dny vyhrazen\u00e9 na p\u00e9\u010di o potomky<\/strong>, kdy je uvoln\u00ed z\u00a0pr\u00e1ce. Mlad\u00e9 \u017eeny to tu maj\u00ed d\u00edky v\u0161em benefit\u016fm o n\u011bco sna\u017e\u0161\u00ed, kdy\u017e cht\u011bj\u00ed zalo\u017eit rodinu a z\u00e1rove\u0148 nevypadnout z\u00a0pracovn\u00edho procesu na n\u011bkolik let.<\/p>\n\n\n\n<p>\u00da\u0159edn\u00edci v\u00e1m tu<strong>&nbsp;dr\u00e1saj\u00ed nervy<\/strong>&nbsp;stejn\u011b jako v&nbsp;\u010cech\u00e1ch, ale alespo\u0148 d\u00edky rozs\u00e1hl\u00e9&nbsp;<strong>elektronizace st\u00e1tn\u00ed spr\u00e1vy<\/strong>&nbsp;nemus\u00edte na \u00fa\u0159ady osobn\u011b tak \u010dasto.<\/p>\n\n\n\n<p>Kdyby bylo \u0160v\u00e9dsko spolu\u017e\u00e1k nebo kolega, tak \u0159eknu, \u017ee je\u00a0<strong>teda p\u011bkn\u00fd \u0161prt a sna\u017eivec, kter\u00fd je se sv\u00fdmi jedni\u010dkami trochu otravn\u00fd.<\/strong>\u00a0Mus\u00edm ale uznat, \u017ee tady funguj\u00ed v\u011bci, o kter\u00fdch si v\u00a0\u010cech\u00e1ch zat\u00edm sn\u00edme. Stejn\u011b m\u011b nemine, aby mi ve \u0160v\u00e9dsku nechyb\u011bly v\u0161echny ty v\u011bci, co jsou v \u010cech\u00e1ch tak d\u016fv\u011brn\u011b zn\u00e1m\u00e9. A tak\u00e9 rodina a v\u0161ichni ti lid\u00e9, co jsem nechala doma.<\/p>\n\n\n\n<p>\u010cesko mo\u017en\u00e1 m\u00e1 mouchy, ale stejn\u011b je to moje rodn\u00e1 zem\u011b a v\u017edycky bude. M\u00edsto toho jsem ve \u0160v\u00e9dsku. V\u011bt\u0161inu \u010dasu se sna\u017e\u00edm nep\u0159ipadat si hloup\u011b a maluju si obr\u00e1zky o tom,\u00a0<strong>o kolik lep\u0161\u00ed a jednodu\u0161\u0161\u00ed<\/strong>\u00a0by to bylo\u00a0<em>kdekoliv jinde<\/em>. Ve \u0160v\u00e9dsku to nen\u00ed jednoduch\u00e9 pro \u017e\u00e1dn\u00e9ho cizince. A stejn\u011b by to\u00a0<strong>nebylo jednodu\u0161\u0161\u00ed pro kohokoliv jin\u00e9ho kdekoliv jinde<\/strong>. <\/p>\n\n\n\n<p>Naopak m\u00e1m pl\u00ed\u017eiv\u00fd pocit, \u017ee b\u00fdt cizinka v\u00a0\u010cech\u00e1ch, zapot\u00edm se trochu v\u00edce.<\/p>\n\n\n\n<p><strong>\u010cl\u00e1nek byl p\u016fvodn\u011b publikov\u00e1n autorkou\u00a0<a href=\"https:\/\/www.mladiinfo.cz\/\" target=\"_blank\" rel=\"noreferrer noopener\">na str\u00e1nce Mladiinfo v roce 2019.<\/a>\u00a0Pro v\u011bt\u0161\u00ed p\u0159ehlednost je \u010dl\u00e1nek p\u0159esunut na\u00a0<a href=\"https:\/\/tynavesvedsku.com\/\" target=\"_blank\" rel=\"noreferrer noopener\">tento odd\u011blen\u00fd blog.<\/a><\/strong><\/p>\n","protected":false},"excerpt":{"rendered":"<p>Jak se \u017eije ve Skandin\u00e1vii. Jak se p\u0159ipravit psychicky a \u010demu rozhodn\u011b ve \u0160v\u00e9dsku neute\u010dete.<\/p>\n","protected":false},"author":1,"featured_media":499,"comment_status":"closed","ping_status":"closed","sticky":false,"template":"","format":"standard","meta":{"_monsterinsights_skip_tracking":false,"_monsterinsights_sitenote_active":false,"_monsterinsights_sitenote_note":"","_monsterinsights_sitenote_category":0,"_jetpack_memberships_contains_paid_content":false,"footnotes":"","jetpack_publicize_message":"","jetpack_publicize_feature_enabled":true,"jetpack_social_post_already_shared":true,"jetpack_social_options":{"image_generator_settings":{"template":"highway","default_image_id":0,"font":"","enabled":false},"version":2}},"categories":[5],"tags":[41,24,27],"class_list":["post-504","post","type-post","status-publish","format-standard","has-post-thumbnail","hentry","category-vypraveni","tag-emoce","tag-stehovani","tag-svedsko"],"yoast_head":"<!-- This site is optimized with the Yoast SEO plugin v27.5 - https:\/\/yoast.com\/product\/yoast-seo-wordpress\/ -->\n<title>Co v\u00e1s v zahrani\u010d\u00ed nemine - M\u016fj \u017eivot ve \u0160v\u00e9dsku<\/title>\n<meta name=\"description\" content=\"Co v\u00e1s v zahrani\u010d\u00ed nemine. Jak se \u017eije ve Skandin\u00e1vii. Jak se p\u0159ipravit psychicky a \u010demu rozhodn\u011b ve \u0160v\u00e9dsku neute\u010dete.\" \/>\n<meta name=\"robots\" content=\"index, follow, max-snippet:-1, max-image-preview:large, max-video-preview:-1\" \/>\n<link rel=\"canonical\" href=\"https:\/\/tynavesvedsku.com\/index.php\/2023\/01\/06\/co-vas-v-zahranici-nemine\/\" \/>\n<meta property=\"og:locale\" content=\"cs_CZ\" \/>\n<meta property=\"og:type\" content=\"article\" \/>\n<meta property=\"og:title\" content=\"Co v\u00e1s v zahrani\u010d\u00ed nemine - M\u016fj \u017eivot ve \u0160v\u00e9dsku\" \/>\n<meta property=\"og:description\" content=\"Co v\u00e1s v zahrani\u010d\u00ed nemine. Jak se \u017eije ve Skandin\u00e1vii. Jak se p\u0159ipravit psychicky a \u010demu rozhodn\u011b ve \u0160v\u00e9dsku neute\u010dete.\" \/>\n<meta property=\"og:url\" content=\"https:\/\/tynavesvedsku.com\/index.php\/2023\/01\/06\/co-vas-v-zahranici-nemine\/\" \/>\n<meta property=\"og:site_name\" content=\"M\u016fj \u017eivot ve \u0160v\u00e9dsku\" \/>\n<meta property=\"article:published_time\" content=\"2023-01-06T20:26:08+00:00\" \/>\n<meta property=\"article:modified_time\" content=\"2023-01-06T20:26:10+00:00\" \/>\n<meta property=\"og:image\" content=\"https:\/\/tynavesvedsku.com\/wp-content\/uploads\/2023\/01\/2020-09-16-1.jpg\" \/>\n\t<meta property=\"og:image:width\" content=\"960\" \/>\n\t<meta property=\"og:image:height\" content=\"540\" \/>\n\t<meta property=\"og:image:type\" content=\"image\/jpeg\" \/>\n<meta name=\"author\" content=\"tyna\" \/>\n<meta name=\"twitter:card\" content=\"summary_large_image\" \/>\n<meta name=\"twitter:label1\" content=\"Napsal(a)\" \/>\n\t<meta name=\"twitter:data1\" content=\"tyna\" \/>\n\t<meta name=\"twitter:label2\" content=\"Odhadovan\u00e1 doba \u010dten\u00ed\" \/>\n\t<meta name=\"twitter:data2\" content=\"7 minut\" \/>\n<script type=\"application\/ld+json\" class=\"yoast-schema-graph\">{\"@context\":\"https:\\\/\\\/schema.org\",\"@graph\":[{\"@type\":\"Article\",\"@id\":\"https:\\\/\\\/tynavesvedsku.com\\\/index.php\\\/2023\\\/01\\\/06\\\/co-vas-v-zahranici-nemine\\\/#article\",\"isPartOf\":{\"@id\":\"https:\\\/\\\/tynavesvedsku.com\\\/index.php\\\/2023\\\/01\\\/06\\\/co-vas-v-zahranici-nemine\\\/\"},\"author\":{\"name\":\"tyna\",\"@id\":\"https:\\\/\\\/tynavesvedsku.com\\\/#\\\/schema\\\/person\\\/911bb2cdceaf0b9d4c7d56be12f730ec\"},\"headline\":\"Co v\u00e1s v zahrani\u010d\u00ed nemine\",\"datePublished\":\"2023-01-06T20:26:08+00:00\",\"dateModified\":\"2023-01-06T20:26:10+00:00\",\"mainEntityOfPage\":{\"@id\":\"https:\\\/\\\/tynavesvedsku.com\\\/index.php\\\/2023\\\/01\\\/06\\\/co-vas-v-zahranici-nemine\\\/\"},\"wordCount\":1504,\"image\":{\"@id\":\"https:\\\/\\\/tynavesvedsku.com\\\/index.php\\\/2023\\\/01\\\/06\\\/co-vas-v-zahranici-nemine\\\/#primaryimage\"},\"thumbnailUrl\":\"https:\\\/\\\/tynavesvedsku.com\\\/wp-content\\\/uploads\\\/2023\\\/01\\\/2020-09-16-1.jpg\",\"keywords\":[\"emoce\",\"st\u011bhov\u00e1n\u00ed\",\"\u0160v\u00e9dsko\"],\"articleSection\":[\"Vypr\u00e1v\u011bn\u00ed\"],\"inLanguage\":\"cs\"},{\"@type\":\"WebPage\",\"@id\":\"https:\\\/\\\/tynavesvedsku.com\\\/index.php\\\/2023\\\/01\\\/06\\\/co-vas-v-zahranici-nemine\\\/\",\"url\":\"https:\\\/\\\/tynavesvedsku.com\\\/index.php\\\/2023\\\/01\\\/06\\\/co-vas-v-zahranici-nemine\\\/\",\"name\":\"Co v\u00e1s v zahrani\u010d\u00ed nemine - M\u016fj \u017eivot ve \u0160v\u00e9dsku\",\"isPartOf\":{\"@id\":\"https:\\\/\\\/tynavesvedsku.com\\\/#website\"},\"primaryImageOfPage\":{\"@id\":\"https:\\\/\\\/tynavesvedsku.com\\\/index.php\\\/2023\\\/01\\\/06\\\/co-vas-v-zahranici-nemine\\\/#primaryimage\"},\"image\":{\"@id\":\"https:\\\/\\\/tynavesvedsku.com\\\/index.php\\\/2023\\\/01\\\/06\\\/co-vas-v-zahranici-nemine\\\/#primaryimage\"},\"thumbnailUrl\":\"https:\\\/\\\/tynavesvedsku.com\\\/wp-content\\\/uploads\\\/2023\\\/01\\\/2020-09-16-1.jpg\",\"datePublished\":\"2023-01-06T20:26:08+00:00\",\"dateModified\":\"2023-01-06T20:26:10+00:00\",\"author\":{\"@id\":\"https:\\\/\\\/tynavesvedsku.com\\\/#\\\/schema\\\/person\\\/911bb2cdceaf0b9d4c7d56be12f730ec\"},\"description\":\"Co v\u00e1s v zahrani\u010d\u00ed nemine. Jak se \u017eije ve Skandin\u00e1vii. Jak se p\u0159ipravit psychicky a \u010demu rozhodn\u011b ve \u0160v\u00e9dsku neute\u010dete.\",\"breadcrumb\":{\"@id\":\"https:\\\/\\\/tynavesvedsku.com\\\/index.php\\\/2023\\\/01\\\/06\\\/co-vas-v-zahranici-nemine\\\/#breadcrumb\"},\"inLanguage\":\"cs\",\"potentialAction\":[{\"@type\":\"ReadAction\",\"target\":[\"https:\\\/\\\/tynavesvedsku.com\\\/index.php\\\/2023\\\/01\\\/06\\\/co-vas-v-zahranici-nemine\\\/\"]}]},{\"@type\":\"ImageObject\",\"inLanguage\":\"cs\",\"@id\":\"https:\\\/\\\/tynavesvedsku.com\\\/index.php\\\/2023\\\/01\\\/06\\\/co-vas-v-zahranici-nemine\\\/#primaryimage\",\"url\":\"https:\\\/\\\/tynavesvedsku.com\\\/wp-content\\\/uploads\\\/2023\\\/01\\\/2020-09-16-1.jpg\",\"contentUrl\":\"https:\\\/\\\/tynavesvedsku.com\\\/wp-content\\\/uploads\\\/2023\\\/01\\\/2020-09-16-1.jpg\",\"width\":960,\"height\":540},{\"@type\":\"BreadcrumbList\",\"@id\":\"https:\\\/\\\/tynavesvedsku.com\\\/index.php\\\/2023\\\/01\\\/06\\\/co-vas-v-zahranici-nemine\\\/#breadcrumb\",\"itemListElement\":[{\"@type\":\"ListItem\",\"position\":1,\"name\":\"Home\",\"item\":\"https:\\\/\\\/tynavesvedsku.com\\\/\"},{\"@type\":\"ListItem\",\"position\":2,\"name\":\"Co v\u00e1s v zahrani\u010d\u00ed nemine\"}]},{\"@type\":\"WebSite\",\"@id\":\"https:\\\/\\\/tynavesvedsku.com\\\/#website\",\"url\":\"https:\\\/\\\/tynavesvedsku.com\\\/\",\"name\":\"M\u016fj \u017eivot ve \u0160v\u00e9dsku\",\"description\":\"Blog o \u0161v\u00e9d\u0161tin\u011b, cestov\u00e1n\u00ed a \u017eivot\u011b ve \u0160v\u00e9dsku\",\"potentialAction\":[{\"@type\":\"SearchAction\",\"target\":{\"@type\":\"EntryPoint\",\"urlTemplate\":\"https:\\\/\\\/tynavesvedsku.com\\\/?s={search_term_string}\"},\"query-input\":{\"@type\":\"PropertyValueSpecification\",\"valueRequired\":true,\"valueName\":\"search_term_string\"}}],\"inLanguage\":\"cs\"},{\"@type\":\"Person\",\"@id\":\"https:\\\/\\\/tynavesvedsku.com\\\/#\\\/schema\\\/person\\\/911bb2cdceaf0b9d4c7d56be12f730ec\",\"name\":\"tyna\",\"image\":{\"@type\":\"ImageObject\",\"inLanguage\":\"cs\",\"@id\":\"https:\\\/\\\/secure.gravatar.com\\\/avatar\\\/04410c153f8418bab509dfe23b92b5c8343e18b5be3958974c7b7f00fdb9b863?s=96&d=mm&r=g\",\"url\":\"https:\\\/\\\/secure.gravatar.com\\\/avatar\\\/04410c153f8418bab509dfe23b92b5c8343e18b5be3958974c7b7f00fdb9b863?s=96&d=mm&r=g\",\"contentUrl\":\"https:\\\/\\\/secure.gravatar.com\\\/avatar\\\/04410c153f8418bab509dfe23b92b5c8343e18b5be3958974c7b7f00fdb9b863?s=96&d=mm&r=g\",\"caption\":\"tyna\"},\"sameAs\":[\"http:\\\/\\\/tynavesvedsku.com\"],\"url\":\"https:\\\/\\\/tynavesvedsku.com\\\/index.php\\\/author\\\/tyna\\\/\"}]}<\/script>\n<!-- \/ Yoast SEO plugin. -->","yoast_head_json":{"title":"Co v\u00e1s v zahrani\u010d\u00ed nemine - M\u016fj \u017eivot ve \u0160v\u00e9dsku","description":"Co v\u00e1s v zahrani\u010d\u00ed nemine. Jak se \u017eije ve Skandin\u00e1vii. Jak se p\u0159ipravit psychicky a \u010demu rozhodn\u011b ve \u0160v\u00e9dsku neute\u010dete.","robots":{"index":"index","follow":"follow","max-snippet":"max-snippet:-1","max-image-preview":"max-image-preview:large","max-video-preview":"max-video-preview:-1"},"canonical":"https:\/\/tynavesvedsku.com\/index.php\/2023\/01\/06\/co-vas-v-zahranici-nemine\/","og_locale":"cs_CZ","og_type":"article","og_title":"Co v\u00e1s v zahrani\u010d\u00ed nemine - M\u016fj \u017eivot ve \u0160v\u00e9dsku","og_description":"Co v\u00e1s v zahrani\u010d\u00ed nemine. Jak se \u017eije ve Skandin\u00e1vii. Jak se p\u0159ipravit psychicky a \u010demu rozhodn\u011b ve \u0160v\u00e9dsku neute\u010dete.","og_url":"https:\/\/tynavesvedsku.com\/index.php\/2023\/01\/06\/co-vas-v-zahranici-nemine\/","og_site_name":"M\u016fj \u017eivot ve \u0160v\u00e9dsku","article_published_time":"2023-01-06T20:26:08+00:00","article_modified_time":"2023-01-06T20:26:10+00:00","og_image":[{"width":960,"height":540,"url":"https:\/\/tynavesvedsku.com\/wp-content\/uploads\/2023\/01\/2020-09-16-1.jpg","type":"image\/jpeg"}],"author":"tyna","twitter_card":"summary_large_image","twitter_misc":{"Napsal(a)":"tyna","Odhadovan\u00e1 doba \u010dten\u00ed":"7 minut"},"schema":{"@context":"https:\/\/schema.org","@graph":[{"@type":"Article","@id":"https:\/\/tynavesvedsku.com\/index.php\/2023\/01\/06\/co-vas-v-zahranici-nemine\/#article","isPartOf":{"@id":"https:\/\/tynavesvedsku.com\/index.php\/2023\/01\/06\/co-vas-v-zahranici-nemine\/"},"author":{"name":"tyna","@id":"https:\/\/tynavesvedsku.com\/#\/schema\/person\/911bb2cdceaf0b9d4c7d56be12f730ec"},"headline":"Co v\u00e1s v zahrani\u010d\u00ed nemine","datePublished":"2023-01-06T20:26:08+00:00","dateModified":"2023-01-06T20:26:10+00:00","mainEntityOfPage":{"@id":"https:\/\/tynavesvedsku.com\/index.php\/2023\/01\/06\/co-vas-v-zahranici-nemine\/"},"wordCount":1504,"image":{"@id":"https:\/\/tynavesvedsku.com\/index.php\/2023\/01\/06\/co-vas-v-zahranici-nemine\/#primaryimage"},"thumbnailUrl":"https:\/\/tynavesvedsku.com\/wp-content\/uploads\/2023\/01\/2020-09-16-1.jpg","keywords":["emoce","st\u011bhov\u00e1n\u00ed","\u0160v\u00e9dsko"],"articleSection":["Vypr\u00e1v\u011bn\u00ed"],"inLanguage":"cs"},{"@type":"WebPage","@id":"https:\/\/tynavesvedsku.com\/index.php\/2023\/01\/06\/co-vas-v-zahranici-nemine\/","url":"https:\/\/tynavesvedsku.com\/index.php\/2023\/01\/06\/co-vas-v-zahranici-nemine\/","name":"Co v\u00e1s v zahrani\u010d\u00ed nemine - M\u016fj \u017eivot ve \u0160v\u00e9dsku","isPartOf":{"@id":"https:\/\/tynavesvedsku.com\/#website"},"primaryImageOfPage":{"@id":"https:\/\/tynavesvedsku.com\/index.php\/2023\/01\/06\/co-vas-v-zahranici-nemine\/#primaryimage"},"image":{"@id":"https:\/\/tynavesvedsku.com\/index.php\/2023\/01\/06\/co-vas-v-zahranici-nemine\/#primaryimage"},"thumbnailUrl":"https:\/\/tynavesvedsku.com\/wp-content\/uploads\/2023\/01\/2020-09-16-1.jpg","datePublished":"2023-01-06T20:26:08+00:00","dateModified":"2023-01-06T20:26:10+00:00","author":{"@id":"https:\/\/tynavesvedsku.com\/#\/schema\/person\/911bb2cdceaf0b9d4c7d56be12f730ec"},"description":"Co v\u00e1s v zahrani\u010d\u00ed nemine. Jak se \u017eije ve Skandin\u00e1vii. Jak se p\u0159ipravit psychicky a \u010demu rozhodn\u011b ve \u0160v\u00e9dsku neute\u010dete.","breadcrumb":{"@id":"https:\/\/tynavesvedsku.com\/index.php\/2023\/01\/06\/co-vas-v-zahranici-nemine\/#breadcrumb"},"inLanguage":"cs","potentialAction":[{"@type":"ReadAction","target":["https:\/\/tynavesvedsku.com\/index.php\/2023\/01\/06\/co-vas-v-zahranici-nemine\/"]}]},{"@type":"ImageObject","inLanguage":"cs","@id":"https:\/\/tynavesvedsku.com\/index.php\/2023\/01\/06\/co-vas-v-zahranici-nemine\/#primaryimage","url":"https:\/\/tynavesvedsku.com\/wp-content\/uploads\/2023\/01\/2020-09-16-1.jpg","contentUrl":"https:\/\/tynavesvedsku.com\/wp-content\/uploads\/2023\/01\/2020-09-16-1.jpg","width":960,"height":540},{"@type":"BreadcrumbList","@id":"https:\/\/tynavesvedsku.com\/index.php\/2023\/01\/06\/co-vas-v-zahranici-nemine\/#breadcrumb","itemListElement":[{"@type":"ListItem","position":1,"name":"Home","item":"https:\/\/tynavesvedsku.com\/"},{"@type":"ListItem","position":2,"name":"Co v\u00e1s v zahrani\u010d\u00ed nemine"}]},{"@type":"WebSite","@id":"https:\/\/tynavesvedsku.com\/#website","url":"https:\/\/tynavesvedsku.com\/","name":"M\u016fj \u017eivot ve \u0160v\u00e9dsku","description":"Blog o \u0161v\u00e9d\u0161tin\u011b, cestov\u00e1n\u00ed a \u017eivot\u011b ve \u0160v\u00e9dsku","potentialAction":[{"@type":"SearchAction","target":{"@type":"EntryPoint","urlTemplate":"https:\/\/tynavesvedsku.com\/?s={search_term_string}"},"query-input":{"@type":"PropertyValueSpecification","valueRequired":true,"valueName":"search_term_string"}}],"inLanguage":"cs"},{"@type":"Person","@id":"https:\/\/tynavesvedsku.com\/#\/schema\/person\/911bb2cdceaf0b9d4c7d56be12f730ec","name":"tyna","image":{"@type":"ImageObject","inLanguage":"cs","@id":"https:\/\/secure.gravatar.com\/avatar\/04410c153f8418bab509dfe23b92b5c8343e18b5be3958974c7b7f00fdb9b863?s=96&d=mm&r=g","url":"https:\/\/secure.gravatar.com\/avatar\/04410c153f8418bab509dfe23b92b5c8343e18b5be3958974c7b7f00fdb9b863?s=96&d=mm&r=g","contentUrl":"https:\/\/secure.gravatar.com\/avatar\/04410c153f8418bab509dfe23b92b5c8343e18b5be3958974c7b7f00fdb9b863?s=96&d=mm&r=g","caption":"tyna"},"sameAs":["http:\/\/tynavesvedsku.com"],"url":"https:\/\/tynavesvedsku.com\/index.php\/author\/tyna\/"}]}},"jetpack_publicize_connections":[],"jetpack_featured_media_url":"https:\/\/tynavesvedsku.com\/wp-content\/uploads\/2023\/01\/2020-09-16-1.jpg","jetpack_sharing_enabled":true,"_links":{"self":[{"href":"https:\/\/tynavesvedsku.com\/index.php\/wp-json\/wp\/v2\/posts\/504","targetHints":{"allow":["GET"]}}],"collection":[{"href":"https:\/\/tynavesvedsku.com\/index.php\/wp-json\/wp\/v2\/posts"}],"about":[{"href":"https:\/\/tynavesvedsku.com\/index.php\/wp-json\/wp\/v2\/types\/post"}],"author":[{"embeddable":true,"href":"https:\/\/tynavesvedsku.com\/index.php\/wp-json\/wp\/v2\/users\/1"}],"replies":[{"embeddable":true,"href":"https:\/\/tynavesvedsku.com\/index.php\/wp-json\/wp\/v2\/comments?post=504"}],"version-history":[{"count":3,"href":"https:\/\/tynavesvedsku.com\/index.php\/wp-json\/wp\/v2\/posts\/504\/revisions"}],"predecessor-version":[{"id":509,"href":"https:\/\/tynavesvedsku.com\/index.php\/wp-json\/wp\/v2\/posts\/504\/revisions\/509"}],"wp:featuredmedia":[{"embeddable":true,"href":"https:\/\/tynavesvedsku.com\/index.php\/wp-json\/wp\/v2\/media\/499"}],"wp:attachment":[{"href":"https:\/\/tynavesvedsku.com\/index.php\/wp-json\/wp\/v2\/media?parent=504"}],"wp:term":[{"taxonomy":"category","embeddable":true,"href":"https:\/\/tynavesvedsku.com\/index.php\/wp-json\/wp\/v2\/categories?post=504"},{"taxonomy":"post_tag","embeddable":true,"href":"https:\/\/tynavesvedsku.com\/index.php\/wp-json\/wp\/v2\/tags?post=504"}],"curies":[{"name":"wp","href":"https:\/\/api.w.org\/{rel}","templated":true}]}}