{"id":510,"date":"2023-01-07T13:49:00","date_gmt":"2023-01-07T13:49:00","guid":{"rendered":"https:\/\/tynavesvedsku.com\/?p=510"},"modified":"2023-01-07T13:49:03","modified_gmt":"2023-01-07T13:49:03","slug":"kde-domov-muj","status":"publish","type":"post","link":"https:\/\/tynavesvedsku.com\/index.php\/2023\/01\/07\/kde-domov-muj\/","title":{"rendered":"Kde domov m\u016fj"},"content":{"rendered":"\n<p>Volba z\u016fstat v jedn\u00e9 zemi bude v\u017edycky volba nez\u016fstat v t\u00e9 druh\u00e9. Ve \u0160v\u00e9dsku budu napo\u0159\u00e1d \u010ce\u0161kou. V \u010cech\u00e1ch budu liber\u00e1ln\u00ed \u0160v\u00e9dkou, kter\u00e1 moc nerozum\u00ed, co se v \u010cech\u00e1ch d\u011bje.<\/p>\n\n\n\n<!--more-->\n\n\n\n<h3 class=\"wp-block-heading\">Kde domov m\u016fj?<\/h3>\n\n\n\n<p>Je mi 28 let. Od sv\u00fdch dvaceti let jsem vyst\u0159\u00eddala\u00a0<strong>n\u011bkolik do\u010dasn\u00fdch domov\u016f v n\u011bkolika r\u016fzn\u00fdch zem\u00edch<\/strong>. Kdy\u017e mi bylo 10 let, p\u0159edstavovala jsem si, \u017ee pracuji v OSN, co\u017e\u00a0<strong>byla jedin\u00e1 mezin\u00e1rodn\u00ed organizace<\/strong>, kterou jsem v tu dobu znala. Kdy\u017e mi bylo 15 let, za\u010dala jsem si s p\u0159edstihem hledat, kdy budu moci jet na Work and Travel do USA. A je\u0161t\u011b ne\u017e jsem nastoupila na V\u0160, vid\u011bla jsem se u\u017e na Erasmu.<\/p>\n\n\n\n<p>Do USA jsem\u00a0nakonec na l\u00e9to odjela, na Erasmu v Brit\u00e1nii jsem byla hned ve t\u0159et\u00edm semestru a je\u0161t\u011b ne\u017e jsem dokon\u010dila vysokou \u0161kolu, vyzkou\u0161ela jsem si\u00a0st\u00e1\u017e v Evropsk\u00e9m parlamentu. Samoz\u0159ejm\u011b jsem vyu\u017eila maximum toho, co se nab\u00edzelo \u2013 letn\u00ed \u0161koly, konference, projekty pro ml\u00e1de\u017e,\u00a0letn\u00ed workcamp, dobrovolnictv\u00ed doma i v zahrani\u010d\u00ed.<\/p>\n\n\n\n<p>Tou dobou m\u00e1ma \u0159\u00edkala, \u017ee u\u017e ne\u010dek\u00e1, \u017ee se j\u00ed budu pt\u00e1t na radu nebo svolen\u00ed, \u017ee jen \u010dek\u00e1 a hl\u00e1\u0161en\u00ed, kam pojedu tentokr\u00e1t. K m\u00e1minu uleh\u010den\u00ed byl nakonec z dobrovolnictv\u00ed v divok\u00e9 Gruzii Brusel, kde jsem ironi\u00ed osudu z t\u011bsn\u00e9 bl\u00edzkosti n\u011bkolika set metr\u016f<a href=\"https:\/\/tynavesvedsku.com\/index.php\/2022\/11\/24\/cerne-utery-pro-belgii\/\">\u00a0za\u017eila v roce 2016 sv\u016fj prvn\u00ed teroristick\u00fd \u00fatok<\/a>.<\/p>\n\n\n\n<figure class=\"wp-block-image size-full\"><img loading=\"lazy\" decoding=\"async\" width=\"2560\" height=\"1920\" src=\"https:\/\/tynavesvedsku.com\/wp-content\/uploads\/2023\/01\/20201031_140121-scaled.jpg\" alt=\"\" class=\"wp-image-513\" srcset=\"https:\/\/tynavesvedsku.com\/wp-content\/uploads\/2023\/01\/20201031_140121-scaled.jpg 2560w, https:\/\/tynavesvedsku.com\/wp-content\/uploads\/2023\/01\/20201031_140121-300x225.jpg 300w, https:\/\/tynavesvedsku.com\/wp-content\/uploads\/2023\/01\/20201031_140121-1024x768.jpg 1024w, https:\/\/tynavesvedsku.com\/wp-content\/uploads\/2023\/01\/20201031_140121-768x576.jpg 768w, https:\/\/tynavesvedsku.com\/wp-content\/uploads\/2023\/01\/20201031_140121-1536x1152.jpg 1536w, https:\/\/tynavesvedsku.com\/wp-content\/uploads\/2023\/01\/20201031_140121-2048x1536.jpg 2048w\" sizes=\"auto, (max-width: 2560px) 100vw, 2560px\" \/><figcaption class=\"wp-element-caption\">Delsj\u00f6n.<\/figcaption><\/figure>\n\n\n\n<p>Ne\u017e jsem oslavila 26. narozeniny, tak jsem se<strong>\u00a0dost ne\u010dekan\u011b p\u0159est\u011bhovala do \u0160v\u00e9dska<\/strong>\u00a0za italsk\u00fdm p\u0159\u00edtelem. V t\u00e9to dob\u011b za\u010dali v\u0161ichni vrstevn\u00edci stav\u011bt domy, s\u00e1zet stromy a rodit syny, zat\u00edmco j\u00e1 jsem se z t\u00e9to dr\u00e1hy prozat\u00edm vy\u0161inula. Do \u0160v\u00e9dska jsem p\u0159ijela s titulem, kter\u00fd v rovnost\u00e1\u0159sk\u00e9m \u0160v\u00e9dsku znamen\u00e1 mnohem m\u00e9n\u011b ne\u017e doma v \u010cech\u00e1ch. Zat\u00edmco spolu\u017e\u00e1ci z vysok\u00e9 za\u010d\u00ednali sv\u00e9 kari\u00e9ry, j\u00e1 jsem ve \u0160v\u00e9dsku jako ka\u017ed\u00fd nov\u00fd imigrant ukl\u00edzela<strong>. Vym\u00fd\u0161lela, co se nov\u00e9ho nau\u010dit<\/strong>, abych si na\u0161la lep\u0161\u00ed pr\u00e1ci a<strong>\u00a0\u010delila ot\u00e1zk\u00e1m z \u010cech<\/strong>, kdy to\u00a0<strong>zabal\u00edm<\/strong>\u00a0a jestli mi nevad\u00ed, \u017ee si<strong>\u00a0kaz\u00edm nad\u011bjnou kari\u00e9ru.<\/strong><\/p>\n\n\n\n<blockquote class=\"wp-block-quote is-layout-flow wp-block-quote-is-layout-flow\">\n<h4 class=\"wp-block-heading\">Stejn\u011b nepochop\u00edm, pro\u010d takhle mus\u00ed\u0161 cestovat, co t\u011b na tom t\u00e1hne. Pro\u010d nejsi rad\u0161i doma, tob\u011b se tady nel\u00edb\u00ed?!&nbsp;<\/h4>\n<\/blockquote>\n\n\n\n<p>R\u00e1da bych n\u011bkdy znala odpov\u011b\u010f na tuhle ot\u00e1zku tak\u00e9. Doma se mi l\u00edb\u00ed a&nbsp;<strong>svou domovinu m\u00e1m moc r\u00e1da<\/strong>&nbsp;a br\u00e1n\u00edm j\u00ed zuby nehty. Ale asi pat\u0159\u00edm&nbsp;k t\u011bm neposed\u016fm, kte\u0159\u00ed jsou a\u017e&nbsp;<strong>p\u0159\u00edli\u0161 zv\u011bdav\u00ed na to, aby z\u016fstali l\u00e9ta na jednom m\u00edst\u011b<\/strong>&nbsp;a nevyzkou\u0161eli (nejl\u00e9pe) v\u0161echno, co jim&nbsp;<strong>\u017eivot nab\u00edz\u00ed<\/strong>. Zv\u011bdav\u00ed na to, aby neposunuli za hranicemi domova hranice svoje. Zkr\u00e1tka a dob\u0159e, prozat\u00edm pat\u0159\u00edm k t\u011bm mlad\u00fdm lidem, kte\u0159\u00ed \u010dasem naraz\u00ed na to, \u017ee jim je to v jedn\u00e9 zemi mal\u00e9.<\/p>\n\n\n\n<p>Ve sv\u00fdch 28 letech nejsem vdan\u00e1, zat\u00edm jsem bezd\u011btn\u00e1 a \u017e\u00e1dn\u00fd d\u016fm jsem ani nezrekonstruovala, ani vlastn\u00edma rukama nepostavila. Kari\u00e9ra se prvn\u00ed rok ve \u0160v\u00e9dsku&nbsp;<strong>zm\u011bnila sp\u00ed\u0161e v boj o p\u0159e\u017eit\u00ed&nbsp;<\/strong>a lehce<strong>&nbsp;pochybnou investici s nezn\u00e1m\u00fdm v\u00fdsledkem<\/strong>.<\/p>\n\n\n\n<p>Volba \u017eivota v zahrani\u010d\u00ed m\u00e1 svou da\u0148: od\u0159\u00edznut\u00ed od rodiny a zn\u00e1m\u00fdch, t\u011b\u017ekosti pochopit, pro\u010d se n\u011bkdo rozhodl odjet pry\u010d a v\u016fbec se vystavuje takov\u00e9mu martyriu m\u00edsto jistoty a bezpe\u010d\u00ed. P\u0159i ste\u017eov\u00e1n\u00ed \u010dasto koment\u00e1\u0159, \u017ee&nbsp;<strong>je to p\u0159ece to, co jsem v\u017edy cht\u011bla, d\u016fsledek moj\u00ed volby.<\/strong>&nbsp;<\/p>\n\n\n\n<figure class=\"wp-block-image size-full\"><img loading=\"lazy\" decoding=\"async\" width=\"2560\" height=\"1920\" src=\"https:\/\/tynavesvedsku.com\/wp-content\/uploads\/2023\/01\/IMG_20180820_200605-scaled.jpg\" alt=\"\" class=\"wp-image-514\" srcset=\"https:\/\/tynavesvedsku.com\/wp-content\/uploads\/2023\/01\/IMG_20180820_200605-scaled.jpg 2560w, https:\/\/tynavesvedsku.com\/wp-content\/uploads\/2023\/01\/IMG_20180820_200605-300x225.jpg 300w, https:\/\/tynavesvedsku.com\/wp-content\/uploads\/2023\/01\/IMG_20180820_200605-1024x768.jpg 1024w, https:\/\/tynavesvedsku.com\/wp-content\/uploads\/2023\/01\/IMG_20180820_200605-768x576.jpg 768w, https:\/\/tynavesvedsku.com\/wp-content\/uploads\/2023\/01\/IMG_20180820_200605-1536x1152.jpg 1536w, https:\/\/tynavesvedsku.com\/wp-content\/uploads\/2023\/01\/IMG_20180820_200605-2048x1536.jpg 2048w\" sizes=\"auto, (max-width: 2560px) 100vw, 2560px\" \/><figcaption class=\"wp-element-caption\">Sillvik\/Lilleby badet.<\/figcaption><\/figure>\n\n\n\n<p>Z\u00e1rove\u0148 jsem z\u00edskala zku\u0161enosti na cel\u00fd \u017eivot. Dostala jsem \u0161anci se toho ka\u017ed\u00fd den\u00a0<strong>u\u010dit tolik, a\u017e mi z toho prask\u00e1 hlava<\/strong>. \u017diji denn\u011b naplno zem\u00ed, kter\u00e1 mi je\u0161t\u011b dva roky\u00a0<strong>zp\u00e1tky absolutn\u011b v\u016fbec nic ne\u0159\u00edkala<\/strong>. Potkala jsem jedince tak rozmanit\u00e9ho p\u016fvodu, barvy pleti a spole\u010densk\u00e9ho (ne)postaven\u00ed, \u017ee to ot\u0159\u00e1slo skoro v\u0161\u00edm, co jsem doposud znala.<\/p>\n\n\n\n<p>Vyzkou\u0161ela jsem si pr\u00e1ci, ke kter\u00e9 bych se v \u010cech\u00e1ch v \u017eivot\u011b neodv\u00e1\u017eila. Spoluzalo\u017eila ve \u0160v\u00e9dsku neziskovou organizaci, kter\u00e1\u00a0<a href=\"https:\/\/performontop.com\/\" target=\"_blank\" rel=\"noreferrer noopener\">pom\u00e1h\u00e1 nov\u011b p\u0159\u00edchoz\u00edm migrant\u016fm se integrovat<\/a>. Zkr\u00e1tka a dob\u0159e, za hranicemi komfortn\u00ed z\u00f3ny (a domova) se nepochybn\u011b roste.<\/p>\n\n\n\n<p>Moje evropsk\u00e1 rodina bude po\u0159\u00e1d rozkro\u010dena mezi minim\u00e1ln\u011b t\u0159emi zem\u011bmi a\u00a0<strong>volba z\u016fstat v\u00a0jedn\u00e9 zemi bude v\u017edycky volba nez\u016fstat v\u00a0t\u00e9 druh\u00e9.<\/strong>\u00a0Ve \u0160v\u00e9dsku budu napo\u0159\u00e1d \u010ce\u0161kou, zat\u00edmco v \u010cech\u00e1ch budu \u010d\u00edm d\u00e1l v\u00edce liber\u00e1ln\u00ed \u0160v\u00e9dkou, kter\u00e1 moc nerozum\u00ed, co se v \u010cech\u00e1ch d\u011bje.<\/p>\n","protected":false},"excerpt":{"rendered":"<p>Volba z\u016fstat v jedn\u00e9 zemi bude v\u017edycky volba nez\u016fstat v t\u00e9 druh\u00e9. Ve \u0160v\u00e9dsku budu [&hellip;]<\/p>\n","protected":false},"author":1,"featured_media":512,"comment_status":"closed","ping_status":"closed","sticky":false,"template":"","format":"standard","meta":{"_monsterinsights_skip_tracking":false,"_monsterinsights_sitenote_active":false,"_monsterinsights_sitenote_note":"","_monsterinsights_sitenote_category":0,"_jetpack_memberships_contains_paid_content":false,"footnotes":"","jetpack_publicize_message":"","jetpack_publicize_feature_enabled":true,"jetpack_social_post_already_shared":true,"jetpack_social_options":{"image_generator_settings":{"template":"highway","default_image_id":0,"font":"","enabled":false},"version":2}},"categories":[5],"tags":[41,27],"class_list":["post-510","post","type-post","status-publish","format-standard","has-post-thumbnail","hentry","category-vypraveni","tag-emoce","tag-svedsko"],"yoast_head":"<!-- This site is optimized with the Yoast SEO plugin v27.5 - https:\/\/yoast.com\/product\/yoast-seo-wordpress\/ -->\n<title>Kde domov m\u016fj - M\u016fj \u017eivot ve \u0160v\u00e9dsku<\/title>\n<meta name=\"description\" content=\"Volba z\u016fstat v jedn\u00e9 zemi bude v\u017edycky volba nez\u016fstat v t\u00e9 druh\u00e9. V \u010cech\u00e1ch budu liber\u00e1ln\u00ed \u0160v\u00e9dkou, kter\u00e1 moc nerozum\u00ed, co se v \u010cech\u00e1ch d\u011bje.\" \/>\n<meta name=\"robots\" content=\"index, follow, max-snippet:-1, max-image-preview:large, max-video-preview:-1\" \/>\n<link rel=\"canonical\" href=\"https:\/\/tynavesvedsku.com\/index.php\/2023\/01\/07\/kde-domov-muj\/\" \/>\n<meta property=\"og:locale\" content=\"cs_CZ\" \/>\n<meta property=\"og:type\" content=\"article\" \/>\n<meta property=\"og:title\" content=\"Kde domov m\u016fj - M\u016fj \u017eivot ve \u0160v\u00e9dsku\" \/>\n<meta property=\"og:description\" content=\"Volba z\u016fstat v jedn\u00e9 zemi bude v\u017edycky volba nez\u016fstat v t\u00e9 druh\u00e9. V \u010cech\u00e1ch budu liber\u00e1ln\u00ed \u0160v\u00e9dkou, kter\u00e1 moc nerozum\u00ed, co se v \u010cech\u00e1ch d\u011bje.\" \/>\n<meta property=\"og:url\" content=\"https:\/\/tynavesvedsku.com\/index.php\/2023\/01\/07\/kde-domov-muj\/\" \/>\n<meta property=\"og:site_name\" content=\"M\u016fj \u017eivot ve \u0160v\u00e9dsku\" \/>\n<meta property=\"article:published_time\" content=\"2023-01-07T13:49:00+00:00\" \/>\n<meta property=\"article:modified_time\" content=\"2023-01-07T13:49:03+00:00\" \/>\n<meta property=\"og:image\" content=\"https:\/\/tynavesvedsku.com\/wp-content\/uploads\/2023\/01\/20220901_122210-scaled.jpg\" \/>\n\t<meta property=\"og:image:width\" content=\"2560\" \/>\n\t<meta property=\"og:image:height\" content=\"1920\" \/>\n\t<meta property=\"og:image:type\" content=\"image\/jpeg\" \/>\n<meta name=\"author\" content=\"tyna\" \/>\n<meta name=\"twitter:card\" content=\"summary_large_image\" \/>\n<meta name=\"twitter:label1\" content=\"Napsal(a)\" \/>\n\t<meta name=\"twitter:data1\" content=\"tyna\" \/>\n\t<meta name=\"twitter:label2\" content=\"Odhadovan\u00e1 doba \u010dten\u00ed\" \/>\n\t<meta name=\"twitter:data2\" content=\"4 minuty\" \/>\n<script type=\"application\/ld+json\" class=\"yoast-schema-graph\">{\"@context\":\"https:\\\/\\\/schema.org\",\"@graph\":[{\"@type\":\"Article\",\"@id\":\"https:\\\/\\\/tynavesvedsku.com\\\/index.php\\\/2023\\\/01\\\/07\\\/kde-domov-muj\\\/#article\",\"isPartOf\":{\"@id\":\"https:\\\/\\\/tynavesvedsku.com\\\/index.php\\\/2023\\\/01\\\/07\\\/kde-domov-muj\\\/\"},\"author\":{\"name\":\"tyna\",\"@id\":\"https:\\\/\\\/tynavesvedsku.com\\\/#\\\/schema\\\/person\\\/911bb2cdceaf0b9d4c7d56be12f730ec\"},\"headline\":\"Kde domov m\u016fj\",\"datePublished\":\"2023-01-07T13:49:00+00:00\",\"dateModified\":\"2023-01-07T13:49:03+00:00\",\"mainEntityOfPage\":{\"@id\":\"https:\\\/\\\/tynavesvedsku.com\\\/index.php\\\/2023\\\/01\\\/07\\\/kde-domov-muj\\\/\"},\"wordCount\":850,\"image\":{\"@id\":\"https:\\\/\\\/tynavesvedsku.com\\\/index.php\\\/2023\\\/01\\\/07\\\/kde-domov-muj\\\/#primaryimage\"},\"thumbnailUrl\":\"https:\\\/\\\/tynavesvedsku.com\\\/wp-content\\\/uploads\\\/2023\\\/01\\\/20220901_122210-scaled.jpg\",\"keywords\":[\"emoce\",\"\u0160v\u00e9dsko\"],\"articleSection\":[\"Vypr\u00e1v\u011bn\u00ed\"],\"inLanguage\":\"cs\"},{\"@type\":\"WebPage\",\"@id\":\"https:\\\/\\\/tynavesvedsku.com\\\/index.php\\\/2023\\\/01\\\/07\\\/kde-domov-muj\\\/\",\"url\":\"https:\\\/\\\/tynavesvedsku.com\\\/index.php\\\/2023\\\/01\\\/07\\\/kde-domov-muj\\\/\",\"name\":\"Kde domov m\u016fj - M\u016fj \u017eivot ve \u0160v\u00e9dsku\",\"isPartOf\":{\"@id\":\"https:\\\/\\\/tynavesvedsku.com\\\/#website\"},\"primaryImageOfPage\":{\"@id\":\"https:\\\/\\\/tynavesvedsku.com\\\/index.php\\\/2023\\\/01\\\/07\\\/kde-domov-muj\\\/#primaryimage\"},\"image\":{\"@id\":\"https:\\\/\\\/tynavesvedsku.com\\\/index.php\\\/2023\\\/01\\\/07\\\/kde-domov-muj\\\/#primaryimage\"},\"thumbnailUrl\":\"https:\\\/\\\/tynavesvedsku.com\\\/wp-content\\\/uploads\\\/2023\\\/01\\\/20220901_122210-scaled.jpg\",\"datePublished\":\"2023-01-07T13:49:00+00:00\",\"dateModified\":\"2023-01-07T13:49:03+00:00\",\"author\":{\"@id\":\"https:\\\/\\\/tynavesvedsku.com\\\/#\\\/schema\\\/person\\\/911bb2cdceaf0b9d4c7d56be12f730ec\"},\"description\":\"Volba z\u016fstat v jedn\u00e9 zemi bude v\u017edycky volba nez\u016fstat v t\u00e9 druh\u00e9. V \u010cech\u00e1ch budu liber\u00e1ln\u00ed \u0160v\u00e9dkou, kter\u00e1 moc nerozum\u00ed, co se v \u010cech\u00e1ch d\u011bje.\",\"breadcrumb\":{\"@id\":\"https:\\\/\\\/tynavesvedsku.com\\\/index.php\\\/2023\\\/01\\\/07\\\/kde-domov-muj\\\/#breadcrumb\"},\"inLanguage\":\"cs\",\"potentialAction\":[{\"@type\":\"ReadAction\",\"target\":[\"https:\\\/\\\/tynavesvedsku.com\\\/index.php\\\/2023\\\/01\\\/07\\\/kde-domov-muj\\\/\"]}]},{\"@type\":\"ImageObject\",\"inLanguage\":\"cs\",\"@id\":\"https:\\\/\\\/tynavesvedsku.com\\\/index.php\\\/2023\\\/01\\\/07\\\/kde-domov-muj\\\/#primaryimage\",\"url\":\"https:\\\/\\\/tynavesvedsku.com\\\/wp-content\\\/uploads\\\/2023\\\/01\\\/20220901_122210-scaled.jpg\",\"contentUrl\":\"https:\\\/\\\/tynavesvedsku.com\\\/wp-content\\\/uploads\\\/2023\\\/01\\\/20220901_122210-scaled.jpg\",\"width\":2560,\"height\":1920},{\"@type\":\"BreadcrumbList\",\"@id\":\"https:\\\/\\\/tynavesvedsku.com\\\/index.php\\\/2023\\\/01\\\/07\\\/kde-domov-muj\\\/#breadcrumb\",\"itemListElement\":[{\"@type\":\"ListItem\",\"position\":1,\"name\":\"Home\",\"item\":\"https:\\\/\\\/tynavesvedsku.com\\\/\"},{\"@type\":\"ListItem\",\"position\":2,\"name\":\"Kde domov m\u016fj\"}]},{\"@type\":\"WebSite\",\"@id\":\"https:\\\/\\\/tynavesvedsku.com\\\/#website\",\"url\":\"https:\\\/\\\/tynavesvedsku.com\\\/\",\"name\":\"M\u016fj \u017eivot ve \u0160v\u00e9dsku\",\"description\":\"Blog o \u0161v\u00e9d\u0161tin\u011b, cestov\u00e1n\u00ed a \u017eivot\u011b ve \u0160v\u00e9dsku\",\"potentialAction\":[{\"@type\":\"SearchAction\",\"target\":{\"@type\":\"EntryPoint\",\"urlTemplate\":\"https:\\\/\\\/tynavesvedsku.com\\\/?s={search_term_string}\"},\"query-input\":{\"@type\":\"PropertyValueSpecification\",\"valueRequired\":true,\"valueName\":\"search_term_string\"}}],\"inLanguage\":\"cs\"},{\"@type\":\"Person\",\"@id\":\"https:\\\/\\\/tynavesvedsku.com\\\/#\\\/schema\\\/person\\\/911bb2cdceaf0b9d4c7d56be12f730ec\",\"name\":\"tyna\",\"image\":{\"@type\":\"ImageObject\",\"inLanguage\":\"cs\",\"@id\":\"https:\\\/\\\/secure.gravatar.com\\\/avatar\\\/04410c153f8418bab509dfe23b92b5c8343e18b5be3958974c7b7f00fdb9b863?s=96&d=mm&r=g\",\"url\":\"https:\\\/\\\/secure.gravatar.com\\\/avatar\\\/04410c153f8418bab509dfe23b92b5c8343e18b5be3958974c7b7f00fdb9b863?s=96&d=mm&r=g\",\"contentUrl\":\"https:\\\/\\\/secure.gravatar.com\\\/avatar\\\/04410c153f8418bab509dfe23b92b5c8343e18b5be3958974c7b7f00fdb9b863?s=96&d=mm&r=g\",\"caption\":\"tyna\"},\"sameAs\":[\"http:\\\/\\\/tynavesvedsku.com\"],\"url\":\"https:\\\/\\\/tynavesvedsku.com\\\/index.php\\\/author\\\/tyna\\\/\"}]}<\/script>\n<!-- \/ Yoast SEO plugin. -->","yoast_head_json":{"title":"Kde domov m\u016fj - M\u016fj \u017eivot ve \u0160v\u00e9dsku","description":"Volba z\u016fstat v jedn\u00e9 zemi bude v\u017edycky volba nez\u016fstat v t\u00e9 druh\u00e9. V \u010cech\u00e1ch budu liber\u00e1ln\u00ed \u0160v\u00e9dkou, kter\u00e1 moc nerozum\u00ed, co se v \u010cech\u00e1ch d\u011bje.","robots":{"index":"index","follow":"follow","max-snippet":"max-snippet:-1","max-image-preview":"max-image-preview:large","max-video-preview":"max-video-preview:-1"},"canonical":"https:\/\/tynavesvedsku.com\/index.php\/2023\/01\/07\/kde-domov-muj\/","og_locale":"cs_CZ","og_type":"article","og_title":"Kde domov m\u016fj - M\u016fj \u017eivot ve \u0160v\u00e9dsku","og_description":"Volba z\u016fstat v jedn\u00e9 zemi bude v\u017edycky volba nez\u016fstat v t\u00e9 druh\u00e9. V \u010cech\u00e1ch budu liber\u00e1ln\u00ed \u0160v\u00e9dkou, kter\u00e1 moc nerozum\u00ed, co se v \u010cech\u00e1ch d\u011bje.","og_url":"https:\/\/tynavesvedsku.com\/index.php\/2023\/01\/07\/kde-domov-muj\/","og_site_name":"M\u016fj \u017eivot ve \u0160v\u00e9dsku","article_published_time":"2023-01-07T13:49:00+00:00","article_modified_time":"2023-01-07T13:49:03+00:00","og_image":[{"width":2560,"height":1920,"url":"https:\/\/tynavesvedsku.com\/wp-content\/uploads\/2023\/01\/20220901_122210-scaled.jpg","type":"image\/jpeg"}],"author":"tyna","twitter_card":"summary_large_image","twitter_misc":{"Napsal(a)":"tyna","Odhadovan\u00e1 doba \u010dten\u00ed":"4 minuty"},"schema":{"@context":"https:\/\/schema.org","@graph":[{"@type":"Article","@id":"https:\/\/tynavesvedsku.com\/index.php\/2023\/01\/07\/kde-domov-muj\/#article","isPartOf":{"@id":"https:\/\/tynavesvedsku.com\/index.php\/2023\/01\/07\/kde-domov-muj\/"},"author":{"name":"tyna","@id":"https:\/\/tynavesvedsku.com\/#\/schema\/person\/911bb2cdceaf0b9d4c7d56be12f730ec"},"headline":"Kde domov m\u016fj","datePublished":"2023-01-07T13:49:00+00:00","dateModified":"2023-01-07T13:49:03+00:00","mainEntityOfPage":{"@id":"https:\/\/tynavesvedsku.com\/index.php\/2023\/01\/07\/kde-domov-muj\/"},"wordCount":850,"image":{"@id":"https:\/\/tynavesvedsku.com\/index.php\/2023\/01\/07\/kde-domov-muj\/#primaryimage"},"thumbnailUrl":"https:\/\/tynavesvedsku.com\/wp-content\/uploads\/2023\/01\/20220901_122210-scaled.jpg","keywords":["emoce","\u0160v\u00e9dsko"],"articleSection":["Vypr\u00e1v\u011bn\u00ed"],"inLanguage":"cs"},{"@type":"WebPage","@id":"https:\/\/tynavesvedsku.com\/index.php\/2023\/01\/07\/kde-domov-muj\/","url":"https:\/\/tynavesvedsku.com\/index.php\/2023\/01\/07\/kde-domov-muj\/","name":"Kde domov m\u016fj - M\u016fj \u017eivot ve \u0160v\u00e9dsku","isPartOf":{"@id":"https:\/\/tynavesvedsku.com\/#website"},"primaryImageOfPage":{"@id":"https:\/\/tynavesvedsku.com\/index.php\/2023\/01\/07\/kde-domov-muj\/#primaryimage"},"image":{"@id":"https:\/\/tynavesvedsku.com\/index.php\/2023\/01\/07\/kde-domov-muj\/#primaryimage"},"thumbnailUrl":"https:\/\/tynavesvedsku.com\/wp-content\/uploads\/2023\/01\/20220901_122210-scaled.jpg","datePublished":"2023-01-07T13:49:00+00:00","dateModified":"2023-01-07T13:49:03+00:00","author":{"@id":"https:\/\/tynavesvedsku.com\/#\/schema\/person\/911bb2cdceaf0b9d4c7d56be12f730ec"},"description":"Volba z\u016fstat v jedn\u00e9 zemi bude v\u017edycky volba nez\u016fstat v t\u00e9 druh\u00e9. V \u010cech\u00e1ch budu liber\u00e1ln\u00ed \u0160v\u00e9dkou, kter\u00e1 moc nerozum\u00ed, co se v \u010cech\u00e1ch d\u011bje.","breadcrumb":{"@id":"https:\/\/tynavesvedsku.com\/index.php\/2023\/01\/07\/kde-domov-muj\/#breadcrumb"},"inLanguage":"cs","potentialAction":[{"@type":"ReadAction","target":["https:\/\/tynavesvedsku.com\/index.php\/2023\/01\/07\/kde-domov-muj\/"]}]},{"@type":"ImageObject","inLanguage":"cs","@id":"https:\/\/tynavesvedsku.com\/index.php\/2023\/01\/07\/kde-domov-muj\/#primaryimage","url":"https:\/\/tynavesvedsku.com\/wp-content\/uploads\/2023\/01\/20220901_122210-scaled.jpg","contentUrl":"https:\/\/tynavesvedsku.com\/wp-content\/uploads\/2023\/01\/20220901_122210-scaled.jpg","width":2560,"height":1920},{"@type":"BreadcrumbList","@id":"https:\/\/tynavesvedsku.com\/index.php\/2023\/01\/07\/kde-domov-muj\/#breadcrumb","itemListElement":[{"@type":"ListItem","position":1,"name":"Home","item":"https:\/\/tynavesvedsku.com\/"},{"@type":"ListItem","position":2,"name":"Kde domov m\u016fj"}]},{"@type":"WebSite","@id":"https:\/\/tynavesvedsku.com\/#website","url":"https:\/\/tynavesvedsku.com\/","name":"M\u016fj \u017eivot ve \u0160v\u00e9dsku","description":"Blog o \u0161v\u00e9d\u0161tin\u011b, cestov\u00e1n\u00ed a \u017eivot\u011b ve \u0160v\u00e9dsku","potentialAction":[{"@type":"SearchAction","target":{"@type":"EntryPoint","urlTemplate":"https:\/\/tynavesvedsku.com\/?s={search_term_string}"},"query-input":{"@type":"PropertyValueSpecification","valueRequired":true,"valueName":"search_term_string"}}],"inLanguage":"cs"},{"@type":"Person","@id":"https:\/\/tynavesvedsku.com\/#\/schema\/person\/911bb2cdceaf0b9d4c7d56be12f730ec","name":"tyna","image":{"@type":"ImageObject","inLanguage":"cs","@id":"https:\/\/secure.gravatar.com\/avatar\/04410c153f8418bab509dfe23b92b5c8343e18b5be3958974c7b7f00fdb9b863?s=96&d=mm&r=g","url":"https:\/\/secure.gravatar.com\/avatar\/04410c153f8418bab509dfe23b92b5c8343e18b5be3958974c7b7f00fdb9b863?s=96&d=mm&r=g","contentUrl":"https:\/\/secure.gravatar.com\/avatar\/04410c153f8418bab509dfe23b92b5c8343e18b5be3958974c7b7f00fdb9b863?s=96&d=mm&r=g","caption":"tyna"},"sameAs":["http:\/\/tynavesvedsku.com"],"url":"https:\/\/tynavesvedsku.com\/index.php\/author\/tyna\/"}]}},"jetpack_publicize_connections":[],"jetpack_featured_media_url":"https:\/\/tynavesvedsku.com\/wp-content\/uploads\/2023\/01\/20220901_122210-scaled.jpg","jetpack_sharing_enabled":true,"_links":{"self":[{"href":"https:\/\/tynavesvedsku.com\/index.php\/wp-json\/wp\/v2\/posts\/510","targetHints":{"allow":["GET"]}}],"collection":[{"href":"https:\/\/tynavesvedsku.com\/index.php\/wp-json\/wp\/v2\/posts"}],"about":[{"href":"https:\/\/tynavesvedsku.com\/index.php\/wp-json\/wp\/v2\/types\/post"}],"author":[{"embeddable":true,"href":"https:\/\/tynavesvedsku.com\/index.php\/wp-json\/wp\/v2\/users\/1"}],"replies":[{"embeddable":true,"href":"https:\/\/tynavesvedsku.com\/index.php\/wp-json\/wp\/v2\/comments?post=510"}],"version-history":[{"count":2,"href":"https:\/\/tynavesvedsku.com\/index.php\/wp-json\/wp\/v2\/posts\/510\/revisions"}],"predecessor-version":[{"id":515,"href":"https:\/\/tynavesvedsku.com\/index.php\/wp-json\/wp\/v2\/posts\/510\/revisions\/515"}],"wp:featuredmedia":[{"embeddable":true,"href":"https:\/\/tynavesvedsku.com\/index.php\/wp-json\/wp\/v2\/media\/512"}],"wp:attachment":[{"href":"https:\/\/tynavesvedsku.com\/index.php\/wp-json\/wp\/v2\/media?parent=510"}],"wp:term":[{"taxonomy":"category","embeddable":true,"href":"https:\/\/tynavesvedsku.com\/index.php\/wp-json\/wp\/v2\/categories?post=510"},{"taxonomy":"post_tag","embeddable":true,"href":"https:\/\/tynavesvedsku.com\/index.php\/wp-json\/wp\/v2\/tags?post=510"}],"curies":[{"name":"wp","href":"https:\/\/api.w.org\/{rel}","templated":true}]}}