{"id":516,"date":"2023-01-07T10:58:00","date_gmt":"2023-01-07T10:58:00","guid":{"rendered":"https:\/\/tynavesvedsku.com\/?p=516"},"modified":"2023-08-14T17:30:25","modified_gmt":"2023-08-14T17:30:25","slug":"dovolena-na-zapadnim-pobrezi","status":"publish","type":"post","link":"https:\/\/tynavesvedsku.com\/index.php\/2023\/01\/07\/dovolena-na-zapadnim-pobrezi\/","title":{"rendered":"Dovolen\u00e1 na z\u00e1padn\u00edm pob\u0159e\u017e\u00ed"},"content":{"rendered":"\n<p> Jak se ve \u0160v\u00e9dsku kempuje? Co se d\u00e1 vid\u011bt a d\u011blat? Nejlep\u0161\u00ed destinace pro roadtrip v z\u00e1padn\u00edm \u0160v\u00e9dsku.<\/p>\n\n\n\n<!--more-->\n\n\n\n<h2 class=\"wp-block-heading\">Dovolen\u00e1 ve \u0160v\u00e9dsku \u2013 hemester<\/h2>\n\n\n\n<p>Dovolen\u00e1 ve \u0160v\u00e9dsku. Ve \u0160v\u00e9dsku je&nbsp;<em>semester<\/em>, tedy letn\u00ed dovolen\u00e1, ud\u00e1lost\u00ed roku. Je\u0161t\u011b aby ne \u2013&nbsp;<strong>l\u00e9to je ve \u0160v\u00e9dsku nejlep\u0161\u00ed den v roce.<\/strong><\/p>\n\n\n\n<p>V pr\u00e1ci se kolegov\u00e9 perou o nejlep\u0161\u00ed term\u00edny ve chv\u00edl\u00edch, kdy je\u0161t\u011b pad\u00e1 za oknem sn\u00edh.&nbsp; Jen\u017ee letos s velk\u00fdmi pl\u00e1ny zato\u010dil koronavirus a tak postupn\u011b&nbsp;<strong>odzvonilo pl\u00e1n\u016fm vycestovat ze \u0160v\u00e9dska<\/strong>, \u00e1men je nakonec i pl\u00e1n\u016fm opustit n\u00e1\u0161 region (V\u00e4stra G\u00f6taland). Letos to vypad\u00e1 na&nbsp;<em>hemester (hemma= doma, semester= dovolen\u00e1),&nbsp;<\/em>fr\u010d\u00ed dovolen\u00e1 ve \u0160v\u00e9dsku.<\/p>\n\n\n\n<h3 class=\"wp-block-heading\">V\u00e4st kust \u2013 b\u00e4st kust<\/h3>\n\n\n\n<p>Z\u00e1padn\u00ed pob\u0159e\u017e\u00ed &#8211; nejlep\u0161\u00ed pob\u0159e\u017e\u00ed. Je\u0161t\u011b t\u00fdden p\u0159ed pl\u00e1novanou dovolenou nebylo jasn\u00e9, zda odborn\u00edci povol\u00ed cestov\u00e1n\u00ed v\u00edce ne\u017e 1-2 hodiny od m\u00edsta domova kv\u016fli pandemii covid-19.&nbsp;<strong>Ale vy\u0161lo to!<\/strong>&nbsp;T\u00fdden p\u0159ed pl\u00e1novanou dovolenou \u0160v\u00e9dsko rozhodlo, \u017ee kempy mohou na sez\u00f3nu z\u016fstat otev\u0159en\u00e9.<\/p>\n\n\n\n<p>Tak se rozhodneme otestovat, jestli je opravdu<strong>&nbsp;z\u00e1padn\u00ed pob\u0159e\u017e\u00ed nejlep\u0161\u00ed pob\u0159e\u017e\u00ed<\/strong>&nbsp;(v\u00e4st kust \u2013 b\u00e4st kust). V p\u016flce \u010dervna s n\u00e1mi vyr\u00e1\u017e\u00ed Karkulka&nbsp; (n\u00e1\u0161 sta\u0159i\u010dk\u00fd \u010derven\u00fd Peugot z roku 2003)&nbsp;<strong>nap\u011bchovan\u00e1 stanem, spac\u00e1ky a poln\u00ed kuchyn\u00ed na roadtrip<\/strong>&nbsp;po \u0161v\u00e9dsk\u00e9m z\u00e1padn\u00edm pob\u0159e\u017e\u00ed a mezi jej\u00edmi jezery ve vnitrozem\u00ed.<\/p>\n\n\n\n<p>Z dovolen\u00e9 se vyklube&nbsp;<strong>jeden z nejlep\u0161\u00edch roadtrip\u016f posledn\u00edch let<\/strong>. Hlava n\u00e1m nebere,<strong>&nbsp;jak kr\u00e1sn\u011b je v na\u0161em regionu<\/strong>&nbsp;V\u00e4stra G\u00f6taland, oblasti okolo oblasti G\u00f6teborgu, kter\u00e1 se t\u00e1hne a\u017e k norsk\u00fdm hranic\u00edm na severu a z v\u00fdchodu ji charakterizuj\u00ed jezera V\u00e4nern a V\u00e4ttern.<\/p>\n\n\n\n<h2 class=\"wp-block-heading\">Pl\u00e1n cesty<\/h2>\n\n\n\n<ul class=\"wp-block-list\">\n<li>14 dn\u00ed pod stanem;<\/li>\n\n\n\n<li>\u00fat\u011bk do divo\u010diny;<\/li>\n\n\n\n<li>cokoliv, co&nbsp;nen\u00ed pr\u00e1ce.<\/li>\n<\/ul>\n\n\n\n<h3 class=\"wp-block-heading alignwide has-text-align-center\"><img loading=\"lazy\" decoding=\"async\" width=\"281\" height=\"192\" src=\"https:\/\/mladiinfo.cz\/\/wp-content\/uploads\/2020\/07\/Route-300x205.jpg\" alt=\"\"><\/h3>\n\n\n\n<p>Z G\u00f6teborgu a\u017e pod norskou hranici, kde p\u0159ed n\u00e1rodn\u00edm parkem&nbsp;<a href=\"https:\/\/www.vastsverige.com\/en\/kosterhavet\/\" target=\"_blank\" rel=\"noreferrer noopener\">Kosterhavet<\/a>&nbsp;st\u00e1\u010d\u00edme auto do vnitrozem\u00ed s c\u00edlem pokra\u010dovat mezi jezery V\u00e4nern a V\u00e4ttern zp\u00e1tky do G\u00f6teborgu.<\/p>\n\n\n\n<h3 class=\"wp-block-heading\">Nejlep\u0161\u00ed doba na dovolenou ve \u0160v\u00e9dsku<\/h3>\n\n\n\n<p>Do po\u010das\u00ed se rad\u011bji pou\u0161t\u011bt nebudu, jeliko\u017e po m\u00fdch dvou letech ve \u0160v\u00e9dsku mi ka\u017ed\u00fd tvrd\u00fd, \u017ee&nbsp;<em>tenhle rok je atypick\u00e9 po\u010das\u00ed, \u017ee to takhle nikdy nen\u00ed.<\/em><\/p>\n\n\n\n<p>Vyr\u00e1\u017e\u00edme 25. a 26. t\u00fdden roku (ve \u0160v\u00e9dsku se \u010das po\u010d\u00edt\u00e1 na t\u00fddny).&nbsp;<strong>Hlavn\u00ed sez\u00f3na dovolen\u00fdch za\u010d\u00edn\u00e1 zhruba t\u00fdden po&nbsp;<em>Midsommar<\/em><\/strong>&nbsp;(Slunovratu), tedy 27. \u2013 28. t\u00fdden. V \u010dervenci a prvn\u00ed polovin\u011b srpna (28. t\u00fdden a d\u00e1le) je na dovolen\u00e9 zhruba tak\u2026cel\u00e9 \u0160v\u00e9dsko. P\u0159edt\u00edm a potom je v\u0161ude pr\u00e1zdn\u011bji.<\/p>\n\n\n\n<h3 class=\"wp-block-heading\">Kempov\u00e1n\u00ed ve voln\u00e9 p\u0159\u00edrod\u011b<\/h3>\n\n\n\n<p>Ve \u0160v\u00e9dsku se&nbsp;<strong>d\u00e1 stanovat ve voln\u00e9 p\u0159\u00edrod\u011b skoro v\u0161ude<\/strong>, plat\u00ed zde pr\u00e1vo voln\u00e9ho p\u0159\u00edstupu k p\u0159\u00edrod\u011b, tedy&nbsp;<a href=\"https:\/\/visitsweden.com\/what-to-do\/nature-outdoors\/nature\/sustainable-and-rural-tourism\/about-the-right-of-public-access\/\" target=\"_blank\" rel=\"noreferrer noopener\">allemansr\u00e4tten<\/a>.<\/p>\n\n\n\n<p>Nesm\u00edte samoz\u0159ejm\u011b kempovat na soukrom\u00e9m pozemku, kempov\u00e1n\u00ed je v\u011bt\u0161inou omezen\u00e9 i v n\u00e1rodn\u00edch parc\u00edch a p\u0159\u00edrodn\u00edch rezervac\u00edch. Ale jinak celkem kdekoliv a kdykoliv, pokud dodr\u017eujete z\u00e1kladn\u00ed principy lidsk\u00e9 slu\u0161nosti v\u016f\u010di p\u0159\u00edrod\u011b a okol\u00ed. My vol\u00edme pro leto\u0161ek kempy, na divokou zv\u011b\u0159 se je\u0161t\u011b letos nec\u00edt\u00edme.&nbsp;<strong>Cena se pohybuje mezi 200-300 SEK za noc<\/strong>&nbsp;(500-800 CZK).<\/p>\n\n\n\n<h3 class=\"wp-block-heading\">Vybaven\u00ed na cestu<\/h3>\n\n\n\n<p>Kempy jsou v\u011bt\u0161inou&nbsp;<strong>vybaveny dob\u0159e a jsou \u010dist\u00e9<\/strong>. Disponuj\u00ed kuchyn\u00ed, ale i tak m\u00e1me sebou mal\u00fd lihov\u00fd va\u0159i\u010d, \u0161v\u00e9dskou klasiku spr\u00e1vn\u00e9ho trampa za p\u00e1r stovek.<\/p>\n\n\n\n<p>Jako spr\u00e1vn\u00fd patriot jsem neodolala tuzemsk\u00e9mu v\u00fdrobci stan\u016f a jeho lo\u0148sk\u00fdm slev\u00e1m, kter\u00fd hned prvn\u00ed den proch\u00e1z\u00ed&nbsp;<strong>zat\u011b\u017ek\u00e1vac\u00ed zkou\u0161kou n\u00e1razov\u00e9ho v\u011btru 40-60 km\/ hod<\/strong>, na kter\u00fd pravd\u011bpodobn\u011b stav\u011bn nebyl. Tak hned prvn\u00ed den v\u00edtr utrhne jeden z h\u00e1\u010dk\u016f mezi plachtami a druh\u00fd den lep\u00edme d\u00edrku v placht\u011b. V\u00edtr, p\u0159\u00edvalov\u00e9 de\u0161t\u011b, n\u00e1lety termit\u016f a v\u016fbec osobit\u011bj\u0161\u00ed skandin\u00e1vsk\u00e9 po\u010das\u00ed&nbsp;<strong>v\u0161ak stan nakonec obstojn\u011b zvl\u00e1dne<\/strong>&nbsp;a m\u016f\u017eeme tedy \u0159\u00edct, \u017ee souboj \u0160v\u00e9dsko \u2013 \u010cesko skon\u010dil rem\u00edzou.<\/p>\n\n\n\n<figure class=\"wp-block-image size-full\"><img loading=\"lazy\" decoding=\"async\" width=\"2560\" height=\"1920\" src=\"https:\/\/tynavesvedsku.com\/wp-content\/uploads\/2023\/01\/IMG_20190420_141151-scaled.jpg\" alt=\"\" class=\"wp-image-519\" srcset=\"https:\/\/tynavesvedsku.com\/wp-content\/uploads\/2023\/01\/IMG_20190420_141151-scaled.jpg 2560w, https:\/\/tynavesvedsku.com\/wp-content\/uploads\/2023\/01\/IMG_20190420_141151-300x225.jpg 300w, https:\/\/tynavesvedsku.com\/wp-content\/uploads\/2023\/01\/IMG_20190420_141151-1024x768.jpg 1024w, https:\/\/tynavesvedsku.com\/wp-content\/uploads\/2023\/01\/IMG_20190420_141151-768x576.jpg 768w, https:\/\/tynavesvedsku.com\/wp-content\/uploads\/2023\/01\/IMG_20190420_141151-1536x1152.jpg 1536w, https:\/\/tynavesvedsku.com\/wp-content\/uploads\/2023\/01\/IMG_20190420_141151-2048x1536.jpg 2048w\" sizes=\"auto, (max-width: 2560px) 100vw, 2560px\" \/><figcaption class=\"wp-element-caption\">Kosterhavet, n\u00e1rodn\u00ed park.<\/figcaption><\/figure>\n\n\n\n<h2 class=\"wp-block-heading\">Z\u00e1padn\u00ed pob\u0159e\u017e\u00ed \u0160v\u00e9dska<\/h2>\n\n\n\n<h3 class=\"wp-block-heading\">Tj\u00f6rn, Sk\u00e4rhamn, Pilane Sculpture Park<\/h3>\n\n\n\n<p>Na\u0161\u00ed prvn\u00ed zast\u00e1vkou je&nbsp;<a href=\"https:\/\/www.vastsverige.com\/sodrabohuslan\/produkter\/skarhamn\/\" target=\"_blank\" rel=\"noreferrer noopener\">Tj\u00f6rn<\/a>, prvn\u00ed z perel na z\u00e1padn\u00edm pob\u0159e\u017e\u00ed, zhruba tak hodinu j\u00edzdy autem od G\u00f6teborgu&nbsp;<a href=\"https:\/\/www.vastsverige.com\/sodrabohuslan\/\" target=\"_blank\" rel=\"noreferrer noopener\">v oblasti Bohusl\u00e4n<\/a>. M\u00edj\u00edme kr\u00e1sn\u00e9 ostrovn\u00ed&nbsp;<a href=\"https:\/\/www.vastsverige.com\/en\/sodra-bohuslan\/produkter\/marstrand\/\" target=\"_blank\" rel=\"noreferrer noopener\">m\u011bste\u010dko Marstrand<\/a>, o kter\u00e9m si pov\u00edme jindy. Prvn\u00ed kemp u m\u011bste\u010dka&nbsp;<a href=\"https:\/\/www.vastsverige.com\/en\/sodra-bohuslan\/produkter\/marstrand\/\" target=\"_blank\" rel=\"noreferrer noopener\">Sk\u00e4rhamn<\/a>, kde se nach\u00e1z\u00ed&nbsp;<a href=\"https:\/\/www.vastsverige.com\/sodrabohuslan\/produkter\/skarhamn\/\" target=\"_blank\" rel=\"noreferrer noopener\">slavn\u00e9 muzeum akvarel<\/a>.<\/p>\n\n\n\n<figure class=\"wp-block-image size-large\"><img loading=\"lazy\" decoding=\"async\" width=\"1024\" height=\"768\" src=\"https:\/\/tynavesvedsku.com\/wp-content\/uploads\/2022\/12\/IMG_20200612_201147-1024x768.jpg\" alt=\"\" class=\"wp-image-292\" srcset=\"https:\/\/tynavesvedsku.com\/wp-content\/uploads\/2022\/12\/IMG_20200612_201147-1024x768.jpg 1024w, https:\/\/tynavesvedsku.com\/wp-content\/uploads\/2022\/12\/IMG_20200612_201147-300x225.jpg 300w, https:\/\/tynavesvedsku.com\/wp-content\/uploads\/2022\/12\/IMG_20200612_201147-768x576.jpg 768w, https:\/\/tynavesvedsku.com\/wp-content\/uploads\/2022\/12\/IMG_20200612_201147-1536x1152.jpg 1536w, https:\/\/tynavesvedsku.com\/wp-content\/uploads\/2022\/12\/IMG_20200612_201147-2048x1536.jpg 2048w\" sizes=\"auto, (max-width: 1024px) 100vw, 1024px\" \/><figcaption class=\"wp-element-caption\">Tj\u00f6rn.<\/figcaption><\/figure>\n\n\n\n<h3 class=\"wp-block-heading\">Fj\u00e4lbacka a Grebbestad<\/h3>\n\n\n\n<p>Ze Tj\u00f6rnu se p\u0159esouv\u00e1me k osobit\u00e9mu muzeu soch pod \u0161ir\u00fdm nebem&nbsp;<a href=\"https:\/\/www.routesnorth.com\/gothenburg\/gothenburg-see-and-do\/visiting-pilane-sculpture-park-in-west-sweden\/\" target=\"_blank\" rel=\"noreferrer noopener\">Scultupture Park Pilane<\/a>, kde jsou sochy zasazeny do voln\u00e9 p\u0159\u00edrody a pak n\u00e1m nic nebr\u00e1n\u00ed pokra\u010dovat k na\u0161emu dal\u0161\u00edmu c\u00edlu&nbsp;<a href=\"http:\/\/fjallbacka.com\/\" target=\"_blank\" rel=\"noreferrer noopener\">Fj\u00e4llbacka<\/a>.<\/p>\n\n\n\n<p>Po cest\u011b se zastav\u00edme&nbsp;<a href=\"https:\/\/www.vastsverige.com\/sotenas\/artiklar\/smogen\/\" target=\"_blank\" rel=\"noreferrer noopener\">v ryb\u00e1\u0159sk\u00e9 vesnici Sm\u00f6gen<\/a>, poob\u011bdv\u00e1me \u010derstv\u00e9 ryby a k ve\u010deru kotv\u00edme v dal\u0161\u00edm kempu asi dva kilometry&nbsp;<a href=\"http:\/\/fjallbacka.com\/\" target=\"_blank\" rel=\"noreferrer noopener\">Fj\u00e4llbacka<\/a>, kde bydl\u00edme pro zm\u011bnu v mal\u00e9m bulgalowu na \u00fatesu.<\/p>\n\n\n\n<p>Ve \u0160v\u00e9dsku, kter\u00e9 norm\u00e1ln\u011b m\u00e1&nbsp;<em>lagom<\/em>&nbsp;(\u010dti p\u0159im\u011b\u0159en\u00e9) teploty,&nbsp;<strong>atakuje teplom\u011br 30 stup\u0148\u016f<\/strong>&nbsp;a tak nedo\u010dkav\u011b p\u00e1d\u00edme k pl\u00e1\u017e\u00ed. Na n\u00e1s je mo\u0159e studen\u00e9, ale ne tak pro med\u00fazy, kter\u00fdch je na n\u00e1\u0161 vkus na metru \u010dtvere\u010dn\u00edm celkem 10, tedy zhruba o 10 v\u00edc, ne\u017e bychom si p\u0159\u00e1li. A tak z koup\u00e1n\u00ed nakonec nic nen\u00ed, jeliko\u017e se n\u00e1m nechce sd\u00edlet \u017eivotn\u00ed prostor se \u017eahaj\u00edc\u00edmi plavaj\u00edc\u00edmi potvorami.<\/p>\n\n\n\n<p>Z&nbsp;<a href=\"http:\/\/fjallbacka.com\/\" target=\"_blank\" rel=\"noreferrer noopener\">Fj\u00e4llbacka<\/a>&nbsp;odj\u00ed\u017ed\u00edme p\u0159\u00edli\u0161 brzo a tak nestihneme ani&nbsp;<a href=\"https:\/\/www.vastsverige.com\/en\/tanum\/produkter\/the-weather-islands\/\" target=\"_blank\" rel=\"noreferrer noopener\">V\u00e4der\u00f6arna<\/a>, kde se nach\u00e1z\u00ed&nbsp;<strong>kolonie tule\u0148\u016f, 5 \u0160v\u00e9d\u016f a jeden pes<\/strong>. Ve vesnici pozorujeme rodinku, kter\u00e1 n\u00e1kl\u00e1d\u00e1 do motorov\u00e9 lodi vybaven\u00ed na v\u00edkend a m\u00ed\u0159\u00ed na jeden z ostrov\u016f. Spole\u010dn\u00fd z\u00e1jem \u010cech\u016f a \u0160v\u00e9d\u016f \u2013&nbsp;<strong>chalupa\u0159en\u00ed \u2013 dost\u00e1v\u00e1 ve \u0161v\u00e9dsk\u00e9m pod\u00e1n\u00ed zcela nov\u00fd rozm\u011br.<\/strong><\/p>\n\n\n\n<h3 class=\"wp-block-heading\">Sm\u00f6gen<\/h3>\n\n\n\n<p>P\u0159esp\u00e1n\u00ed pod \u0161ir\u00e1kem na \u00fatesu u na\u0161\u00ed chatky ve&nbsp;<a href=\"http:\/\/fjallbacka.com\/\" target=\"_blank\" rel=\"noreferrer noopener\">Fj\u00e4llbacka<\/a>&nbsp;a pozorov\u00e1n\u00ed v\u00fdchodu slunce je romantick\u00e1 te\u010dka za na\u0161\u00edm pobytem na z\u00e1padn\u00edm pob\u0159e\u017e\u00ed a my u\u017e se t\u0159eseme do vnitrozem\u00ed, do divo\u010diny. Posledn\u00edm p\u0159\u00edstavn\u00edm z\u00e1zrakem je&nbsp;<a href=\"https:\/\/www.vastsverige.com\/sotenas\/artiklar\/smogen\/\" target=\"_blank\" rel=\"noreferrer noopener\">Sm\u00f6gen<\/a>, fotogenick\u00e1 rab\u00e1\u0159sk\u00e1 vesnice, obl\u00edben\u00fd c\u00edl turist\u016f.<\/p>\n\n\n\n<figure class=\"wp-block-image size-full\"><img loading=\"lazy\" decoding=\"async\" width=\"1920\" height=\"2560\" src=\"https:\/\/tynavesvedsku.com\/wp-content\/uploads\/2023\/01\/20200614_144328-scaled.jpg\" alt=\"\" class=\"wp-image-520\" srcset=\"https:\/\/tynavesvedsku.com\/wp-content\/uploads\/2023\/01\/20200614_144328-scaled.jpg 1920w, https:\/\/tynavesvedsku.com\/wp-content\/uploads\/2023\/01\/20200614_144328-225x300.jpg 225w, https:\/\/tynavesvedsku.com\/wp-content\/uploads\/2023\/01\/20200614_144328-768x1024.jpg 768w, https:\/\/tynavesvedsku.com\/wp-content\/uploads\/2023\/01\/20200614_144328-1152x1536.jpg 1152w, https:\/\/tynavesvedsku.com\/wp-content\/uploads\/2023\/01\/20200614_144328-1536x2048.jpg 1536w\" sizes=\"auto, (max-width: 1920px) 100vw, 1920px\" \/><figcaption class=\"wp-element-caption\">Sm\u00f6gen.<\/figcaption><\/figure>\n\n\n\n<h2 class=\"wp-block-heading\">Do vnitrozem\u00ed<\/h2>\n\n\n\n<h3 class=\"wp-block-heading\">Tanumhede a Dals-Ed<\/h3>\n\n\n\n<p>Oblast, kam m\u00ed\u0159\u00edme, se jmenuje&nbsp;<a href=\"https:\/\/www.vastsverige.com\/en\/dalsland\/\" target=\"_blank\" rel=\"noreferrer noopener\">Dalsland<\/a>&nbsp;a \u0159\u00edk\u00e1 se, \u017ee je takov\u00fdm \u0160v\u00e9dskem v kostce, jeliko\u017e tu&nbsp;<strong>najdete velmi rozmanitou p\u0159\u00edrodu<\/strong>.&nbsp;<a href=\"https:\/\/www.vastsverige.com\/en\/dalsland\/\" target=\"_blank\" rel=\"noreferrer noopener\">Ve m\u011bst\u011b Ed<\/a>&nbsp;n\u00e1s l\u00e1k\u00e1 hlavn\u011b los\u00ed park, kter\u00fd je v\u0161ak zav\u0159en\u00fd, ale m\u00edsto vyrovn\u00e1v\u00e1 kr\u00e1sn\u00fd v\u00fdhled z kempu na jezero Lilla Lee. Cestou mezi pob\u0159e\u017e\u00edm a Ed se nach\u00e1z\u00ed historick\u00e1 oblast ze seznamu UNESCO, rytiny na&nbsp;<a href=\"https:\/\/www.vastsverige.com\/en\/tanum\/contact-us\/tanumshede-touristinformation\/\" target=\"_blank\" rel=\"noreferrer noopener\">kamenech z doby bronzov\u00e9 v Tanumshede<\/a>.<\/p>\n\n\n\n<h3 class=\"wp-block-heading\">Bluesberry woods<\/h3>\n\n\n\n<p>Z Dalsland-Ed m\u00ed\u0159\u00edme k hranic\u00edm regionu V\u00e4stra G\u00f6taland a na chvili\u010dku se zdr\u017e\u00edme zhruba 40 km od m\u011bsta Karlstad.<\/p>\n\n\n\n<p>Dneska budeme toti\u017e&nbsp;<a href=\"http:\/\/bluesberrywoods.com\/\"><strong>sp\u00e1t v dom\u011b na strom\u011b v Blueberry Woods.&nbsp;<\/strong><\/a>Blueberry woods&nbsp;&nbsp;je rostouc\u00ed komunita boh\u00e9m\u016f, kdy Nizozemec Denis a jeho souputnice Ayet koupili pozemek u lesa a za\u010dali stav\u011bt r\u016fzn\u00e1 staven\u00ed \u2013&nbsp;<strong>domek na strom\u011b, domky z p\u0159\u00edrodn\u00edch materi\u00e1l\u016f, um\u011bleck\u00fd ateli\u00e9r, sprchu oblo\u017eenou mechem<\/strong>&nbsp;a kav\u00e1rnu pod \u0161ir\u00fdm nebem.<\/p>\n\n\n\n<p>Dobrovoln\u00edk\u016fm z Workaway se tady tak l\u00edb\u00ed, \u017ee se jedna z nich, mlad\u00e1 N\u011bmka, se vr\u00e1tila a stav\u00ed s majitelem Denisem&nbsp;<em>sv\u016fj d\u016fm<\/em>. Domem rozum\u011bjte staven\u00ed z hl\u00edny, mechu a d\u0159eva uprost\u0159ed \u0161v\u00e9dsk\u00fdch les\u016f.<\/p>\n\n\n\n<figure class=\"wp-block-image size-full\"><img loading=\"lazy\" decoding=\"async\" width=\"1920\" height=\"2560\" src=\"https:\/\/tynavesvedsku.com\/wp-content\/uploads\/2023\/01\/20200617_151722-scaled.jpg\" alt=\"\" class=\"wp-image-521\" srcset=\"https:\/\/tynavesvedsku.com\/wp-content\/uploads\/2023\/01\/20200617_151722-scaled.jpg 1920w, https:\/\/tynavesvedsku.com\/wp-content\/uploads\/2023\/01\/20200617_151722-225x300.jpg 225w, https:\/\/tynavesvedsku.com\/wp-content\/uploads\/2023\/01\/20200617_151722-768x1024.jpg 768w, https:\/\/tynavesvedsku.com\/wp-content\/uploads\/2023\/01\/20200617_151722-1152x1536.jpg 1152w, https:\/\/tynavesvedsku.com\/wp-content\/uploads\/2023\/01\/20200617_151722-1536x2048.jpg 1536w\" sizes=\"auto, (max-width: 1920px) 100vw, 1920px\" \/><figcaption class=\"wp-element-caption\">Bluesberry Woods.<\/figcaption><\/figure>\n\n\n\n<p>Nad\u0161en\u00ed a simplicita \u017eivotn\u00edho stylu n\u00e1s nadchne. Fascinuje n\u00e1s odvaha stavitel\u016f. Z\u00e1rove\u0148 \u2013 p\u0159iznejme si \u2013 n\u00e1m to ale hlava nebere, \u017ee n\u011bkdo bydl\u00ed takto mimo syst\u00e9m, v lese. A zam\u011bstn\u00e1v\u00e1 se stav\u011bn\u00edm p\u0159\u00edrodn\u00edch dome\u010dk\u016f a mechov\u00e9 zahrady, stav\u011bn\u00edm sprch z mech a tes\u00e1n\u00edm \u0161achovnice do kamene. Co si nelze neuv\u011bdomit na m\u00edst\u011b jako Bluesberry woods je,&nbsp;<strong>\u017ee na\u0161e \u017eivoty jsou setrakramentsky hektick\u00e9, slo\u017eit\u00e9 a pln\u00e9 nesmysl\u016f a my jsme r\u00e1di, \u017ee jsme tady.<\/strong><\/p>\n\n\n\n<h3 class=\"wp-block-heading\">Barikadmuseum v Karlstad<\/h3>\n\n\n\n<p>Dlouho listuji jednou z bro\u017eurek o okol\u00ed, kter\u00e9 si nasysl\u00edm v ka\u017ed\u00e9m kempu, co by se dalo d\u011blat zaj\u00edmav\u00e9ho v Karlstad. Po t\u00fddnu na kr\u00e1sn\u00e9m pob\u0159e\u017e\u00ed m\u011b nic nedok\u00e1\u017ee nadchnout.<\/p>\n\n\n\n<p>Nakonec se rozhodneme nav\u0161t\u00edvit&nbsp;<strong>muzeum studen\u00e9 v\u00e1lky a vojenstv\u00ed&nbsp;<a href=\"https:\/\/www.brigadmuseum.se\/\" target=\"_blank\" rel=\"noreferrer noopener\">Barikadmuseum<\/a><\/strong>, ze kter\u00e9ho se vyklube jedno z nejzaj\u00edmav\u011bj\u0161\u00edch muze\u00ed za posledn\u00ed dobu. Interaktivn\u00ed muzeum n\u00e1s pln\u011b pohlt\u00ed a dv\u011b hodinky jsou pry\u010d jako nic. Nad k\u00e1vou a dortem v muzejn\u00ed kav\u00e1rn\u011b<strong>&nbsp;kouk\u00e1me na r\u016f\u017eov\u00fd tank Davida \u010cern\u00e9ho a malou v\u00fdstavi\u010dku k Sametov\u00e9 revoluci.<\/strong><\/p>\n\n\n\n<h3 class=\"wp-block-heading\">Mariestad-Ekudden<\/h3>\n\n\n\n<p>Z Karlstad m\u00ed\u0159\u00edme do Mariestad, m\u011bsta na pob\u0159e\u017e\u00ed jezera V\u00e4nern. Jezero V\u00e4nern je&nbsp;<strong>nejv\u011bt\u0161\u00ed evropsk\u00e9 jezero<\/strong>&nbsp;hned po n\u011bjak\u00e9m v Rusku a m\u00e1 rozlohu jako Jiho\u010desk\u00fd kraj. Jezero m\u00e1&nbsp;<strong>spoustu unik\u00e1tn\u00edch souostrov\u00ed<\/strong>&nbsp;(<em>archipelago<\/em>), a to v\u010detn\u011b&nbsp;<strong>n\u00e1rodn\u00edho parku Djur\u00f6<\/strong>, kter\u00fd je v\u0161ak z Mariestad p\u0159\u00edstupn\u00fd pouze soukromou nebo vlastn\u00ed lod\u00ed, jeliko\u017e se nach\u00e1z\u00ed 15 km od nejbli\u017e\u0161\u00ed pevniny.<\/p>\n\n\n\n<p>V Mariestad mus\u00edme&nbsp;<strong>p\u0159e\u017e\u00edt oslavu Slunovratu,<\/strong>&nbsp;jednu z nejv\u011bt\u0161\u00edch ud\u00e1lost\u00ed roku, kdy \u0160v\u00e9di tancuj\u00ed okolo m\u00e1jky a slav\u00ed, \u017ee u\u017e zase nadch\u00e1z\u00ed ta polovina roku, kdy bude ve \u0160v\u00e9dsku tma jako z pytle.<\/p>\n\n\n\n<p>Velk\u00fd kemp je pln\u00fd lid\u00ed, ale tak\u00e9 odpov\u00eddaj\u00edc\u00edho&nbsp;<strong>mno\u017estv\u00ed kom\u00e1r\u016f a po\u0159\u00e1dn\u00fdch velik\u00fdch zrzav\u00fdch lesn\u00edch mravenc\u016f.<\/strong>&nbsp;My nejsme p\u0159\u00edli\u0161 nad\u0161eni z kempu v oble\u017een\u00ed lid\u00ed a mravenci nejsou nad\u0161eni pro zm\u011bnu z na\u0161\u00ed p\u0159\u00edtomnosti. A tak mi p\u0159i nevinn\u00e9m odsko\u010den\u00ed v lese zalezou pod oble\u010den\u00ed a odnesu si jich do stanu hned deset. A tak se mi dostane z\u00e1kladn\u00ed lekce v podob\u011b v\u00fd\u017eivn\u00fdch kousanc\u016f na h\u00fd\u017edi a&nbsp; zu\u0159iv\u00e9ho odhazov\u00e1n\u00ed v\u0161eho oble\u010den\u00ed \u2013<strong>&nbsp;odsko\u010dit si mimo toalety se ve \u0160v\u00e9dsku fakt nevypl\u00e1c\u00ed.<\/strong><\/p>\n\n\n<div class=\"wp-block-image\">\n<figure class=\"aligncenter\" id=\"attachment_44502\"><img decoding=\"async\" src=\"https:\/\/mladiinfo.cz\/\/wp-content\/uploads\/2020\/07\/IMG_20200618_201314-300x225.jpg\" alt=\"Svedsko stanovani Krist\u00fdna Wagnerov\u00e1\" class=\"wp-image-44502\"\/><figcaption class=\"wp-element-caption\"><em>Mariestad \u2013 Ekkuden. <\/em><\/figcaption><\/figure>\n<\/div>\n\n\n<h3 class=\"wp-block-heading\">Qvarnstensgruvan Lung\u00e5s<\/h3>\n\n\n\n<p><em>(d\u016fl, kde se p\u0159ed dv\u011bst\u011b lety dolovaly ml\u00fdnsk\u00e9 kameny na mlet\u00ed mouky)<\/em><\/p>\n\n\n\n<p>Krom\u011b povalov\u00e1n\u00ed u vody v Mariestad podnikneme tak\u00e9 jeden vzd\u011bl\u00e1v\u00e1c\u00ed v\u00fdlet do dol\u016f&nbsp;<a href=\"http:\/\/qvarnstensgruvan.se\/wp\/\" target=\"_blank\" rel=\"noreferrer noopener\">Qvarnstensgruvan<\/a>&nbsp;v Lung\u00e5s. Pr\u016fvodce n\u00e1m p\u0159ibl\u00ed\u017e\u00ed, jak chud\u00e1ci zam\u011bstnanci dolovali kameny na mlet\u00ed mouky a n\u011bco o geologick\u00e9m slo\u017een\u00ed krajiny. Slovn\u00ed z\u00e1sobu k dolov\u00e1n\u00ed a tes\u00e1n\u00ed ml\u00fdnsk\u00fdch kamen\u016f a otisky trilobit\u016f na st\u011bn\u011b p\u0159i \u00fastupu mo\u0159e miliony let zp\u00e1tky s n\u00e1mi na kurzech \u0161v\u00e9d\u0161tiny&nbsp;<strong>bohu\u017eel neproz\u00edrav\u011b p\u0159esko\u010dili<\/strong>, ale dr\u017e\u00edme se zuby nehty.<\/p>\n\n\n\n<p>Po pobytu v Mariestad usoud\u00edme, \u017ee m\u00e1me lid\u00ed a civilizace zase na chv\u00edli dost a rozhodneme se&nbsp;<strong>uniknout do divo\u010diny,<\/strong>&nbsp;a to do n\u00e1rodn\u00edho parku Tiveden.<\/p>\n\n\n\n<h3 class=\"wp-block-heading\">N\u00e1rodn\u00ed park Tiveden<\/h3>\n\n\n\n<p>V n\u00e1rodn\u00edm parku bydl\u00edme v kempu&nbsp;<a href=\"https:\/\/www.tiveden.se\/bo\/camping\/\" target=\"_blank\" rel=\"noreferrer noopener\">Tiveden Camping<\/a>, kter\u00fd vedou dva sv\u00e9r\u00e1zn\u00ed Nizozemci. Prvn\u00ed den se rozhodneme absolvovat<strong>&nbsp;15 km dlouhou tra\u0165 k\u00e1noj\u00ed vedouc\u00ed n\u00e1rodn\u00edm parkem<\/strong>&nbsp;<em>(kanotleden)<\/em>, ale to n\u00e1m p\u0159ekaz\u00ed d\u00e9\u0161\u0165 a tak str\u00e1v\u00edme 8 hodin vytrval\u00e9ho de\u0161t\u011b vypr\u00e1v\u011bn\u00edm holandsk\u00e9ho ta\u0165ky v kempov\u00e9 kuchyni o tom, jak jsou Nizozemci posedl\u00ed pen\u011bzi a soused by bez v\u00e1h\u00e1n\u00ed prodal v\u00e1\u0161 d\u016fm, kdy\u017e si odsko\u010d\u00edte do m\u011bsta.<\/p>\n\n\n<div class=\"wp-block-image\">\n<figure class=\"aligncenter\" id=\"attachment_44503\"><img decoding=\"async\" src=\"https:\/\/mladiinfo.cz\/\/wp-content\/uploads\/2020\/07\/IMG_20200624_120401-300x225.jpg\" alt=\"\" class=\"wp-image-44503\"\/><\/figure>\n<\/div>\n\n\n<h3 class=\"wp-block-heading\">V\u00fdlet k\u00e1noj\u00ed n\u00e1rodn\u00edm parkem Tiveden<\/h3>\n\n\n\n<p>Ka\u017edop\u00e1dn\u011b dal\u0161\u00ed den n\u00e1m slunce p\u0159eje a my vyr\u00e1\u017e\u00edme na lod\u011b na jezero Udden. &nbsp;V&nbsp;kempu<strong>&nbsp;za slu\u0161nou cenu p\u016fj\u010duj\u00ed vybaven\u00ed<\/strong>, odvezou n\u00e1s i ostatn\u00ed dobrodruhy autem na m\u00edsto a jen na n\u00e1s je dostat se zp\u00e1tky, kde v kempu lo\u010f vr\u00e1t\u00edme.<\/p>\n\n\n\n<p><strong>P\u0159\u00edroda okolo je n\u00e1dhern\u00e1<\/strong>, sice nevid\u00edme slibovan\u00e9 losy, medv\u011bdy, bobry ani vlky, kte\u0159\u00ed se v&nbsp;okol\u00ed vyskytuj\u00ed, ale&nbsp;<strong>v\u00fdhledy n\u00e1m sta\u010d\u00ed<\/strong>. Dlu\u017eno \u0159\u00edci, \u017ee posledn\u00edch p\u00e1r kilometr\u016f po jeze\u0159e, kdy se v\u016fbec nebl\u00ed\u017e\u00edme konci, u\u017e na\u0161e nad\u0161en\u00ed kles\u00e1, i tak je&nbsp;<em>kanotleden<\/em>&nbsp;jedine\u010dn\u00fd z\u00e1\u017eitek, a tak u\u017e hled\u00e1me, jestli okolo G\u00f6teborgu jde zopakovat n\u011bco podobn\u00e9ho.<\/p>\n\n\n\n<p>Spoiler: Jde,&nbsp;<em>archipelago<\/em>&nbsp;je na vodn\u00ed sporty jako stvo\u0159en\u00e9 a za m\u011bstem m\u00e1me dokonce n\u00e1\u0161 mal\u00fd Tiveden, kde se d\u00e1 na k\u00e1noji podob\u011b projet&nbsp;<a href=\"https:\/\/www.goteborg.com\/en\/vattlefjall\/\" target=\"_blank\" rel=\"noreferrer noopener\">p\u0159\u00edrodn\u00ed rezervace V\u00e4ttjefj\u00e4ll<\/a>).<\/p>\n\n\n<div class=\"wp-block-image\">\n<figure class=\"aligncenter\" id=\"attachment_44505\"><img decoding=\"async\" src=\"https:\/\/mladiinfo.cz\/\/wp-content\/uploads\/2020\/07\/IMG_20200623_122004-300x225.jpg\" alt=\"\" class=\"wp-image-44505\"\/><\/figure>\n<\/div>\n\n\n<h3 class=\"wp-block-heading\">Karlsborg: Dj\u00e4knesundet a Forsvik<\/h3>\n\n\n\n<p>Je\u0161t\u011b p\u0159ed odjezdem stihneme proch\u00e1zku v n\u00e1rodn\u00edm parku Tiveden a p\u00e1r self\u00ed\u010dek. Cestou se nezapomeneme smo\u010dit v&nbsp;<a href=\"https:\/\/www.vastsverige.com\/karlsborg\/vatternochsjolivet\/artiklar\/ombooar\/\" target=\"_blank\" rel=\"noreferrer noopener\">Dj\u00e4knesundet<\/a>, kter\u00fd je na p\u016fl cesty mezi Tiveden a Karlsborg, ale p\u0159ipom\u00edn\u00e1&nbsp;<strong>sp\u00ed\u0161e p\u00edse\u010dnou pl\u00e1\u017e v Chorvatsku.<\/strong><\/p>\n\n\n<div class=\"wp-block-image\">\n<figure class=\"aligncenter\" id=\"attachment_44506\"><img decoding=\"async\" src=\"https:\/\/mladiinfo.cz\/\/wp-content\/uploads\/2020\/07\/IMG_20200624_141144-300x225.jpg\" alt=\"\" class=\"wp-image-44506\"\/><\/figure>\n<\/div>\n\n\n<p>U\u017e n\u00e1m zbyla jen&nbsp;<strong>p\u016flka okurky a dva suchary<\/strong>, a tak je \u010das vyrazit do civilizace a ulovit v supermarketu n\u011bjak\u00e9 j\u00eddlo. P\u0159esouv\u00e1me se do&nbsp;<a href=\"https:\/\/www.vastsverige.com\/karlsborg\/\" target=\"_blank\" rel=\"noreferrer noopener\">Karlsborg<\/a>, m\u011bsta pojmenovan\u00e9m po&nbsp;<strong>masivn\u00ed pevnosti<\/strong>. Po cest\u011b se zastav\u00edme na obe\u010f&nbsp;<strong>u skanzenu<\/strong>&nbsp;<a href=\"https:\/\/www.vastsverige.com\/en\/karlsborg\/forsvik---eng\/\" target=\"_blank\" rel=\"noreferrer noopener\">Forsvik<\/a>&nbsp;a pozorujeme plavbu lodi a zdvih\u00e1n\u00ed stavidel a most\u016f na&nbsp;<a href=\"https:\/\/www.gotakanal.se\/en\/\" target=\"_blank\" rel=\"noreferrer noopener\">G\u00f6ta kanal<\/a>, 190 km dlouh\u00e9m kan\u00e1lu a z\u00e1rove\u0148 jednom z nejvet\u0161\u00edch stavebn\u00edch projekt\u016f ve \u0161v\u00e9dsk\u00e9 historii.<\/p>\n\n\n\n<p>Po n\u00e1v\u0161t\u011bv\u011b&nbsp;<a href=\"https:\/\/www.vastsverige.com\/karlsborg\/\" target=\"_blank\" rel=\"noreferrer noopener\">Karlsborg<\/a>&nbsp;u\u017e n\u00e1m zb\u00fdv\u00e1 jen p\u00e1r dn\u00ed svobody. My m\u00e1me vzhledem k teplot\u00e1m atakuj\u00edc\u00edm t\u0159ic\u00edtku jedin\u00fd c\u00edl: chceme se koupat a odpo\u010d\u00edvat a mus\u00edme se z\u00e1rove\u0148 posunout bl\u00ed\u017ee k domovu, G\u00f6teborg.<\/p>\n\n\n\n<h3 class=\"wp-block-heading\">K\u00e5lland\u00f6 a z\u00e1mek L\u00e4ck\u00f6 sl\u00f6tt<\/h3>\n\n\n\n<p>Volba padne na v\u00fdb\u011b\u017eek pevniny do jezera V\u00e4nern, oblast&nbsp;<a href=\"https:\/\/www.vastsverige.com\/en\/lacko-kinnekulle\/produkter\/lacko-slott\/\" target=\"_blank\" rel=\"noreferrer noopener\">K\u00e5lland\u00f6.<\/a>&nbsp;Kempujeme s v\u00fdhledem na z\u00e1mek&nbsp;<a href=\"https:\/\/www.vastsverige.com\/en\/lacko-kinnekulle\/produkter\/lacko-slott\/\" target=\"_blank\" rel=\"noreferrer noopener\">L\u00e4ck\u00f6 sl\u00f6tt<\/a>&nbsp;zhruba 20 km od m\u011bsta Lidk\u00f6ping. Krom\u011b v\u00fdhledu na z\u00e1mek je kousek od kempu luxusn\u00ed restaurace, kav\u00e1rna, muzeum Naturum a hlavn\u011b: pl\u00e1\u017e a na \u0161v\u00e9dsk\u00e9 pom\u011bry tepl\u00e1 voda.<\/p>\n\n\n<div class=\"wp-block-image\">\n<figure class=\"aligncenter\" id=\"attachment_44507\"><img decoding=\"async\" src=\"https:\/\/mladiinfo.cz\/\/wp-content\/uploads\/2020\/07\/IMG_20200626_094141-300x225.jpg\" alt=\"\" class=\"wp-image-44507\"\/><figcaption class=\"wp-element-caption\"><em>Spiken.<\/em>&nbsp;<\/figcaption><\/figure>\n<\/div>\n\n\n<h3 class=\"wp-block-heading\">Ryb\u00e1\u0159sk\u00e1 vesnice Spiken<\/h3>\n\n\n\n<p>Posledn\u00ed den na\u0161eho v\u00fdletu a cel\u00e1 z\u00e1soba j\u00eddla se skl\u00e1d\u00e1 z t\u00e9 sam\u00e9 okurky, kterou si v aut\u011b vezeme u\u017e od n\u00e1rodn\u00edho parku a ze dvou suchar\u016f z G\u00f6teborgu. Mil\u00fd mi \u0159ekne, \u017ee&nbsp;<strong>okurku sn\u00ed jen v p\u0159\u00edpad\u011b, \u017ee zavol\u00e1m babi\u010dce<\/strong>&nbsp;a \u0159eknu j\u00ed, \u010d\u00edm ho tady krm\u00edm.<\/p>\n\n\n\n<p>Jeliko\u017e na tohle nem\u00e1m odvahu,&nbsp;tak se rozhodneme podniknout kulin\u00e1\u0159sk\u00fd n\u00e1jezd na&nbsp;<a href=\"http:\/\/www.spiken.se\/\" target=\"_blank\" rel=\"noreferrer noopener\">ryb\u00e1\u0159skou vesnici Spiken<\/a>, kter\u00e1 je zhruba 2 km od kempu. Jeliko\u017e \u0161v\u00e9dskou specialitu \u2013 uzen\u00e9ho lososa s bramborov\u00fdm sal\u00e1tem \u2013 jsme u\u017e m\u011bli, poob\u011bdv\u00e1me \u0161tiku pe\u010denou v alobalu,&nbsp;<strong>lovenou v jeze\u0159e p\u011bt metr\u016f od n\u00e1s.<\/strong><\/p>\n\n\n\n<p>Spiken je&nbsp;<strong>na prvn\u00ed pohled p\u00e1r \u010derven\u00fdch d\u0159ev\u011bn\u00fdch dome\u010dk\u016f<\/strong>, obchod se suven\u00fdry a n\u011bkolik ud\u00edren. Jedn\u00e1 se v\u0161ak o&nbsp;<strong>nejv\u011bt\u0161\u00ed p\u0159\u00edstav v Evrop\u011b na jeze\u0159e&nbsp;<\/strong>(ve \u0161v\u00e9d\u0161tin\u011b tomu \u0159\u00edkaj\u00ed vnitrojezern\u00ed p\u0159\u00edstav). Ve Spiken p\u016fsob\u00ed des\u00edtka ryb\u00e1\u0159\u016f z celkem 50 ryb\u00e1\u0159\u016f z povol\u00e1n\u00ed na tomto jezeru. Ryby, kter\u00e9 zde ryb\u00e1\u0159i nachytaj\u00ed \u010d\u00e1ste\u010dn\u011b prodaj\u00ed na m\u00edst\u011b, zbytek putuje do ryb\u00ed aukce do G\u00f6teborgu.<\/p>\n\n\n<div class=\"wp-block-image\">\n<figure class=\"aligncenter\" id=\"attachment_44508\"><img decoding=\"async\" src=\"https:\/\/mladiinfo.cz\/\/wp-content\/uploads\/2020\/07\/IMG_20200626_103720-300x225.jpg\" alt=\"\" class=\"wp-image-44508\"\/><figcaption class=\"wp-element-caption\"><em>Spiken. <\/em><\/figcaption><\/figure>\n<\/div>\n\n\n<h3 class=\"wp-block-heading\">N\u00e1vrat do G\u00f6teborgu<\/h3>\n\n\n\n<p>Dovolen\u00e1 ve \u0160v\u00e9dsku. U\u017e n\u00e1m nezb\u00fdv\u00e1 ne\u017e se rozlou\u010dit se v\u0161emi mravenci a kom\u00e1ry a vr\u00e1tit se zp\u00e1tky do civilizace. Z nouzov\u00e9 destinace ve \u0160v\u00e9dsku se vyklubala jedine\u010dn\u00e1 p\u0159\u00edle\u017eitost, jak objevit n\u00e1\u0161 region.<\/p>\n\n\n\n<p>N\u00e1\u0161 z\u00e1v\u011br je jasn\u00fd:&nbsp;<strong>chceme vid\u011bt v\u00edc<\/strong>. U\u017e te\u010f je jasn\u00e9, \u017ee se n\u00e1m bude t\u011b\u017eko pl\u00e1novat jin\u00e1 zahrani\u010dn\u00ed destinace, kdy\u017e je toho ve \u0160v\u00e9dsku tolik objevovat.&nbsp;<\/p>\n\n\n\n<p><\/p>\n","protected":false},"excerpt":{"rendered":"<p>Jak se ve \u0160v\u00e9dsku kempuje? Co se d\u00e1 vid\u011bt a d\u011blat? Nejlep\u0161\u00ed destinace pro roadtrip [&hellip;]<\/p>\n","protected":false},"author":1,"featured_media":517,"comment_status":"closed","ping_status":"closed","sticky":false,"template":"","format":"standard","meta":{"_monsterinsights_skip_tracking":false,"_monsterinsights_sitenote_active":false,"_monsterinsights_sitenote_note":"","_monsterinsights_sitenote_category":0,"_jetpack_memberships_contains_paid_content":false,"footnotes":"","jetpack_publicize_message":"","jetpack_publicize_feature_enabled":true,"jetpack_social_post_already_shared":false,"jetpack_social_options":{"image_generator_settings":{"template":"highway","default_image_id":0,"font":"","enabled":false},"version":2}},"categories":[39],"tags":[6,43,27,42],"class_list":["post-516","post","type-post","status-publish","format-standard","has-post-thumbnail","hentry","category-cestovani-po-svedsku","tag-cestovani","tag-kampovani","tag-svedsko","tag-zapadni-svedsko"],"yoast_head":"<!-- This site is optimized with the Yoast SEO plugin v27.5 - https:\/\/yoast.com\/product\/yoast-seo-wordpress\/ -->\n<title>Dovolen\u00e1 na z\u00e1padn\u00edm pob\u0159e\u017e\u00ed - M\u016fj \u017eivot ve \u0160v\u00e9dsku<\/title>\n<meta name=\"description\" content=\"Jak se ve \u0160v\u00e9dsku kempuje? Co se d\u00e1 vid\u011bt a d\u011blat? Nejlep\u0161\u00ed destinace pro roadtrip v z\u00e1padn\u00edm \u0160v\u00e9dsku. Dovolen\u00e1 ve \u0160v\u00e9dsku.\" \/>\n<meta name=\"robots\" content=\"index, follow, max-snippet:-1, max-image-preview:large, max-video-preview:-1\" \/>\n<link rel=\"canonical\" href=\"https:\/\/tynavesvedsku.com\/index.php\/2023\/01\/07\/dovolena-na-zapadnim-pobrezi\/\" \/>\n<meta property=\"og:locale\" content=\"cs_CZ\" \/>\n<meta property=\"og:type\" content=\"article\" \/>\n<meta property=\"og:title\" content=\"Dovolen\u00e1 na z\u00e1padn\u00edm pob\u0159e\u017e\u00ed - M\u016fj \u017eivot ve \u0160v\u00e9dsku\" \/>\n<meta property=\"og:description\" content=\"Jak se ve \u0160v\u00e9dsku kempuje? Co se d\u00e1 vid\u011bt a d\u011blat? Nejlep\u0161\u00ed destinace pro roadtrip v z\u00e1padn\u00edm \u0160v\u00e9dsku. Dovolen\u00e1 ve \u0160v\u00e9dsku.\" \/>\n<meta property=\"og:url\" content=\"https:\/\/tynavesvedsku.com\/index.php\/2023\/01\/07\/dovolena-na-zapadnim-pobrezi\/\" \/>\n<meta property=\"og:site_name\" content=\"M\u016fj \u017eivot ve \u0160v\u00e9dsku\" \/>\n<meta property=\"article:published_time\" content=\"2023-01-07T10:58:00+00:00\" \/>\n<meta property=\"article:modified_time\" content=\"2023-08-14T17:30:25+00:00\" \/>\n<meta property=\"og:image\" content=\"https:\/\/tynavesvedsku.com\/wp-content\/uploads\/2023\/01\/IMG_20190714_095235-scaled.jpg\" \/>\n\t<meta property=\"og:image:width\" content=\"2560\" \/>\n\t<meta property=\"og:image:height\" content=\"1920\" \/>\n\t<meta property=\"og:image:type\" content=\"image\/jpeg\" \/>\n<meta name=\"author\" content=\"tyna\" \/>\n<meta name=\"twitter:card\" content=\"summary_large_image\" \/>\n<meta name=\"twitter:label1\" content=\"Napsal(a)\" \/>\n\t<meta name=\"twitter:data1\" content=\"tyna\" \/>\n\t<meta name=\"twitter:label2\" content=\"Odhadovan\u00e1 doba \u010dten\u00ed\" \/>\n\t<meta name=\"twitter:data2\" content=\"14 minut\" \/>\n<script type=\"application\/ld+json\" class=\"yoast-schema-graph\">{\"@context\":\"https:\\\/\\\/schema.org\",\"@graph\":[{\"@type\":\"Article\",\"@id\":\"https:\\\/\\\/tynavesvedsku.com\\\/index.php\\\/2023\\\/01\\\/07\\\/dovolena-na-zapadnim-pobrezi\\\/#article\",\"isPartOf\":{\"@id\":\"https:\\\/\\\/tynavesvedsku.com\\\/index.php\\\/2023\\\/01\\\/07\\\/dovolena-na-zapadnim-pobrezi\\\/\"},\"author\":{\"name\":\"tyna\",\"@id\":\"https:\\\/\\\/tynavesvedsku.com\\\/#\\\/schema\\\/person\\\/911bb2cdceaf0b9d4c7d56be12f730ec\"},\"headline\":\"Dovolen\u00e1 na z\u00e1padn\u00edm pob\u0159e\u017e\u00ed\",\"datePublished\":\"2023-01-07T10:58:00+00:00\",\"dateModified\":\"2023-08-14T17:30:25+00:00\",\"mainEntityOfPage\":{\"@id\":\"https:\\\/\\\/tynavesvedsku.com\\\/index.php\\\/2023\\\/01\\\/07\\\/dovolena-na-zapadnim-pobrezi\\\/\"},\"wordCount\":2881,\"image\":{\"@id\":\"https:\\\/\\\/tynavesvedsku.com\\\/index.php\\\/2023\\\/01\\\/07\\\/dovolena-na-zapadnim-pobrezi\\\/#primaryimage\"},\"thumbnailUrl\":\"https:\\\/\\\/tynavesvedsku.com\\\/wp-content\\\/uploads\\\/2023\\\/01\\\/IMG_20190714_095235-scaled.jpg\",\"keywords\":[\"Cestov\u00e1n\u00ed\",\"kampov\u00e1n\u00ed\",\"\u0160v\u00e9dsko\",\"Z\u00e1padn\u00ed \u0160v\u00e9dsko\"],\"articleSection\":[\"Cestov\u00e1n\u00ed po \u0160v\u00e9dsku\"],\"inLanguage\":\"cs\"},{\"@type\":\"WebPage\",\"@id\":\"https:\\\/\\\/tynavesvedsku.com\\\/index.php\\\/2023\\\/01\\\/07\\\/dovolena-na-zapadnim-pobrezi\\\/\",\"url\":\"https:\\\/\\\/tynavesvedsku.com\\\/index.php\\\/2023\\\/01\\\/07\\\/dovolena-na-zapadnim-pobrezi\\\/\",\"name\":\"Dovolen\u00e1 na z\u00e1padn\u00edm pob\u0159e\u017e\u00ed - M\u016fj \u017eivot ve \u0160v\u00e9dsku\",\"isPartOf\":{\"@id\":\"https:\\\/\\\/tynavesvedsku.com\\\/#website\"},\"primaryImageOfPage\":{\"@id\":\"https:\\\/\\\/tynavesvedsku.com\\\/index.php\\\/2023\\\/01\\\/07\\\/dovolena-na-zapadnim-pobrezi\\\/#primaryimage\"},\"image\":{\"@id\":\"https:\\\/\\\/tynavesvedsku.com\\\/index.php\\\/2023\\\/01\\\/07\\\/dovolena-na-zapadnim-pobrezi\\\/#primaryimage\"},\"thumbnailUrl\":\"https:\\\/\\\/tynavesvedsku.com\\\/wp-content\\\/uploads\\\/2023\\\/01\\\/IMG_20190714_095235-scaled.jpg\",\"datePublished\":\"2023-01-07T10:58:00+00:00\",\"dateModified\":\"2023-08-14T17:30:25+00:00\",\"author\":{\"@id\":\"https:\\\/\\\/tynavesvedsku.com\\\/#\\\/schema\\\/person\\\/911bb2cdceaf0b9d4c7d56be12f730ec\"},\"description\":\"Jak se ve \u0160v\u00e9dsku kempuje? Co se d\u00e1 vid\u011bt a d\u011blat? Nejlep\u0161\u00ed destinace pro roadtrip v z\u00e1padn\u00edm \u0160v\u00e9dsku. Dovolen\u00e1 ve \u0160v\u00e9dsku.\",\"breadcrumb\":{\"@id\":\"https:\\\/\\\/tynavesvedsku.com\\\/index.php\\\/2023\\\/01\\\/07\\\/dovolena-na-zapadnim-pobrezi\\\/#breadcrumb\"},\"inLanguage\":\"cs\",\"potentialAction\":[{\"@type\":\"ReadAction\",\"target\":[\"https:\\\/\\\/tynavesvedsku.com\\\/index.php\\\/2023\\\/01\\\/07\\\/dovolena-na-zapadnim-pobrezi\\\/\"]}]},{\"@type\":\"ImageObject\",\"inLanguage\":\"cs\",\"@id\":\"https:\\\/\\\/tynavesvedsku.com\\\/index.php\\\/2023\\\/01\\\/07\\\/dovolena-na-zapadnim-pobrezi\\\/#primaryimage\",\"url\":\"https:\\\/\\\/tynavesvedsku.com\\\/wp-content\\\/uploads\\\/2023\\\/01\\\/IMG_20190714_095235-scaled.jpg\",\"contentUrl\":\"https:\\\/\\\/tynavesvedsku.com\\\/wp-content\\\/uploads\\\/2023\\\/01\\\/IMG_20190714_095235-scaled.jpg\",\"width\":2560,\"height\":1920},{\"@type\":\"BreadcrumbList\",\"@id\":\"https:\\\/\\\/tynavesvedsku.com\\\/index.php\\\/2023\\\/01\\\/07\\\/dovolena-na-zapadnim-pobrezi\\\/#breadcrumb\",\"itemListElement\":[{\"@type\":\"ListItem\",\"position\":1,\"name\":\"Home\",\"item\":\"https:\\\/\\\/tynavesvedsku.com\\\/\"},{\"@type\":\"ListItem\",\"position\":2,\"name\":\"Dovolen\u00e1 na z\u00e1padn\u00edm pob\u0159e\u017e\u00ed\"}]},{\"@type\":\"WebSite\",\"@id\":\"https:\\\/\\\/tynavesvedsku.com\\\/#website\",\"url\":\"https:\\\/\\\/tynavesvedsku.com\\\/\",\"name\":\"M\u016fj \u017eivot ve \u0160v\u00e9dsku\",\"description\":\"Blog o \u0161v\u00e9d\u0161tin\u011b, cestov\u00e1n\u00ed a \u017eivot\u011b ve \u0160v\u00e9dsku\",\"potentialAction\":[{\"@type\":\"SearchAction\",\"target\":{\"@type\":\"EntryPoint\",\"urlTemplate\":\"https:\\\/\\\/tynavesvedsku.com\\\/?s={search_term_string}\"},\"query-input\":{\"@type\":\"PropertyValueSpecification\",\"valueRequired\":true,\"valueName\":\"search_term_string\"}}],\"inLanguage\":\"cs\"},{\"@type\":\"Person\",\"@id\":\"https:\\\/\\\/tynavesvedsku.com\\\/#\\\/schema\\\/person\\\/911bb2cdceaf0b9d4c7d56be12f730ec\",\"name\":\"tyna\",\"image\":{\"@type\":\"ImageObject\",\"inLanguage\":\"cs\",\"@id\":\"https:\\\/\\\/secure.gravatar.com\\\/avatar\\\/04410c153f8418bab509dfe23b92b5c8343e18b5be3958974c7b7f00fdb9b863?s=96&d=mm&r=g\",\"url\":\"https:\\\/\\\/secure.gravatar.com\\\/avatar\\\/04410c153f8418bab509dfe23b92b5c8343e18b5be3958974c7b7f00fdb9b863?s=96&d=mm&r=g\",\"contentUrl\":\"https:\\\/\\\/secure.gravatar.com\\\/avatar\\\/04410c153f8418bab509dfe23b92b5c8343e18b5be3958974c7b7f00fdb9b863?s=96&d=mm&r=g\",\"caption\":\"tyna\"},\"sameAs\":[\"http:\\\/\\\/tynavesvedsku.com\"],\"url\":\"https:\\\/\\\/tynavesvedsku.com\\\/index.php\\\/author\\\/tyna\\\/\"}]}<\/script>\n<!-- \/ Yoast SEO plugin. -->","yoast_head_json":{"title":"Dovolen\u00e1 na z\u00e1padn\u00edm pob\u0159e\u017e\u00ed - M\u016fj \u017eivot ve \u0160v\u00e9dsku","description":"Jak se ve \u0160v\u00e9dsku kempuje? Co se d\u00e1 vid\u011bt a d\u011blat? Nejlep\u0161\u00ed destinace pro roadtrip v z\u00e1padn\u00edm \u0160v\u00e9dsku. Dovolen\u00e1 ve \u0160v\u00e9dsku.","robots":{"index":"index","follow":"follow","max-snippet":"max-snippet:-1","max-image-preview":"max-image-preview:large","max-video-preview":"max-video-preview:-1"},"canonical":"https:\/\/tynavesvedsku.com\/index.php\/2023\/01\/07\/dovolena-na-zapadnim-pobrezi\/","og_locale":"cs_CZ","og_type":"article","og_title":"Dovolen\u00e1 na z\u00e1padn\u00edm pob\u0159e\u017e\u00ed - M\u016fj \u017eivot ve \u0160v\u00e9dsku","og_description":"Jak se ve \u0160v\u00e9dsku kempuje? Co se d\u00e1 vid\u011bt a d\u011blat? Nejlep\u0161\u00ed destinace pro roadtrip v z\u00e1padn\u00edm \u0160v\u00e9dsku. Dovolen\u00e1 ve \u0160v\u00e9dsku.","og_url":"https:\/\/tynavesvedsku.com\/index.php\/2023\/01\/07\/dovolena-na-zapadnim-pobrezi\/","og_site_name":"M\u016fj \u017eivot ve \u0160v\u00e9dsku","article_published_time":"2023-01-07T10:58:00+00:00","article_modified_time":"2023-08-14T17:30:25+00:00","og_image":[{"width":2560,"height":1920,"url":"https:\/\/tynavesvedsku.com\/wp-content\/uploads\/2023\/01\/IMG_20190714_095235-scaled.jpg","type":"image\/jpeg"}],"author":"tyna","twitter_card":"summary_large_image","twitter_misc":{"Napsal(a)":"tyna","Odhadovan\u00e1 doba \u010dten\u00ed":"14 minut"},"schema":{"@context":"https:\/\/schema.org","@graph":[{"@type":"Article","@id":"https:\/\/tynavesvedsku.com\/index.php\/2023\/01\/07\/dovolena-na-zapadnim-pobrezi\/#article","isPartOf":{"@id":"https:\/\/tynavesvedsku.com\/index.php\/2023\/01\/07\/dovolena-na-zapadnim-pobrezi\/"},"author":{"name":"tyna","@id":"https:\/\/tynavesvedsku.com\/#\/schema\/person\/911bb2cdceaf0b9d4c7d56be12f730ec"},"headline":"Dovolen\u00e1 na z\u00e1padn\u00edm pob\u0159e\u017e\u00ed","datePublished":"2023-01-07T10:58:00+00:00","dateModified":"2023-08-14T17:30:25+00:00","mainEntityOfPage":{"@id":"https:\/\/tynavesvedsku.com\/index.php\/2023\/01\/07\/dovolena-na-zapadnim-pobrezi\/"},"wordCount":2881,"image":{"@id":"https:\/\/tynavesvedsku.com\/index.php\/2023\/01\/07\/dovolena-na-zapadnim-pobrezi\/#primaryimage"},"thumbnailUrl":"https:\/\/tynavesvedsku.com\/wp-content\/uploads\/2023\/01\/IMG_20190714_095235-scaled.jpg","keywords":["Cestov\u00e1n\u00ed","kampov\u00e1n\u00ed","\u0160v\u00e9dsko","Z\u00e1padn\u00ed \u0160v\u00e9dsko"],"articleSection":["Cestov\u00e1n\u00ed po \u0160v\u00e9dsku"],"inLanguage":"cs"},{"@type":"WebPage","@id":"https:\/\/tynavesvedsku.com\/index.php\/2023\/01\/07\/dovolena-na-zapadnim-pobrezi\/","url":"https:\/\/tynavesvedsku.com\/index.php\/2023\/01\/07\/dovolena-na-zapadnim-pobrezi\/","name":"Dovolen\u00e1 na z\u00e1padn\u00edm pob\u0159e\u017e\u00ed - M\u016fj \u017eivot ve \u0160v\u00e9dsku","isPartOf":{"@id":"https:\/\/tynavesvedsku.com\/#website"},"primaryImageOfPage":{"@id":"https:\/\/tynavesvedsku.com\/index.php\/2023\/01\/07\/dovolena-na-zapadnim-pobrezi\/#primaryimage"},"image":{"@id":"https:\/\/tynavesvedsku.com\/index.php\/2023\/01\/07\/dovolena-na-zapadnim-pobrezi\/#primaryimage"},"thumbnailUrl":"https:\/\/tynavesvedsku.com\/wp-content\/uploads\/2023\/01\/IMG_20190714_095235-scaled.jpg","datePublished":"2023-01-07T10:58:00+00:00","dateModified":"2023-08-14T17:30:25+00:00","author":{"@id":"https:\/\/tynavesvedsku.com\/#\/schema\/person\/911bb2cdceaf0b9d4c7d56be12f730ec"},"description":"Jak se ve \u0160v\u00e9dsku kempuje? Co se d\u00e1 vid\u011bt a d\u011blat? Nejlep\u0161\u00ed destinace pro roadtrip v z\u00e1padn\u00edm \u0160v\u00e9dsku. Dovolen\u00e1 ve \u0160v\u00e9dsku.","breadcrumb":{"@id":"https:\/\/tynavesvedsku.com\/index.php\/2023\/01\/07\/dovolena-na-zapadnim-pobrezi\/#breadcrumb"},"inLanguage":"cs","potentialAction":[{"@type":"ReadAction","target":["https:\/\/tynavesvedsku.com\/index.php\/2023\/01\/07\/dovolena-na-zapadnim-pobrezi\/"]}]},{"@type":"ImageObject","inLanguage":"cs","@id":"https:\/\/tynavesvedsku.com\/index.php\/2023\/01\/07\/dovolena-na-zapadnim-pobrezi\/#primaryimage","url":"https:\/\/tynavesvedsku.com\/wp-content\/uploads\/2023\/01\/IMG_20190714_095235-scaled.jpg","contentUrl":"https:\/\/tynavesvedsku.com\/wp-content\/uploads\/2023\/01\/IMG_20190714_095235-scaled.jpg","width":2560,"height":1920},{"@type":"BreadcrumbList","@id":"https:\/\/tynavesvedsku.com\/index.php\/2023\/01\/07\/dovolena-na-zapadnim-pobrezi\/#breadcrumb","itemListElement":[{"@type":"ListItem","position":1,"name":"Home","item":"https:\/\/tynavesvedsku.com\/"},{"@type":"ListItem","position":2,"name":"Dovolen\u00e1 na z\u00e1padn\u00edm pob\u0159e\u017e\u00ed"}]},{"@type":"WebSite","@id":"https:\/\/tynavesvedsku.com\/#website","url":"https:\/\/tynavesvedsku.com\/","name":"M\u016fj \u017eivot ve \u0160v\u00e9dsku","description":"Blog o \u0161v\u00e9d\u0161tin\u011b, cestov\u00e1n\u00ed a \u017eivot\u011b ve \u0160v\u00e9dsku","potentialAction":[{"@type":"SearchAction","target":{"@type":"EntryPoint","urlTemplate":"https:\/\/tynavesvedsku.com\/?s={search_term_string}"},"query-input":{"@type":"PropertyValueSpecification","valueRequired":true,"valueName":"search_term_string"}}],"inLanguage":"cs"},{"@type":"Person","@id":"https:\/\/tynavesvedsku.com\/#\/schema\/person\/911bb2cdceaf0b9d4c7d56be12f730ec","name":"tyna","image":{"@type":"ImageObject","inLanguage":"cs","@id":"https:\/\/secure.gravatar.com\/avatar\/04410c153f8418bab509dfe23b92b5c8343e18b5be3958974c7b7f00fdb9b863?s=96&d=mm&r=g","url":"https:\/\/secure.gravatar.com\/avatar\/04410c153f8418bab509dfe23b92b5c8343e18b5be3958974c7b7f00fdb9b863?s=96&d=mm&r=g","contentUrl":"https:\/\/secure.gravatar.com\/avatar\/04410c153f8418bab509dfe23b92b5c8343e18b5be3958974c7b7f00fdb9b863?s=96&d=mm&r=g","caption":"tyna"},"sameAs":["http:\/\/tynavesvedsku.com"],"url":"https:\/\/tynavesvedsku.com\/index.php\/author\/tyna\/"}]}},"jetpack_publicize_connections":[],"jetpack_featured_media_url":"https:\/\/tynavesvedsku.com\/wp-content\/uploads\/2023\/01\/IMG_20190714_095235-scaled.jpg","jetpack_sharing_enabled":true,"_links":{"self":[{"href":"https:\/\/tynavesvedsku.com\/index.php\/wp-json\/wp\/v2\/posts\/516","targetHints":{"allow":["GET"]}}],"collection":[{"href":"https:\/\/tynavesvedsku.com\/index.php\/wp-json\/wp\/v2\/posts"}],"about":[{"href":"https:\/\/tynavesvedsku.com\/index.php\/wp-json\/wp\/v2\/types\/post"}],"author":[{"embeddable":true,"href":"https:\/\/tynavesvedsku.com\/index.php\/wp-json\/wp\/v2\/users\/1"}],"replies":[{"embeddable":true,"href":"https:\/\/tynavesvedsku.com\/index.php\/wp-json\/wp\/v2\/comments?post=516"}],"version-history":[{"count":5,"href":"https:\/\/tynavesvedsku.com\/index.php\/wp-json\/wp\/v2\/posts\/516\/revisions"}],"predecessor-version":[{"id":572,"href":"https:\/\/tynavesvedsku.com\/index.php\/wp-json\/wp\/v2\/posts\/516\/revisions\/572"}],"wp:featuredmedia":[{"embeddable":true,"href":"https:\/\/tynavesvedsku.com\/index.php\/wp-json\/wp\/v2\/media\/517"}],"wp:attachment":[{"href":"https:\/\/tynavesvedsku.com\/index.php\/wp-json\/wp\/v2\/media?parent=516"}],"wp:term":[{"taxonomy":"category","embeddable":true,"href":"https:\/\/tynavesvedsku.com\/index.php\/wp-json\/wp\/v2\/categories?post=516"},{"taxonomy":"post_tag","embeddable":true,"href":"https:\/\/tynavesvedsku.com\/index.php\/wp-json\/wp\/v2\/tags?post=516"}],"curies":[{"name":"wp","href":"https:\/\/api.w.org\/{rel}","templated":true}]}}